{"id":19427,"date":"2025-07-08T13:52:24","date_gmt":"2025-07-08T16:52:24","guid":{"rendered":"https:\/\/vimagazine.com.br\/?p=19427"},"modified":"2025-07-08T13:53:14","modified_gmt":"2025-07-08T16:53:14","slug":"julliana-cunha-brilha-na-nova-campanha-da-colecao-seducao-de-guilherme-tavares","status":"publish","type":"post","link":"https:\/\/vimagazine.com.br\/?p=19427","title":{"rendered":"Julliana Cunha Brilha na Nova Campanha da Cole\u00e7\u00e3o &#8220;Sedu\u00e7\u00e3o&#8221; de Guilherme Tavares"},"content":{"rendered":"\n<p><br><\/p>\n\n\n\n<p>\u00cdcone de eleg\u00e2ncia e pot\u00eancia empreendedora, <strong>Julliana Cunha<\/strong> \u00e9 o novo rosto da cole\u00e7\u00e3o <strong>&#8220;Sedu\u00e7\u00e3o&#8221;<\/strong>, assinada pelo estilista <strong>Guilherme Tavares<\/strong>, que apresenta sua mais recente aposta no pr\u00eat-\u00e0-porter de luxo. A campanha marca o encontro entre duas refer\u00eancias de sofistica\u00e7\u00e3o, traduzindo com exatid\u00e3o o esp\u00edrito da nova linha: feminina, audaciosa e irresistivelmente contempor\u00e2nea.<\/p>\n\n\n\n<p>Com cortes precisos, tecidos nobres e uma paleta marcada por tons intensos, <strong>&#8220;Sedu\u00e7\u00e3o&#8221;<\/strong> prop\u00f5e um di\u00e1logo entre o cl\u00e1ssico e o provocante. As pe\u00e7as revelam uma mulher confiante, que abra\u00e7a sua sensualidade com atitude e eleg\u00e2ncia \u2014 caracter\u00edsticas incorporadas com naturalidade por Julliana Cunha.<\/p>\n\n\n\n<p>Fotografada em cen\u00e1rios de est\u00e9tica minimalista e imponente, a campanha coloca a modelo em evid\u00eancia absoluta, destacando sua versatilidade como \u00edcone de estilo e sua sintonia com o universo da alta sofistica\u00e7\u00e3o.<\/p>\n\n\n\n<blockquote class=\"wp-block-quote\"><p>\u201c<strong>Julliana representa a ess\u00eancia da mulher desta cole\u00e7\u00e3o: determinada, elegante e irresistivelmente aut\u00eantica<\/strong>\u201d, afirma Guilherme Tavares.<\/p><\/blockquote>\n\n\n\n<p>A campanha tamb\u00e9m inaugura uma promissora parceria criativa entre o estilista e a modelo, que deve se estender a novos projetos envolvendo moda, imagem e branding ao longo dos pr\u00f3ximos meses.<\/p>\n","protected":false},"excerpt":{"rendered":"<p>\u00cdcone de eleg\u00e2ncia e pot\u00eancia empreendedora, Julliana Cunha \u00e9 o novo rosto da cole\u00e7\u00e3o &#8220;Sedu\u00e7\u00e3o&#8221;,&#8230;<\/p>\n","protected":false},"author":1,"featured_media":19428,"comment_status":"closed","ping_status":"open","sticky":false,"template":"","format":"standard","meta":{"om_disable_all_campaigns":false,"_monsterinsights_skip_tracking":false,"_monsterinsights_sitenote_active":false,"_monsterinsights_sitenote_note":"","_monsterinsights_sitenote_category":0,"spay_email":""},"categories":[27],"tags":[],"jetpack_featured_media_url":"https:\/\/vimagazine.com.br\/wp-content\/uploads\/2025\/07\/WhatsApp-Image-2025-07-07-at-17.09.25.jpeg","_links":{"self":[{"href":"https:\/\/vimagazine.com.br\/index.php?rest_route=\/wp\/v2\/posts\/19427"}],"collection":[{"href":"https:\/\/vimagazine.com.br\/index.php?rest_route=\/wp\/v2\/posts"}],"about":[{"href":"https:\/\/vimagazine.com.br\/index.php?rest_route=\/wp\/v2\/types\/post"}],"author":[{"embeddable":true,"href":"https:\/\/vimagazine.com.br\/index.php?rest_route=\/wp\/v2\/users\/1"}],"replies":[{"embeddable":true,"href":"https:\/\/vimagazine.com.br\/index.php?rest_route=%2Fwp%2Fv2%2Fcomments&post=19427"}],"version-history":[{"count":2,"href":"https:\/\/vimagazine.com.br\/index.php?rest_route=\/wp\/v2\/posts\/19427\/revisions"}],"predecessor-version":[{"id":19430,"href":"https:\/\/vimagazine.com.br\/index.php?rest_route=\/wp\/v2\/posts\/19427\/revisions\/19430"}],"wp:featuredmedia":[{"embeddable":true,"href":"https:\/\/vimagazine.com.br\/index.php?rest_route=\/wp\/v2\/media\/19428"}],"wp:attachment":[{"href":"https:\/\/vimagazine.com.br\/index.php?rest_route=%2Fwp%2Fv2%2Fmedia&parent=19427"}],"wp:term":[{"taxonomy":"category","embeddable":true,"href":"https:\/\/vimagazine.com.br\/index.php?rest_route=%2Fwp%2Fv2%2Fcategories&post=19427"},{"taxonomy":"post_tag","embeddable":true,"href":"https:\/\/vimagazine.com.br\/index.php?rest_route=%2Fwp%2Fv2%2Ftags&post=19427"}],"curies":[{"name":"wp","href":"https:\/\/api.w.org\/{rel}","templated":true}]}}