{"id":19445,"date":"2025-07-09T10:49:51","date_gmt":"2025-07-09T13:49:51","guid":{"rendered":"https:\/\/vimagazine.com.br\/?p=19445"},"modified":"2025-07-09T10:49:52","modified_gmt":"2025-07-09T13:49:52","slug":"helisul-participa-do-5o-conaer-e-reforca-lideranca-nacional-em-operacoes-aeromedicas","status":"publish","type":"post","link":"https:\/\/vimagazine.com.br\/?p=19445","title":{"rendered":"Helisul participa do 5\u00ba CONAER e refor\u00e7a lideran\u00e7a nacional em opera\u00e7\u00f5es aerom\u00e9dicas"},"content":{"rendered":"\n<p><\/p>\n\n\n\n<p><\/p>\n\n\n\n<p class=\"has-text-align-center\"><em><strong>Com mais de 10 anos de experi\u00eancia no setor aerom\u00e9dico, a Helisul ir\u00e1 apresentar solu\u00e7\u00f5es estrat\u00e9gicas para \u00f3rg\u00e3os p\u00fablicos, empresas e operadores de sa\u00fade<\/strong><\/em><br><br><\/p>\n\n\n\n<p>Nos dias 10 e 11 de julho, a cidade de Vit\u00f3ria (ES) recebe o 5\u00ba Congresso Aerom\u00e9dico (CONAER), principal evento do setor no Brasil. A Helisul Avia\u00e7\u00e3o, refer\u00eancia nacional em opera\u00e7\u00f5es aerom\u00e9dicas, marcar\u00e1 presen\u00e7a no congresso com estande pr\u00f3prio e palestra.<\/p>\n\n\n\n<p>Com mais de 22 mil pacientes transportados e mais de uma d\u00e9cada de experi\u00eancia em miss\u00f5es cr\u00edticas, a Helisul apresentar\u00e1 ao p\u00fablico especializado suas solu\u00e7\u00f5es completas de transporte aerom\u00e9dico, destacando diferenciais operacionais, t\u00e9cnicos e humanos que fazem da empresa uma parceira estrat\u00e9gica para \u00f3rg\u00e3os p\u00fablicos, operadores de sa\u00fade e gestores de pol\u00edticas p\u00fablicas.<\/p>\n\n\n\n<p>Entre os destaques da programa\u00e7\u00e3o est\u00e1 a palestra do comandante Marcelo Guerrante, diretor de Opera\u00e7\u00f5es da Helisul, que abordar\u00e1 o tema \u201cErros vis\u00edveis, causas invis\u00edveis: por que continuamos corrigindo pessoas e n\u00e3o o contexto?\u201d. A apresenta\u00e7\u00e3o prop\u00f5e uma reflex\u00e3o sobre os fatores sist\u00eamicos envolvidos em incidentes operacionais e a import\u00e2ncia de solu\u00e7\u00f5es estruturais para a seguran\u00e7a em avia\u00e7\u00e3o aerom\u00e9dica.<\/p>\n\n\n\n<p>Al\u00e9m da palestra, o estande da Helisul vai expor os servi\u00e7os e a estrutura da empresa que \u00e9 composta por aeronaves certificadas como UTI A\u00e9rea Tipo E, equipamentos modernos de suporte \u00e0 vida, integra\u00e7\u00e3o com ambul\u00e2ncias terrestres e um Centro de Controle Operacional (CCO) com monitoramento em tempo real (24\/7).&nbsp;<\/p>\n\n\n\n<p>\u201cCom 99% de disponibilidade operacional e tempo m\u00e9dio de resposta de 27 minutos em atendimentos por helic\u00f3ptero, dentro da chamada&nbsp;<em>Golden Hour,<\/em>&nbsp;a Helisul se destaca pela agilidade e tecnologia, priorizando a seguran\u00e7a operacional e do paciente\u201d, diz o superintendente operacional da Helisul, Bruno Biesuz.<\/p>\n\n\n\n<p>A Helisul atua com diferentes modelos operacionais de servi\u00e7o aerom\u00e9dico, que v\u00e3o desde o fornecimento completo de aeronaves e equipes m\u00e9dicas at\u00e9 formatos mais flex\u00edveis, como a loca\u00e7\u00e3o de aeronaves configuradas para atendimento, adaptando-se \u00e0s demandas espec\u00edficas de institui\u00e7\u00f5es p\u00fablicas e privadas. A empresa tamb\u00e9m fornece treinamento especializado para atendimento e transporte aerom\u00e9dico.<\/p>\n\n\n\n<p><strong>Sobre o Servi\u00e7o Aerom\u00e9dico da Helisul<\/strong><\/p>\n\n\n\n<p>Criado em 2012, o servi\u00e7o aerom\u00e9dico da Helisul \u00e9 o maior do Brasil. J\u00e1 atendeu mais de 2 mil pacientes pedi\u00e1tricos e realizou procedimentos de alta complexidade, como transfus\u00e3o de sangue no local do acidente. A opera\u00e7\u00e3o \u00e9 conduzida por profissionais altamente treinados, com certifica\u00e7\u00f5es nacionais e internacionais (ANAC, ANVISA, ICAO, ISBAO), e respaldada por oficinas pr\u00f3prias certificadas pela ANAC, Airbus Helicopters e Safran, garantindo alto padr\u00e3o de manuten\u00e7\u00e3o e seguran\u00e7a.<\/p>\n\n\n\n<p><strong>Helisul realiza treinamento aerom\u00e9dico no Equador<\/strong><\/p>\n\n\n\n<p>Nos dias 1\u00ba e 2 de julho, os colaboradores da Helisul Felipe Novak, m\u00e9dico gerente do setor aerom\u00e9dico, e Marcio Weinhardt, enfermeiro supervisor, estiveram no Equador para ministrar um treinamento de evacua\u00e7\u00e3o aerom\u00e9dica na regi\u00e3o de Fruta del Norte, \u00e1rea de atua\u00e7\u00e3o da mineradora canadense Lundin Gold, contratante da Ecocopter, que integra o Helisul Group.&nbsp;<\/p>\n\n\n\n<p>\u201cA miss\u00e3o envolveu uma jornada complexa at\u00e9 a cidade de Yantzaza, onde foi realizado o treinamento te\u00f3rico e pr\u00e1tico, com participa\u00e7\u00e3o de m\u00e9dicos, param\u00e9dicos e lideran\u00e7as operacionais\u201d, explica Felipe Novak.&nbsp;<\/p>\n\n\n\n<p>O superintendente da Lundin Gold, Jos\u00e9 Ronaldo Luiz, destaca a abordagem inovadora e o alto padr\u00e3o da capacita\u00e7\u00e3o. \u201cO n\u00edvel de profissionalismo demonstrado pela equipe da Helisul foi excepcional. A clareza das explica\u00e7\u00f5es, o rigor t\u00e9cnico e o enfoque pr\u00e1tico permitiram que todos os participantes adquirissem conhecimentos e habilidades fundamentais para uma resposta r\u00e1pida e eficaz em situa\u00e7\u00f5es de emerg\u00eancia, tanto em voo quanto em terra\u201d.<\/p>\n\n\n\n<p>A atividade faz parte das exig\u00eancias para renova\u00e7\u00e3o do contrato anual da Ecocopter Equador, que atualmente opera dois helic\u00f3pteros B3 para transporte de carga externa em ambiente de selva, com alto risco de acidentes e condi\u00e7\u00f5es clim\u00e1ticas adversas.<\/p>\n\n\n\n<p><\/p>\n\n\n\n<p class=\"has-medium-font-size\"><strong><br>5\u00ba Congresso Aerom\u00e9dico (CONAER)<\/strong><\/p>\n\n\n\n<p><strong>Data:<\/strong>\u00a010 e 11 de julho de 2025<br><strong>Local:<\/strong>\u00a0ASSOMES, Av. Dante Michelini, 1275 \u2013 Jardim da Penha, Vit\u00f3ria\/ES<br><strong>Hor\u00e1rio:<\/strong>\u00a08h \u00e0s 18h<br><strong>Mais informa\u00e7\u00f5es:<\/strong><a href=\"https:\/\/conaer.com.br\/\" target=\"_blank\" rel=\"noreferrer noopener\">\u00a0site oficial do CONAER<\/a><\/p>\n","protected":false},"excerpt":{"rendered":"<p>Com mais de 10 anos de experi\u00eancia no setor aerom\u00e9dico, a Helisul ir\u00e1 apresentar solu\u00e7\u00f5es&#8230;<\/p>\n","protected":false},"author":1,"featured_media":19446,"comment_status":"closed","ping_status":"open","sticky":false,"template":"","format":"standard","meta":{"om_disable_all_campaigns":false,"_monsterinsights_skip_tracking":false,"_monsterinsights_sitenote_active":false,"_monsterinsights_sitenote_note":"","_monsterinsights_sitenote_category":0,"spay_email":""},"categories":[27],"tags":[],"jetpack_featured_media_url":"https:\/\/vimagazine.com.br\/wp-content\/uploads\/2025\/07\/Treinamento-aeromedico-Helisul.jpg","_links":{"self":[{"href":"https:\/\/vimagazine.com.br\/index.php?rest_route=\/wp\/v2\/posts\/19445"}],"collection":[{"href":"https:\/\/vimagazine.com.br\/index.php?rest_route=\/wp\/v2\/posts"}],"about":[{"href":"https:\/\/vimagazine.com.br\/index.php?rest_route=\/wp\/v2\/types\/post"}],"author":[{"embeddable":true,"href":"https:\/\/vimagazine.com.br\/index.php?rest_route=\/wp\/v2\/users\/1"}],"replies":[{"embeddable":true,"href":"https:\/\/vimagazine.com.br\/index.php?rest_route=%2Fwp%2Fv2%2Fcomments&post=19445"}],"version-history":[{"count":1,"href":"https:\/\/vimagazine.com.br\/index.php?rest_route=\/wp\/v2\/posts\/19445\/revisions"}],"predecessor-version":[{"id":19447,"href":"https:\/\/vimagazine.com.br\/index.php?rest_route=\/wp\/v2\/posts\/19445\/revisions\/19447"}],"wp:featuredmedia":[{"embeddable":true,"href":"https:\/\/vimagazine.com.br\/index.php?rest_route=\/wp\/v2\/media\/19446"}],"wp:attachment":[{"href":"https:\/\/vimagazine.com.br\/index.php?rest_route=%2Fwp%2Fv2%2Fmedia&parent=19445"}],"wp:term":[{"taxonomy":"category","embeddable":true,"href":"https:\/\/vimagazine.com.br\/index.php?rest_route=%2Fwp%2Fv2%2Fcategories&post=19445"},{"taxonomy":"post_tag","embeddable":true,"href":"https:\/\/vimagazine.com.br\/index.php?rest_route=%2Fwp%2Fv2%2Ftags&post=19445"}],"curies":[{"name":"wp","href":"https:\/\/api.w.org\/{rel}","templated":true}]}}