{"id":19448,"date":"2025-07-09T10:57:48","date_gmt":"2025-07-09T13:57:48","guid":{"rendered":"https:\/\/vimagazine.com.br\/?p=19448"},"modified":"2025-07-09T10:57:49","modified_gmt":"2025-07-09T13:57:49","slug":"james-blunt-faz-show-historico-no-terra-sp-e-celebra-20-anos-de-back-to-bedlam-em-unica-apresentacao-no-brasil","status":"publish","type":"post","link":"https:\/\/vimagazine.com.br\/?p=19448","title":{"rendered":"<strong>James Blunt faz show hist\u00f3rico no Terra SP e celebra 20 anos de &#8220;Back to Bedlam&#8221; em \u00fanica apresenta\u00e7\u00e3o no Brasil<\/strong>"},"content":{"rendered":"\n<p><\/p>\n\n\n\n<p><\/p>\n\n\n\n<p class=\"has-text-align-center\"><strong><em>Com ingressos esgotados, duas horas de espet\u00e1culo e casa vibrando, o Terra SP refor\u00e7a sua posi\u00e7\u00e3o como um dos grandes palcos da m\u00fasica ao vivo em S\u00e3o Paulo.<\/em><\/strong><\/p>\n\n\n\n<p><\/p>\n\n\n\n<p>o&nbsp;<strong>Terra SP<\/strong>&nbsp;viveu uma de suas noites mais emocionantes ao receber, com exclusividade, o&nbsp;<strong>\u00fanico show de James Blunt no Brasil<\/strong>.&nbsp;O cantor e compositor brit\u00e2nico encantou o p\u00fablico com uma apresenta\u00e7\u00e3o intimista, arrebatadora e profundamente conectada com os f\u00e3s, em celebra\u00e7\u00e3o aos 20 anos do \u00e1lbum &#8220;Back to Bedlam&#8221;, lan\u00e7ado em 2004.<\/p>\n\n\n\n<p>Durante&nbsp;<strong>duas horas de show<\/strong>, Blunt interpretou na \u00edntegra o disco que o projetou internacionalmente, incluindo sucessos atemporais como&nbsp;<strong>&#8220;You&#8217;re Beautiful&#8221;<\/strong>,&nbsp;<strong>&#8220;Goodbye My Lover&#8221;<\/strong>,&nbsp;<strong>&#8220;High&#8221;<\/strong>&nbsp;e&nbsp;<strong>&#8220;Wisemen&#8221;<\/strong>. O repert\u00f3rio seguiu com grandes momentos de sua trajet\u00f3ria, como&nbsp;<strong>&#8220;1973&#8221;<\/strong>,&nbsp;<strong>&#8220;Bonfire Heart&#8221;<\/strong>,&nbsp;<strong>&#8220;Stay the Night&#8221;<\/strong>&nbsp;e&nbsp;<strong>&#8220;Monsters&#8221;<\/strong>, al\u00e9m de faixas do \u00e1lbum mais recente,&nbsp;<strong>&#8220;Who We Used To Be&#8221;<\/strong>&nbsp;(2023).<\/p>\n\n\n\n<p>Com ingressos esgotados e plateia cantando em coro do in\u00edcio ao fim, o show foi marcado por uma atmosfera de rara sensibilidade, entrega e emo\u00e7\u00e3o, caracter\u00edsticas que v\u00eam definindo o posicionamento do Terra SP na cena cultural da cidade.<\/p>\n\n\n\n<p><\/p>\n\n\n\n<figure class=\"wp-container-2 wp-block-gallery-1 wp-block-gallery has-nested-images columns-2 is-cropped\">\n<figure class=\"wp-block-image size-large\"><img width=\"1280\" height=\"1920\" data-id=\"19449\"  src=\"https:\/\/vimagazine.com.br\/wp-content\/uploads\/2025\/07\/IMG_4526.jpg\" alt=\"\" class=\"wp-image-19449\" srcset=\"https:\/\/vimagazine.com.br\/wp-content\/uploads\/2025\/07\/IMG_4526.jpg 1280w, https:\/\/vimagazine.com.br\/wp-content\/uploads\/2025\/07\/IMG_4526-200x300.jpg 200w, https:\/\/vimagazine.com.br\/wp-content\/uploads\/2025\/07\/IMG_4526-683x1024.jpg 683w, https:\/\/vimagazine.com.br\/wp-content\/uploads\/2025\/07\/IMG_4526-768x1152.jpg 768w, https:\/\/vimagazine.com.br\/wp-content\/uploads\/2025\/07\/IMG_4526-1024x1536.jpg 1024w\" sizes=\"(max-width: 1280px) 100vw, 1280px\" \/><\/figure>\n\n\n\n<figure class=\"wp-block-image size-large\"><img width=\"1280\" height=\"1920\" data-id=\"19451\"  src=\"https:\/\/vimagazine.com.br\/wp-content\/uploads\/2025\/07\/IMG_4528.jpg\" alt=\"\" class=\"wp-image-19451\" srcset=\"https:\/\/vimagazine.com.br\/wp-content\/uploads\/2025\/07\/IMG_4528.jpg 1280w, https:\/\/vimagazine.com.br\/wp-content\/uploads\/2025\/07\/IMG_4528-200x300.jpg 200w, https:\/\/vimagazine.com.br\/wp-content\/uploads\/2025\/07\/IMG_4528-683x1024.jpg 683w, https:\/\/vimagazine.com.br\/wp-content\/uploads\/2025\/07\/IMG_4528-768x1152.jpg 768w, https:\/\/vimagazine.com.br\/wp-content\/uploads\/2025\/07\/IMG_4528-1024x1536.jpg 1024w\" sizes=\"(max-width: 1280px) 100vw, 1280px\" \/><\/figure>\n\n\n\n<figure class=\"wp-block-image size-large\"><img width=\"1920\" height=\"1280\" data-id=\"19450\"  src=\"https:\/\/vimagazine.com.br\/wp-content\/uploads\/2025\/07\/IMG_4523.jpg\" alt=\"\" class=\"wp-image-19450\" srcset=\"https:\/\/vimagazine.com.br\/wp-content\/uploads\/2025\/07\/IMG_4523.jpg 1920w, https:\/\/vimagazine.com.br\/wp-content\/uploads\/2025\/07\/IMG_4523-300x200.jpg 300w, https:\/\/vimagazine.com.br\/wp-content\/uploads\/2025\/07\/IMG_4523-1024x683.jpg 1024w, https:\/\/vimagazine.com.br\/wp-content\/uploads\/2025\/07\/IMG_4523-768x512.jpg 768w, https:\/\/vimagazine.com.br\/wp-content\/uploads\/2025\/07\/IMG_4523-1536x1024.jpg 1536w\" sizes=\"(max-width: 1920px) 100vw, 1920px\" \/><\/figure>\n<\/figure>\n\n\n\n<p><\/p>\n\n\n\n<p><\/p>\n\n\n\n<p><\/p>\n\n\n\n<p>Mais do que uma casa de shows, o&nbsp;Terra SP&nbsp;tem se consolidado como um espa\u00e7o vivo da m\u00fasica brasileira e internacional, acolhendo artistas de todos os ritmos, estilos e gera\u00e7\u00f5es com excel\u00eancia t\u00e9cnica, sensibilidade curatorial e estrutura de alto n\u00edvel. Cada apresenta\u00e7\u00e3o \u00e9 pensada para criar n\u00e3o apenas espet\u00e1culos, mas experi\u00eancias memor\u00e1veis, tanto para quem sobe ao palco quanto para quem est\u00e1 na plateia.<\/p>\n\n\n\n<p>A realiza\u00e7\u00e3o foi da Rider 2, com assinatura impec\u00e1vel em produ\u00e7\u00e3o, conforto e ambienta\u00e7\u00e3o, uma noite que ficar\u00e1 marcada na hist\u00f3ria da casa e nos cora\u00e7\u00f5es dos f\u00e3s.<\/p>\n","protected":false},"excerpt":{"rendered":"<p>Com ingressos esgotados, duas horas de espet\u00e1culo e casa vibrando, o Terra SP refor\u00e7a sua&#8230;<\/p>\n","protected":false},"author":1,"featured_media":19452,"comment_status":"closed","ping_status":"open","sticky":false,"template":"","format":"standard","meta":{"om_disable_all_campaigns":false,"_monsterinsights_skip_tracking":false,"_monsterinsights_sitenote_active":false,"_monsterinsights_sitenote_note":"","_monsterinsights_sitenote_category":0,"spay_email":""},"categories":[27],"tags":[],"jetpack_featured_media_url":"https:\/\/vimagazine.com.br\/wp-content\/uploads\/2025\/07\/IMG_4535.jpg","_links":{"self":[{"href":"https:\/\/vimagazine.com.br\/index.php?rest_route=\/wp\/v2\/posts\/19448"}],"collection":[{"href":"https:\/\/vimagazine.com.br\/index.php?rest_route=\/wp\/v2\/posts"}],"about":[{"href":"https:\/\/vimagazine.com.br\/index.php?rest_route=\/wp\/v2\/types\/post"}],"author":[{"embeddable":true,"href":"https:\/\/vimagazine.com.br\/index.php?rest_route=\/wp\/v2\/users\/1"}],"replies":[{"embeddable":true,"href":"https:\/\/vimagazine.com.br\/index.php?rest_route=%2Fwp%2Fv2%2Fcomments&post=19448"}],"version-history":[{"count":1,"href":"https:\/\/vimagazine.com.br\/index.php?rest_route=\/wp\/v2\/posts\/19448\/revisions"}],"predecessor-version":[{"id":19453,"href":"https:\/\/vimagazine.com.br\/index.php?rest_route=\/wp\/v2\/posts\/19448\/revisions\/19453"}],"wp:featuredmedia":[{"embeddable":true,"href":"https:\/\/vimagazine.com.br\/index.php?rest_route=\/wp\/v2\/media\/19452"}],"wp:attachment":[{"href":"https:\/\/vimagazine.com.br\/index.php?rest_route=%2Fwp%2Fv2%2Fmedia&parent=19448"}],"wp:term":[{"taxonomy":"category","embeddable":true,"href":"https:\/\/vimagazine.com.br\/index.php?rest_route=%2Fwp%2Fv2%2Fcategories&post=19448"},{"taxonomy":"post_tag","embeddable":true,"href":"https:\/\/vimagazine.com.br\/index.php?rest_route=%2Fwp%2Fv2%2Ftags&post=19448"}],"curies":[{"name":"wp","href":"https:\/\/api.w.org\/{rel}","templated":true}]}}