{"id":19461,"date":"2025-07-09T14:10:53","date_gmt":"2025-07-09T17:10:53","guid":{"rendered":"https:\/\/vimagazine.com.br\/?p=19461"},"modified":"2025-07-09T14:12:06","modified_gmt":"2025-07-09T17:12:06","slug":"festa-do-colono-de-joinville-cresce-e-tera-quatro-dias-de-celebracao-em-2025","status":"publish","type":"post","link":"https:\/\/vimagazine.com.br\/?p=19461","title":{"rendered":"Festa do Colono de Joinville cresce e ter\u00e1 quatro dias de celebra\u00e7\u00e3o em 2025"},"content":{"rendered":"\n<figure class=\"wp-block-image size-large\"><img width=\"1024\" height=\"682\" src=\"https:\/\/vimagazine.com.br\/wp-content\/uploads\/2025\/07\/WhatsApp-Image-2025-07-09-at-11.39.00-1024x682.jpeg\" alt=\"\" class=\"wp-image-19462\" srcset=\"https:\/\/vimagazine.com.br\/wp-content\/uploads\/2025\/07\/WhatsApp-Image-2025-07-09-at-11.39.00-1024x682.jpeg 1024w, https:\/\/vimagazine.com.br\/wp-content\/uploads\/2025\/07\/WhatsApp-Image-2025-07-09-at-11.39.00-300x200.jpeg 300w, https:\/\/vimagazine.com.br\/wp-content\/uploads\/2025\/07\/WhatsApp-Image-2025-07-09-at-11.39.00-768x512.jpeg 768w, https:\/\/vimagazine.com.br\/wp-content\/uploads\/2025\/07\/WhatsApp-Image-2025-07-09-at-11.39.00-1536x1023.jpeg 1536w, https:\/\/vimagazine.com.br\/wp-content\/uploads\/2025\/07\/WhatsApp-Image-2025-07-09-at-11.39.00.jpeg 1600w\" sizes=\"(max-width: 1024px) 100vw, 1024px\" \/><\/figure>\n\n\n\n<p><em>A festa acontecer\u00e1 de 17 a 20 de julho, na Sociedade Rio da Prata<\/em><\/p>\n\n\n\n<p>A tradicional Festa do Colono de Joinville chega \u00e0 sua 61\u00aa edi\u00e7\u00e3o com uma grande novidade: em 2025, o evento ter\u00e1 quatro dias de programa\u00e7\u00e3o. A amplia\u00e7\u00e3o reflete o sucesso das edi\u00e7\u00f5es anteriores e o crescente interesse do p\u00fablico pelas tradi\u00e7\u00f5es germ\u00e2nicas da cidade. A festa acontecer\u00e1 de 17 a 20 de julho, na Sociedade Rio da Prata, localizada na Rodovia SC 418 &#8211; km 7.<\/p>\n\n\n\n<p>Conhecida como a festa mais alem\u00e3 de Joinville, o evento re\u00fane gastronomia t\u00edpica, apresenta\u00e7\u00f5es folcl\u00f3ricas, bandas tradicionais, jogos germ\u00e2nicos, concurso da realeza, corrida da banana, feira de artesanato e produtos coloniais, al\u00e9m de bailes animados com grupos musicais locais e regionais.<\/p>\n\n\n\n<p>A programa\u00e7\u00e3o come\u00e7a na quinta-feira (17) com o tradicional caf\u00e9 colonial e bailes com as bandas Edelweiss e Sangue Latino, al\u00e9m da apresenta\u00e7\u00e3o do grupo folcl\u00f3rico Windm\u00fchle. Na sexta (18), o destaque fica por conta do cerimonial de abertura, apresenta\u00e7\u00f5es infantis, concurso da realeza mirim e show da Banda Mensagem.<\/p>\n\n\n\n<p>O s\u00e1bado (19) \u00e9 o dia mais intenso, com apresenta\u00e7\u00f5es culturais a partir das 11h, oficina de dan\u00e7a, competi\u00e7\u00e3o de tiro ao alvo e o concurso da realeza adulta. A noite termina com o baile da Banda Universit\u00e1ria. No domingo (20), a programa\u00e7\u00e3o come\u00e7a com a corrida da banana e o desfile comemorativo, seguido por almo\u00e7o t\u00edpico, domingueira musical e encerramento com colheita simb\u00f3lica.<\/p>\n\n\n\n<p>A Festa do Colono \u00e9 organizada pela Sociedade Rio da Prata, com apoio do Sicoob e da Prefeitura de Joinville. A expectativa \u00e9 reunir milhares de pessoas para celebrar a cultura e os costumes dos colonizadores alem\u00e3es que ajudaram a construir a hist\u00f3ria da cidade.<\/p>\n\n\n\n<p>Mais informa\u00e7\u00f5es est\u00e3o dispon\u00edveis no Instagram oficial do evento: @festadocolono_jlle.<\/p>\n\n\n\n<p>61\u00aa FESTA DO COLONO<\/p>\n\n\n\n<p>De 17 a 20 de julho de 2025<\/p>\n\n\n\n<p>Local: Sociedade Rio da Prata \u2013 Rodovia SC 418 &#8211; km 7 \u2013 Joinville\/SC<\/p>\n\n\n\n<p>Estacionamento: Valor de R$ 20,00 no s\u00e1bado e domingo<\/p>\n\n\n\n<p><strong>PROGRAMA\u00c7\u00c3O COMPLETA \u2013 61\u00aa FESTA DO COLONO<\/strong><\/p>\n\n\n\n<p>QUINTA-FEIRA \u2013 17\/07 &#8211; Valor&nbsp; R$ 25,00<\/p>\n\n\n\n<p>15h | Feira de artesanato e produtos coloniais<\/p>\n\n\n\n<p>15h | Caf\u00e9 Colonial com Baile da Terceira Idade<\/p>\n\n\n\n<p>15h30 | Baile com Banda Edelweiss<\/p>\n\n\n\n<p>19h30 | Baile com Sangue Latino e apresenta\u00e7\u00f5es do Grupo Folcl\u00f3rico Windm\u00fchle (Adulto)<\/p>\n\n\n\n<p><\/p>\n\n\n\n<p>SEXTA-FEIRA \u2013 18\/07 &#8211; Entrada Gratuita<\/p>\n\n\n\n<p>18h | Feira de artesanato e produtos coloniais<\/p>\n\n\n\n<p>18h | Schwarzauser (Sopa Preta) e Sopa Branca<\/p>\n\n\n\n<p>19h | Campeonato de Tiro ao Alvo<\/p>\n\n\n\n<p>19h30 | Cerimonial de Abertura<\/p>\n\n\n\n<p>20h | Concurso da Realeza Mirim<\/p>\n\n\n\n<p>21h | Apresenta\u00e7\u00e3o do Grupo Folcl\u00f3rico Pirabeiraba Sch\u00f6n (Infantil)<\/p>\n\n\n\n<p>21h30 | Coroa\u00e7\u00e3o da Realeza Mirim<\/p>\n\n\n\n<p>22h | Baile com Banda Mensagem<\/p>\n\n\n\n<p><\/p>\n\n\n\n<p>S\u00c1BADO \u2013 19\/07 Das 10h \u00e0s 16h: Programa\u00e7\u00e3o gratuita \/ Ap\u00f3s 19h: R$ 50,00 (1\u00ba lote) \u2013 Baile e concurso<\/p>\n\n\n\n<p>10h | Feira de artesanato e produtos coloniais<\/p>\n\n\n\n<p>11h | Almo\u00e7o t\u00edpico<\/p>\n\n\n\n<p>11h | Apresenta\u00e7\u00f5es infantis de dan\u00e7a folcl\u00f3rica<\/p>\n\n\n\n<p>12h | Baile com Banda Edelweiss<\/p>\n\n\n\n<p>13h | Oficina de Dan\u00e7a Folcl\u00f3rica<\/p>\n\n\n\n<p>14h | Apresenta\u00e7\u00e3o do Grupo Pirabeiraba Sch\u00f6n (Infantil)<\/p>\n\n\n\n<p>14h30 | Apresenta\u00e7\u00e3o dos dan\u00e7arinos da oficina<\/p>\n\n\n\n<p>16h | Apresenta\u00e7\u00f5es de Grupos Folcl\u00f3ricos<\/p>\n\n\n\n<p>20h | Concurso da Realeza<\/p>\n\n\n\n<p>21h | Premia\u00e7\u00e3o do Campeonato de Tiro ao Alvo<\/p>\n\n\n\n<p>21h15 | Estreia do Grupo Folcl\u00f3rico Pirabeiraba Sch\u00f6n (Adulto)<\/p>\n\n\n\n<p>21h45 | Coroa\u00e7\u00e3o da Realeza<\/p>\n\n\n\n<p>22h30 | Baile com Os Sonatas<\/p>\n\n\n\n<p>01h | Baile com Banda Universit\u00e1ria<\/p>\n\n\n\n<p><\/p>\n\n\n\n<p>DOMINGO \u2013 20\/07 &#8211; Ap\u00f3s 13h30: R$ 25,00 Baile<\/p>\n\n\n\n<p>10h | Corrida da Banana<\/p>\n\n\n\n<p>10h15 | Desfile Comemorativo<\/p>\n\n\n\n<p>11h | Apresenta\u00e7\u00f5es de Grupos Folcl\u00f3ricos<\/p>\n\n\n\n<p>11h | Almo\u00e7o t\u00edpico alem\u00e3o<\/p>\n\n\n\n<p>13h | Domingueira com J\u00f3ia Musical<\/p>\n\n\n\n<p>16h | Baile com Os Sonatas<\/p>\n\n\n\n<p>16h30 | Baile com Banda Universit\u00e1ria<\/p>\n\n\n\n<p>19h30 | Encerramento com colheita simb\u00f3lica<\/p>\n","protected":false},"excerpt":{"rendered":"<p>A festa acontecer\u00e1 de 17 a 20 de julho, na Sociedade Rio da Prata A&#8230;<\/p>\n","protected":false},"author":20,"featured_media":0,"comment_status":"closed","ping_status":"open","sticky":false,"template":"","format":"standard","meta":{"om_disable_all_campaigns":false,"_monsterinsights_skip_tracking":false,"_monsterinsights_sitenote_active":false,"_monsterinsights_sitenote_note":"","_monsterinsights_sitenote_category":0,"spay_email":""},"categories":[1],"tags":[],"jetpack_featured_media_url":"","_links":{"self":[{"href":"https:\/\/vimagazine.com.br\/index.php?rest_route=\/wp\/v2\/posts\/19461"}],"collection":[{"href":"https:\/\/vimagazine.com.br\/index.php?rest_route=\/wp\/v2\/posts"}],"about":[{"href":"https:\/\/vimagazine.com.br\/index.php?rest_route=\/wp\/v2\/types\/post"}],"author":[{"embeddable":true,"href":"https:\/\/vimagazine.com.br\/index.php?rest_route=\/wp\/v2\/users\/20"}],"replies":[{"embeddable":true,"href":"https:\/\/vimagazine.com.br\/index.php?rest_route=%2Fwp%2Fv2%2Fcomments&post=19461"}],"version-history":[{"count":2,"href":"https:\/\/vimagazine.com.br\/index.php?rest_route=\/wp\/v2\/posts\/19461\/revisions"}],"predecessor-version":[{"id":19464,"href":"https:\/\/vimagazine.com.br\/index.php?rest_route=\/wp\/v2\/posts\/19461\/revisions\/19464"}],"wp:attachment":[{"href":"https:\/\/vimagazine.com.br\/index.php?rest_route=%2Fwp%2Fv2%2Fmedia&parent=19461"}],"wp:term":[{"taxonomy":"category","embeddable":true,"href":"https:\/\/vimagazine.com.br\/index.php?rest_route=%2Fwp%2Fv2%2Fcategories&post=19461"},{"taxonomy":"post_tag","embeddable":true,"href":"https:\/\/vimagazine.com.br\/index.php?rest_route=%2Fwp%2Fv2%2Ftags&post=19461"}],"curies":[{"name":"wp","href":"https:\/\/api.w.org\/{rel}","templated":true}]}}