{"id":19480,"date":"2025-07-10T14:18:50","date_gmt":"2025-07-10T17:18:50","guid":{"rendered":"https:\/\/vimagazine.com.br\/?p=19480"},"modified":"2025-07-10T14:18:52","modified_gmt":"2025-07-10T17:18:52","slug":"igor-maues-interpreta-soldado-romano-polemico-em-nova-serie-da-record","status":"publish","type":"post","link":"https:\/\/vimagazine.com.br\/?p=19480","title":{"rendered":"Igor Mau\u00e9s interpreta soldado romano pol\u00eamico em nova s\u00e9rie da Record"},"content":{"rendered":"\n<p><br><\/p>\n\n\n\n<p>O ator Igor Mau\u00e9s retorna \u00e0 televis\u00e3o com um novo desafio: ele d\u00e1 vida ao controverso soldado romano Jano, na superprodu\u00e7\u00e3o <strong>&#8220;Paulo, o Ap\u00f3stolo&#8221;<\/strong>, s\u00e9rie b\u00edblica que estreou no \u00faltimo domingo (07\/07), \u00e0s 21h, na <strong>Record TV<\/strong> e tamb\u00e9m est\u00e1 dispon\u00edvel na plataforma <strong>Disney+<\/strong>.<\/p>\n\n\n\n<p>Conhecido por sua atua\u00e7\u00e3o nas 8\u00aa e 10\u00aa temporadas da novela <em>Reis<\/em>, onde interpretou o personagem Baraka, Mau\u00e9s agora assume um papel marcante e carregado de nuances. Seu novo personagem, <strong>Jano<\/strong>, \u00e9 descrito como debochado e cruel, envolvido diretamente nas injusti\u00e7as cometidas contra Paulo ao longo dos 50 epis\u00f3dios in\u00e9ditos da s\u00e9rie.<\/p>\n\n\n\n<p>Produzida pela <strong>Seriella<\/strong> e com dire\u00e7\u00e3o geral de <strong>Leo Miranda<\/strong>, a obra promete conquistar o p\u00fablico com grandes emo\u00e7\u00f5es e um elenco de peso.<\/p>\n\n\n\n<p><\/p>\n\n\n\n<p><\/p>\n\n\n\n<figure class=\"wp-container-2 wp-block-gallery-1 wp-block-gallery has-nested-images columns-default is-cropped\">\n<figure class=\"wp-block-image size-large\"><img width=\"800\" height=\"1000\" data-id=\"19481\"  src=\"https:\/\/vimagazine.com.br\/wp-content\/uploads\/2025\/07\/022Igor-Maues-copiar.jpg\" alt=\"\" class=\"wp-image-19481\" srcset=\"https:\/\/vimagazine.com.br\/wp-content\/uploads\/2025\/07\/022Igor-Maues-copiar.jpg 800w, https:\/\/vimagazine.com.br\/wp-content\/uploads\/2025\/07\/022Igor-Maues-copiar-240x300.jpg 240w, https:\/\/vimagazine.com.br\/wp-content\/uploads\/2025\/07\/022Igor-Maues-copiar-768x960.jpg 768w\" sizes=\"(max-width: 800px) 100vw, 800px\" \/><\/figure>\n\n\n\n<figure class=\"wp-block-image size-large\"><img width=\"1536\" height=\"1920\" data-id=\"19482\"  src=\"https:\/\/vimagazine.com.br\/wp-content\/uploads\/2025\/07\/IMG_04811.jpg\" alt=\"\" class=\"wp-image-19482\" srcset=\"https:\/\/vimagazine.com.br\/wp-content\/uploads\/2025\/07\/IMG_04811.jpg 1536w, https:\/\/vimagazine.com.br\/wp-content\/uploads\/2025\/07\/IMG_04811-240x300.jpg 240w, https:\/\/vimagazine.com.br\/wp-content\/uploads\/2025\/07\/IMG_04811-819x1024.jpg 819w, https:\/\/vimagazine.com.br\/wp-content\/uploads\/2025\/07\/IMG_04811-768x960.jpg 768w, https:\/\/vimagazine.com.br\/wp-content\/uploads\/2025\/07\/IMG_04811-1229x1536.jpg 1229w, https:\/\/vimagazine.com.br\/wp-content\/uploads\/2025\/07\/IMG_04811-1024x1280.jpg 1024w\" sizes=\"(max-width: 1536px) 100vw, 1536px\" \/><\/figure>\n<\/figure>\n\n\n\n<h3>Talento jovem em ascens\u00e3o<\/h3>\n\n\n\n<p>Com apenas 27 anos, Igor Mau\u00e9s \u00e9 formado pela Faculdade CAL de Artes C\u00eanicas e j\u00e1 acumula uma trajet\u00f3ria s\u00f3lida nos palcos e nas telas. No cinema, participou dos longas <em>Aumenta que \u00e9 Rock&#8217;n Roll<\/em>, de Tomas Portella, e <em>Sexta, S\u00e1bado e Domingo<\/em>, de Roberto Mauad. No teatro, esteve em montagens como <em>Sonho de Uma Noite de Ver\u00e3o<\/em>, sob dire\u00e7\u00e3o de Marcus Alvisi, e <em>A Grande Poeira<\/em>, dirigida por Hamilton Vaz Pereira, celebrando os 50 anos do Teatro Ipanema.<\/p>\n\n\n\n<p>Al\u00e9m da atua\u00e7\u00e3o, Igor \u00e9 m\u00fasico e toca piano, bateria e guitarra \u2014 habilidades desenvolvidas na Escola de M\u00fasicos Meyre Brum. Com mais de 23 pe\u00e7as teatrais no curr\u00edculo, dois filmes e uma s\u00e9rie, o ator se consolida como um dos nomes promissores da nova gera\u00e7\u00e3o da dramaturgia nacional.<\/p>\n\n\n\n<p><br><br>F<strong>otos:  Leo Ros\u00e1rio <\/strong><\/p>\n","protected":false},"excerpt":{"rendered":"<p>O ator Igor Mau\u00e9s retorna \u00e0 televis\u00e3o com um novo desafio: ele d\u00e1 vida ao&#8230;<\/p>\n","protected":false},"author":1,"featured_media":19483,"comment_status":"closed","ping_status":"open","sticky":false,"template":"","format":"standard","meta":{"om_disable_all_campaigns":false,"_monsterinsights_skip_tracking":false,"_monsterinsights_sitenote_active":false,"_monsterinsights_sitenote_note":"","_monsterinsights_sitenote_category":0,"spay_email":""},"categories":[27],"tags":[],"jetpack_featured_media_url":"https:\/\/vimagazine.com.br\/wp-content\/uploads\/2025\/07\/IGOR.jpg","_links":{"self":[{"href":"https:\/\/vimagazine.com.br\/index.php?rest_route=\/wp\/v2\/posts\/19480"}],"collection":[{"href":"https:\/\/vimagazine.com.br\/index.php?rest_route=\/wp\/v2\/posts"}],"about":[{"href":"https:\/\/vimagazine.com.br\/index.php?rest_route=\/wp\/v2\/types\/post"}],"author":[{"embeddable":true,"href":"https:\/\/vimagazine.com.br\/index.php?rest_route=\/wp\/v2\/users\/1"}],"replies":[{"embeddable":true,"href":"https:\/\/vimagazine.com.br\/index.php?rest_route=%2Fwp%2Fv2%2Fcomments&post=19480"}],"version-history":[{"count":1,"href":"https:\/\/vimagazine.com.br\/index.php?rest_route=\/wp\/v2\/posts\/19480\/revisions"}],"predecessor-version":[{"id":19484,"href":"https:\/\/vimagazine.com.br\/index.php?rest_route=\/wp\/v2\/posts\/19480\/revisions\/19484"}],"wp:featuredmedia":[{"embeddable":true,"href":"https:\/\/vimagazine.com.br\/index.php?rest_route=\/wp\/v2\/media\/19483"}],"wp:attachment":[{"href":"https:\/\/vimagazine.com.br\/index.php?rest_route=%2Fwp%2Fv2%2Fmedia&parent=19480"}],"wp:term":[{"taxonomy":"category","embeddable":true,"href":"https:\/\/vimagazine.com.br\/index.php?rest_route=%2Fwp%2Fv2%2Fcategories&post=19480"},{"taxonomy":"post_tag","embeddable":true,"href":"https:\/\/vimagazine.com.br\/index.php?rest_route=%2Fwp%2Fv2%2Ftags&post=19480"}],"curies":[{"name":"wp","href":"https:\/\/api.w.org\/{rel}","templated":true}]}}