{"id":19486,"date":"2025-07-10T15:18:22","date_gmt":"2025-07-10T18:18:22","guid":{"rendered":"https:\/\/vimagazine.com.br\/?p=19486"},"modified":"2025-07-10T15:18:23","modified_gmt":"2025-07-10T18:18:23","slug":"delas-summit-2025-abre-inscricoes-gratuitas-para-escritoras-e-atracoes-musicais-femininas","status":"publish","type":"post","link":"https:\/\/vimagazine.com.br\/?p=19486","title":{"rendered":"Delas Summit 2025 abre inscri\u00e7\u00f5es gratuitas para escritoras e atra\u00e7\u00f5es musicais femininas"},"content":{"rendered":"\n<p><\/p>\n\n\n\n<figure class=\"wp-block-image size-large\"><img width=\"1024\" height=\"682\" src=\"https:\/\/vimagazine.com.br\/wp-content\/uploads\/2025\/07\/WhatsApp-Image-2025-07-10-at-10.49.35-1024x682.jpeg\" alt=\"\" class=\"wp-image-19487\" srcset=\"https:\/\/vimagazine.com.br\/wp-content\/uploads\/2025\/07\/WhatsApp-Image-2025-07-10-at-10.49.35-1024x682.jpeg 1024w, https:\/\/vimagazine.com.br\/wp-content\/uploads\/2025\/07\/WhatsApp-Image-2025-07-10-at-10.49.35-300x200.jpeg 300w, https:\/\/vimagazine.com.br\/wp-content\/uploads\/2025\/07\/WhatsApp-Image-2025-07-10-at-10.49.35-768x512.jpeg 768w, https:\/\/vimagazine.com.br\/wp-content\/uploads\/2025\/07\/WhatsApp-Image-2025-07-10-at-10.49.35-1536x1023.jpeg 1536w, https:\/\/vimagazine.com.br\/wp-content\/uploads\/2025\/07\/WhatsApp-Image-2025-07-10-at-10.49.35.jpeg 1600w\" sizes=\"(max-width: 1024px) 100vw, 1024px\" \/><\/figure>\n\n\n\n<p><em>Evento ter\u00e1 espa\u00e7o para lan\u00e7amentos de livros e apresenta\u00e7\u00f5es musicais de mulheres<\/em><\/p>\n\n\n\n<p>O Delas Summit 2025, o maior evento de empreendedorismo feminino do Sul do Brasil, est\u00e1 com inscri\u00e7\u00f5es gratuitas abertas para mulheres interessadas em participar da programa\u00e7\u00e3o como escritoras ou atra\u00e7\u00f5es musicais. A iniciativa do Sebrae\/SC, por meio do Programa Sebrae Delas, busca valorizar a produ\u00e7\u00e3o cultural feminina e ampliar as vozes que integram o ecossistema do evento, que ser\u00e1 realizado nos dias 30 e 31 de outubro, no CentroSul, em Florian\u00f3polis.<\/p>\n\n\n\n<p>As inscri\u00e7\u00f5es v\u00e3o at\u00e9 o dia 31 de agosto, por meio do site oficial <a href=\"http:\/\/www.delassummit.com.br.\" title=\"www.delassummit.com.br.\">www.delassummit.com.br.<\/a><\/p>\n\n\n\n<p><strong>Para escritoras: espa\u00e7o de lan\u00e7amento e visibilidade<\/strong><\/p>\n\n\n\n<p>Escritoras interessadas em lan\u00e7ar seus livros durante o evento poder\u00e3o contar com um estande gratuito de 1m\u00b2 para divulga\u00e7\u00e3o e sess\u00e3o exclusiva de aut\u00f3grafos com dura\u00e7\u00e3o de uma hora. A participa\u00e7\u00e3o inclui ingresso gratuito para o evento. A participante ter\u00e1 o compromisso de estar presente no hor\u00e1rio reservado e levar seus pr\u00f3prios exemplares e materiais de divulga\u00e7\u00e3o. A curadoria considerar\u00e1 o alinhamento da obra com os valores do evento e a diversidade de temas.<\/p>\n\n\n\n<p><strong>Para artistas: palco para vozes femininas<\/strong><\/p>\n\n\n\n<p>Artistas e bandas formadas por mulheres tamb\u00e9m podem se inscrever para se apresentar no palco do Delas Summit, que contar\u00e1 com uma programa\u00e7\u00e3o especial voltada \u00e0 valoriza\u00e7\u00e3o da m\u00fasica feita por mulheres. Para participar, \u00e9 necess\u00e1rio ter CNPJ e disponibilidade para emiss\u00e3o de nota fiscal. As apresenta\u00e7\u00f5es selecionadas receber\u00e3o visibilidade dentro da programa\u00e7\u00e3o oficial e far\u00e3o parte da experi\u00eancia cultural do evento.<\/p>\n\n\n\n<p>As vagas para ambas as categorias s\u00e3o exclusivas para mulheres e limitadas. A sele\u00e7\u00e3o ser\u00e1 feita por curadoria do evento e as escolhidas ser\u00e3o comunicadas at\u00e9 o dia 20 de setembro.<\/p>\n\n\n\n<p>\u201cA arte feita por mulheres \u00e9 uma valiosa forma de express\u00e3o, identidade e resist\u00eancia. Ao abrir espa\u00e7o para escritoras e artistas no Delas Summit, queremos ampliar essas vozes e refor\u00e7ar que o empreendedorismo tamb\u00e9m \u00e9 cultura, criatividade e representatividade. Valorizar essas produ\u00e7\u00f5es \u00e9 fortalecer a presen\u00e7a feminina em todos os espa\u00e7os\u201d, destaca Marina Barbieri, coordenadora do programa Sebrae Delas em Santa Catarina.<\/p>\n\n\n\n<p>Sobre o Delas Summit 2025<\/p>\n\n\n\n<p>A edi\u00e7\u00e3o de 2025 deve reunir mais de 6 mil mulheres em dois dias de imers\u00e3o em conte\u00fado, conex\u00f5es e inspira\u00e7\u00e3o. A programa\u00e7\u00e3o conta com mais de 120 palestrantes, 300 expositoras, pain\u00e9is tem\u00e1ticos, experi\u00eancias exclusivas, momentos culturais e oportunidades de networking. Entre as atra\u00e7\u00f5es confirmadas est\u00e3o nomes como Giovanna Antonelli, Monique Evelle, Dani Amaral, Cris Arcangeli e Luana Zucoloto. Tamb\u00e9m haver\u00e1 dois grandes marcos, o Pr\u00eamio Sebrae Mulher de Neg\u00f3cios 2025 (PMSN), com a premia\u00e7\u00e3o nacional das vencedoras nas cinco categorias da edi\u00e7\u00e3o, e a Caravana Sebrae Delas, que chega \u00e0 capital com a\u00e7\u00f5es voltadas \u00e0 educa\u00e7\u00e3o financeira e acesso ao cr\u00e9dito.<\/p>\n\n\n\n<p>Sobre o Sebrae\/SC<\/p>\n\n\n\n<p>O Sebrae\/SC comemora, em 2025, 53 anos de dedica\u00e7\u00e3o ao fortalecimento dos pequenos neg\u00f3cios e ao fomento do empreendedorismo em Santa Catarina. Com presen\u00e7a em todas as regi\u00f5es do Estado, a institui\u00e7\u00e3o oferece solu\u00e7\u00f5es que impulsionam o desenvolvimento econ\u00f4mico e social, apoiando milh\u00f5es de empreendedores ao longo de sua trajet\u00f3ria. Reconhecido nacionalmente, o Sebrae \u00e9 hoje a 4\u00aa marca mais valiosa do pa\u00eds, com um ativo de R$ 33,9 bilh\u00f5es, reflexo de sua credibilidade, impacto e compromisso com a transforma\u00e7\u00e3o dos territ\u00f3rios onde atua. Em Santa Catarina, o Sebrae \u00e9 parceiro estrat\u00e9gico de quem faz o estado crescer.<\/p>\n","protected":false},"excerpt":{"rendered":"<p>Evento ter\u00e1 espa\u00e7o para lan\u00e7amentos de livros e apresenta\u00e7\u00f5es musicais de mulheres O Delas Summit&#8230;<\/p>\n","protected":false},"author":20,"featured_media":0,"comment_status":"closed","ping_status":"open","sticky":false,"template":"","format":"standard","meta":{"om_disable_all_campaigns":false,"_monsterinsights_skip_tracking":false,"_monsterinsights_sitenote_active":false,"_monsterinsights_sitenote_note":"","_monsterinsights_sitenote_category":0,"spay_email":""},"categories":[1],"tags":[],"jetpack_featured_media_url":"","_links":{"self":[{"href":"https:\/\/vimagazine.com.br\/index.php?rest_route=\/wp\/v2\/posts\/19486"}],"collection":[{"href":"https:\/\/vimagazine.com.br\/index.php?rest_route=\/wp\/v2\/posts"}],"about":[{"href":"https:\/\/vimagazine.com.br\/index.php?rest_route=\/wp\/v2\/types\/post"}],"author":[{"embeddable":true,"href":"https:\/\/vimagazine.com.br\/index.php?rest_route=\/wp\/v2\/users\/20"}],"replies":[{"embeddable":true,"href":"https:\/\/vimagazine.com.br\/index.php?rest_route=%2Fwp%2Fv2%2Fcomments&post=19486"}],"version-history":[{"count":1,"href":"https:\/\/vimagazine.com.br\/index.php?rest_route=\/wp\/v2\/posts\/19486\/revisions"}],"predecessor-version":[{"id":19488,"href":"https:\/\/vimagazine.com.br\/index.php?rest_route=\/wp\/v2\/posts\/19486\/revisions\/19488"}],"wp:attachment":[{"href":"https:\/\/vimagazine.com.br\/index.php?rest_route=%2Fwp%2Fv2%2Fmedia&parent=19486"}],"wp:term":[{"taxonomy":"category","embeddable":true,"href":"https:\/\/vimagazine.com.br\/index.php?rest_route=%2Fwp%2Fv2%2Fcategories&post=19486"},{"taxonomy":"post_tag","embeddable":true,"href":"https:\/\/vimagazine.com.br\/index.php?rest_route=%2Fwp%2Fv2%2Ftags&post=19486"}],"curies":[{"name":"wp","href":"https:\/\/api.w.org\/{rel}","templated":true}]}}