{"id":19512,"date":"2025-07-11T19:14:54","date_gmt":"2025-07-11T22:14:54","guid":{"rendered":"https:\/\/vimagazine.com.br\/?p=19512"},"modified":"2025-07-11T19:14:55","modified_gmt":"2025-07-11T22:14:55","slug":"halsten-adquire-empreendimento-nola-e-amplia-presenca-na-cidade-das-aguas","status":"publish","type":"post","link":"https:\/\/vimagazine.com.br\/?p=19512","title":{"rendered":"Halsten adquire empreendimento Nola e amplia presen\u00e7a na Cidade das \u00c1guas"},"content":{"rendered":"\n<figure class=\"wp-block-image size-large\"><img width=\"1024\" height=\"576\" src=\"https:\/\/vimagazine.com.br\/wp-content\/uploads\/2025\/07\/WhatsApp-Image-2025-07-11-at-13.50.13-1024x576.jpeg\" alt=\"\" class=\"wp-image-19513\" srcset=\"https:\/\/vimagazine.com.br\/wp-content\/uploads\/2025\/07\/WhatsApp-Image-2025-07-11-at-13.50.13-1024x576.jpeg 1024w, https:\/\/vimagazine.com.br\/wp-content\/uploads\/2025\/07\/WhatsApp-Image-2025-07-11-at-13.50.13-300x169.jpeg 300w, https:\/\/vimagazine.com.br\/wp-content\/uploads\/2025\/07\/WhatsApp-Image-2025-07-11-at-13.50.13-768x432.jpeg 768w, https:\/\/vimagazine.com.br\/wp-content\/uploads\/2025\/07\/WhatsApp-Image-2025-07-11-at-13.50.13.jpeg 1200w\" sizes=\"(max-width: 1024px) 100vw, 1024px\" \/><\/figure>\n\n\n\n<p><em>Aquisi\u00e7\u00e3o fortalece atua\u00e7\u00e3o da incorporadora no bairro planejado e integra estrat\u00e9gia de crescimento da empresa<\/em><\/p>\n\n\n\n<p>A Halsten Incorporadora oficializou a aquisi\u00e7\u00e3o estrat\u00e9gica do empreendimento Nola, lan\u00e7ado em fevereiro de 2025. O projeto passa agora a ser conduzido exclusivamente pela Halsten, em parceria com a CRH, propriet\u00e1ria do masterplan do bairro planejado Cidade das \u00c1guas, onde o Nola est\u00e1 localizado. Com est\u00fadios e apartamentos de alto padr\u00e3o, o empreendimento de 34 mil m\u00b2 mant\u00e9m todas as suas premissas originais: qualidade, cronograma e atendimento seguem conforme o previsto.<\/p>\n\n\n\n<p>Os empreendimentos comercializados no bairro Cidade das \u00c1guas movimentaram R$ 313 milh\u00f5es em VGV (Valor Geral de Vendas). Esse n\u00famero representa cerca de 93% do total de vendas imobili\u00e1rias do primeiro trimestre de 2024 na cidade.<\/p>\n\n\n\n<p>A aquisi\u00e7\u00e3o refor\u00e7a a presen\u00e7a da Halsten no bairro, onde a incorporadora j\u00e1 atua com o Arium, projeto com duas torres de 18 pavimentos. A movimenta\u00e7\u00e3o integra um plano mais amplo de crescimento da marca, que est\u00e1 entre as 100 maiores construtoras do Brasil, segundo o Ranking INTEC 2024.<\/p>\n\n\n\n<p>\u201cAcreditamos muito na Cidade das \u00c1guas, e essa transi\u00e7\u00e3o representa um passo estrat\u00e9gico para fortalecer nosso portf\u00f3lio no bairro. O Nola tem grande sinergia com o nosso posicionamento, e estamos entusiasmados com essa nova fase\u201d, afirma Joel Zonta, Ceo da Halsten Incorporadora.<\/p>\n\n\n\n<p>A transi\u00e7\u00e3o societ\u00e1ria foi realizada de forma planejada e colaborativa, com total alinhamento entre os envolvidos. Para os clientes que adquiriram unidades no Nola, a mudan\u00e7a n\u00e3o apresenta qualquer impacto no andamento e nem no padr\u00e3o do projeto.<\/p>\n\n\n\n<p>Segundo o Grupo CRH, a Halsten re\u00fane atributos fundamentais para contribuir com a consolida\u00e7\u00e3o do bairro:<\/p>\n\n\n\n<p>\u201cA consolida\u00e7\u00e3o da Halsten na Cidade das \u00c1guas \u00e9 m\u00e9rito da compet\u00eancia e da qualidade do trabalho que desempenharam at\u00e9 aqui! Somos gratos \u00e0 Veja pelo trabalho realizado e seguimos comprometidos em garantir a melhor entrega para nossos clientes e para a cidade!\u201d, completa Danilo Conti, Diretor Geral Cidade das \u00c1guas.<\/p>\n\n\n\n<p>A Veja Incorporadora, por sua vez, refor\u00e7a que a decis\u00e3o de sa\u00edda da sociedade est\u00e1 alinhada a um novo momento da empresa:<\/p>\n\n\n\n<p>\u201cNossa estrat\u00e9gia passa por reorientar esfor\u00e7os para outros ativos e projetos priorit\u00e1rios. A transi\u00e7\u00e3o com a Halsten e o CRH foi transparente e positiva, e temos confian\u00e7a de que o Nola seguir\u00e1 sendo um sucesso de mercado\u201d, afirma Bruno Cauduro, s\u00f3cio da Veja.<\/p>\n\n\n\n<p>Com 12 anos de atua\u00e7\u00e3o no mercado, a Halsten \u00e9 respons\u00e1vel por projetos ic\u00f4nicos, como o Opera, Soul e Amaluna, os tr\u00eas maiores edif\u00edcios de Joinville. Nos \u00faltimos anos, a incorporadora expandiu sua atua\u00e7\u00e3o com lan\u00e7amentos em Pi\u00e7arras e, mais recentemente, estreou em Balne\u00e1rio Cambori\u00fa com um edif\u00edcio de 47 andares, sendo o primeiro 100% mobiliado do Brasil.<\/p>\n","protected":false},"excerpt":{"rendered":"<p>Aquisi\u00e7\u00e3o fortalece atua\u00e7\u00e3o da incorporadora no bairro planejado e integra estrat\u00e9gia de crescimento da empresa&#8230;<\/p>\n","protected":false},"author":20,"featured_media":0,"comment_status":"closed","ping_status":"open","sticky":false,"template":"","format":"standard","meta":{"om_disable_all_campaigns":false,"_monsterinsights_skip_tracking":false,"_monsterinsights_sitenote_active":false,"_monsterinsights_sitenote_note":"","_monsterinsights_sitenote_category":0,"spay_email":""},"categories":[1],"tags":[],"jetpack_featured_media_url":"","_links":{"self":[{"href":"https:\/\/vimagazine.com.br\/index.php?rest_route=\/wp\/v2\/posts\/19512"}],"collection":[{"href":"https:\/\/vimagazine.com.br\/index.php?rest_route=\/wp\/v2\/posts"}],"about":[{"href":"https:\/\/vimagazine.com.br\/index.php?rest_route=\/wp\/v2\/types\/post"}],"author":[{"embeddable":true,"href":"https:\/\/vimagazine.com.br\/index.php?rest_route=\/wp\/v2\/users\/20"}],"replies":[{"embeddable":true,"href":"https:\/\/vimagazine.com.br\/index.php?rest_route=%2Fwp%2Fv2%2Fcomments&post=19512"}],"version-history":[{"count":1,"href":"https:\/\/vimagazine.com.br\/index.php?rest_route=\/wp\/v2\/posts\/19512\/revisions"}],"predecessor-version":[{"id":19514,"href":"https:\/\/vimagazine.com.br\/index.php?rest_route=\/wp\/v2\/posts\/19512\/revisions\/19514"}],"wp:attachment":[{"href":"https:\/\/vimagazine.com.br\/index.php?rest_route=%2Fwp%2Fv2%2Fmedia&parent=19512"}],"wp:term":[{"taxonomy":"category","embeddable":true,"href":"https:\/\/vimagazine.com.br\/index.php?rest_route=%2Fwp%2Fv2%2Fcategories&post=19512"},{"taxonomy":"post_tag","embeddable":true,"href":"https:\/\/vimagazine.com.br\/index.php?rest_route=%2Fwp%2Fv2%2Ftags&post=19512"}],"curies":[{"name":"wp","href":"https:\/\/api.w.org\/{rel}","templated":true}]}}