{"id":19523,"date":"2025-07-14T10:58:55","date_gmt":"2025-07-14T13:58:55","guid":{"rendered":"https:\/\/vimagazine.com.br\/?p=19523"},"modified":"2025-07-14T10:58:56","modified_gmt":"2025-07-14T13:58:56","slug":"livro-infantil-inspira-protecao-das-florestas-com-licao-de-vida","status":"publish","type":"post","link":"https:\/\/vimagazine.com.br\/?p=19523","title":{"rendered":"Livro infantil inspira prote\u00e7\u00e3o das florestas com li\u00e7\u00e3o de vida"},"content":{"rendered":"\n<p><br><br><em><strong>No Dia da Prote\u00e7\u00e3o das Florestas, obra da Colli Books mostra como a literatura pode formar consci\u00eancia ecol\u00f3gica desde a inf\u00e2ncia<\/strong><\/em><\/p>\n\n\n\n<p><\/p>\n\n\n\n<p>No dia 17 de julho, celebra-se o Dia da Prote\u00e7\u00e3o das Florestas, data que alerta para a import\u00e2ncia de preservar os ecossistemas naturais e manter vivo o equil\u00edbrio ambiental. Neste contexto, o livro &#8220;O Vaga-lume Pirilampo&#8221;, da autora Isa Colli, publicado pela Colli Books, ganha destaque por unir educa\u00e7\u00e3o ambiental e uma comovente hist\u00f3ria de supera\u00e7\u00e3o e solidariedade.<\/p>\n\n\n\n<p>Na obra, o protagonista Pirilampo, um vaga-lume adolescente, vive com sua fam\u00edlia na Floresta Negra, um povoado sereno e harmonioso. Tudo muda quando seu pai adoece e ele precisa assumir responsabilidades para ajudar em casa. Com sensibilidade, a narrativa aborda o amadurecimento do jovem inseto diante dos desafios, sem deixar de lado o pano de fundo: a floresta como espa\u00e7o de vida, resist\u00eancia e equil\u00edbrio.<\/p>\n\n\n\n<p>&#8220;O Pirilampo representa muitos jovens que descobrem sua for\u00e7a em tempos dif\u00edceis. Ambientar essa hist\u00f3ria em uma floresta \u00e9 meu modo de lembrar \u00e0s crian\u00e7as que preservar a natureza tamb\u00e9m \u00e9 cuidar da nossa pr\u00f3pria hist\u00f3ria&#8221;, afirma a autora Isa Colli.<br><br><\/p>\n\n\n\n<p><strong>A literatura como guardi\u00e3 das florestas<\/strong><\/p>\n\n\n\n<p>Livros t\u00eam o poder de formar leitores mais conscientes. Obras como a de Isa Colli promovem n\u00e3o apenas o gosto pela leitura, mas tamb\u00e9m valores ambientais essenciais, como o respeito \u00e0 natureza, o cuidado com os recursos naturais e a empatia com todos os seres vivos<\/p>\n\n\n\n<p>&#8220;A literatura infantil pode tocar profundamente os pequenos leitores. Meu objetivo \u00e9 que cada crian\u00e7a que leia o Pirilampo sinta-se parte da floresta e queira proteg\u00ea-la&#8221;, destaca a escritora.<\/p>\n\n\n\n<p>Em &#8220;O Vaga-lume Pirilampo&#8221;, o leitor \u00e9 conduzido a refletir sobre a preserva\u00e7\u00e3o da floresta como um bem coletivo e urgente. Com narrativa envolvente, a obra mostra que a\u00e7\u00f5es individuais \u2014 mesmo de um pequeno vaga-lume \u2014 podem fazer a diferen\u00e7a.<\/p>\n\n\n\n<p>A Colli Books, com forte atua\u00e7\u00e3o no segmento infantojuvenil, refor\u00e7a seu compromisso com a educa\u00e7\u00e3o sustent\u00e1vel, oferecendo obras que dialogam com temas atuais e relevantes. O livro \u00e9 ideal para uso em escolas, clubes de leitura e projetos educativos.<\/p>\n\n\n\n<p>Neste Dia da Prote\u00e7\u00e3o das Florestas, a mensagem do jovem Pirilampo ecoa como um convite: construir um futuro mais verde come\u00e7a com a forma\u00e7\u00e3o de leitores mais conscientes.<\/p>\n\n\n\n<p>Para mais informa\u00e7\u00f5es acessem\u00a0<a href=\"http:\/\/www.collibooks.com\/\" target=\"_blank\" rel=\"noreferrer noopener\">www.collibooks.com<\/a><br><br><\/p>\n\n\n\n<p><br><br><\/p>\n","protected":false},"excerpt":{"rendered":"<p>No Dia da Prote\u00e7\u00e3o das Florestas, obra da Colli Books mostra como a literatura pode&#8230;<\/p>\n","protected":false},"author":1,"featured_media":19524,"comment_status":"closed","ping_status":"open","sticky":false,"template":"","format":"standard","meta":{"om_disable_all_campaigns":false,"_monsterinsights_skip_tracking":false,"_monsterinsights_sitenote_active":false,"_monsterinsights_sitenote_note":"","_monsterinsights_sitenote_category":0,"spay_email":""},"categories":[27],"tags":[],"jetpack_featured_media_url":"https:\/\/vimagazine.com.br\/wp-content\/uploads\/2025\/07\/O-Vaga-lume-Pirilampo.jpeg","_links":{"self":[{"href":"https:\/\/vimagazine.com.br\/index.php?rest_route=\/wp\/v2\/posts\/19523"}],"collection":[{"href":"https:\/\/vimagazine.com.br\/index.php?rest_route=\/wp\/v2\/posts"}],"about":[{"href":"https:\/\/vimagazine.com.br\/index.php?rest_route=\/wp\/v2\/types\/post"}],"author":[{"embeddable":true,"href":"https:\/\/vimagazine.com.br\/index.php?rest_route=\/wp\/v2\/users\/1"}],"replies":[{"embeddable":true,"href":"https:\/\/vimagazine.com.br\/index.php?rest_route=%2Fwp%2Fv2%2Fcomments&post=19523"}],"version-history":[{"count":1,"href":"https:\/\/vimagazine.com.br\/index.php?rest_route=\/wp\/v2\/posts\/19523\/revisions"}],"predecessor-version":[{"id":19525,"href":"https:\/\/vimagazine.com.br\/index.php?rest_route=\/wp\/v2\/posts\/19523\/revisions\/19525"}],"wp:featuredmedia":[{"embeddable":true,"href":"https:\/\/vimagazine.com.br\/index.php?rest_route=\/wp\/v2\/media\/19524"}],"wp:attachment":[{"href":"https:\/\/vimagazine.com.br\/index.php?rest_route=%2Fwp%2Fv2%2Fmedia&parent=19523"}],"wp:term":[{"taxonomy":"category","embeddable":true,"href":"https:\/\/vimagazine.com.br\/index.php?rest_route=%2Fwp%2Fv2%2Fcategories&post=19523"},{"taxonomy":"post_tag","embeddable":true,"href":"https:\/\/vimagazine.com.br\/index.php?rest_route=%2Fwp%2Fv2%2Ftags&post=19523"}],"curies":[{"name":"wp","href":"https:\/\/api.w.org\/{rel}","templated":true}]}}