{"id":19541,"date":"2025-07-14T18:23:42","date_gmt":"2025-07-14T21:23:42","guid":{"rendered":"https:\/\/vimagazine.com.br\/?p=19541"},"modified":"2025-07-14T18:23:43","modified_gmt":"2025-07-14T21:23:43","slug":"summit-amor-corporativo","status":"publish","type":"post","link":"https:\/\/vimagazine.com.br\/?p=19541","title":{"rendered":"Summit Amor Corporativo"},"content":{"rendered":"\n<h2><strong>Summit Amor Corporativo &#8211; Consci\u00eancia Social Humanizada \u00e9 Sa\u00fade<\/strong><\/h2>\n\n\n\n<p><strong><em>A terceira edi\u00e7\u00e3o do maior Encontro de Humaniza\u00e7\u00e3o \u2013 Amor Corporativo \u00e9 Sa\u00fade \u2013 tem como objetivo abordar traumas corporativos, envolver-se em conversas dif\u00edceis e curar os cora\u00e7\u00f5es que afligem as corpora\u00e7\u00f5es!<\/em><\/strong><\/p>\n\n\n\n<p>O <strong>SUMMIT do Amor Corporativo<\/strong> \u00e9 uma iniciativa criada pela fundadora<strong> Samanta Camargo<\/strong>, cujo objetivo \u00e9 cultivar a intelig\u00eancia relacional e aprimorar o desempenho.<\/p>\n\n\n\n<p>Com&nbsp; experi\u00eancia de mais de 10 anos desenvolvendo uma metodologia que prospera exclusivamente por meio de palestras e programas focados no desenvolvimento de lideran\u00e7a, Samanta Camargo convida voc\u00ea para um evento \u00fanico com palestrantes renomados como Maryana com Y, Dr. F\u00e1bio Gabas e um grupo diversificado de empreendedores.<\/p>\n\n\n\n<figure class=\"wp-block-image aligncenter wp-image-141522 size-large\"><img src=\"https:\/\/namidia.com.br\/wp-content\/uploads\/2025\/07\/83a4c822-6a33-4cf5-ad00-ee970d6566f8-267x400.jpg\" alt=\"3 Edi\u00e7\u00e3o do maior Encontro de Humaniza\u00e7\u00e3o \u2013 Amor Corporativo\" class=\"wp-image-141522\" \/><figcaption>Fundadora do Amor Corporativo, Samanta Camargo<\/figcaption><\/figure>\n\n\n\n<p>Juntos, eles apresentar\u00e3o conte\u00fado aprofundado sobre os danos causados pela falta de sa\u00fade corporativa \u2013 e, principalmente, poss\u00edveis solu\u00e7\u00f5es que podem transformar a realidade. Esta ser\u00e1 uma noite singular, com um coquetel especial, que acontecer\u00e1 no dia 28 de agosto na Arena Alice Sa\u00fade, em S\u00e3o Paulo.<\/p>\n\n\n\n<h4>3\u00b0 Edi\u00e7\u00e3o do maior Encontro de Humaniza\u00e7\u00e3o \u2013 Amor Corporativo<\/h4>\n\n\n\n<p>Porque amor funciona e d\u00e1 resultados. E, mais do que isso, \u00e9 uma compet\u00eancia urgente que precisa ser aprendida e, acreditem, isso n\u00e3o \u00e9 romantiza\u00e7\u00e3o.&nbsp;<\/p>\n\n\n\n<p>Os ingressos presenciais s\u00e3o limitados e o primeiro lote esgotou em apenas uma semana! Ent\u00e3o, garanta j\u00e1 o seu. E pela 1\u00aa vez, o conte\u00fado ter\u00e1 transmiss\u00e3o ao vivo para todo o Brasil \u2014 voc\u00ea tamb\u00e9m adquirir online!<\/p>\n\n\n\n<h6><strong>Clique no link abaixo e acesse direto com seu desconto especial.<\/strong><br><a href=\"https:\/\/www.sympla.com.br\/evento\/summit-amor-corporativo---consciencia-social-humanizada-e-saude\/2979165?d=\" target=\"_blank\" rel=\"noreferrer noopener\">https:\/\/www.sympla.com.br\/evento\/summit-amor-corporativo&#8212;consciencia-social-humanizada-e-saude\/2979165?d=<\/a><\/h6>\n\n\n\n<h3><img src=\"https:\/\/namidia.com.br\/wp-content\/uploads\/2025\/07\/Amor-541x400.png\" alt=\"3\u00b0 Edi\u00e7\u00e3o do maior Encontro de Humaniza\u00e7\u00e3o \u2013 Amor Corporativo\" width=\"541\" height=\"400\"><\/h3>\n\n\n\n<h3>O evento<\/h3>\n\n\n\n<p><strong>1\u00b0 evento de HUMANIZA\u00c7\u00c3O CORPORATIVA AGORA SER\u00c1 H\u00cdBRIDO!! &#8211;&nbsp;<\/strong><strong>Inova\u00e7\u00e3o na aprendizagem das rela\u00e7\u00f5es CORPO-r-ATIVAS&nbsp;\u00e9 urgente!<\/strong><\/p>\n\n\n\n<p>A 3\u00aa edi\u00e7\u00e3o deste Summit, liderado por Samanta Camargo em parceria com a Alice Sa\u00fade, empres\u00e1rios, diretores executivos e palestrantes renomados do Brasil, se unem para explorar como a compet\u00eancia amar, sem resist\u00eancias, romantiza\u00e7\u00f5es ou tabus, \u00e9 a inova\u00e7\u00e3o e a chave da intelig\u00eancia das rela\u00e7\u00f5es que sustentar\u00e1 a sa\u00fade que agora ser\u00e1 tamb\u00e9m mandat\u00f3ria para NR1 em 2026.<\/p>\n\n\n\n<p>Este evento que com grande sucesso, j\u00e1 teve presente mais de 500 pessoas presentes, com duas edi\u00e7\u00f5es em 2024 e nos fez crescer a ponto deste 3\u00aa realizar de forma h\u00edbrida com transmiss\u00e3o ao vivo para todo Brasil. Por isso os convites presenciais ser\u00e3o limitados e exclusivos.&nbsp;<\/p>\n\n\n\n<p>O despertar para a conscientiza\u00e7\u00e3o e aprendizagem andrag\u00f3gica do AMOR CORPORATIVO tem provocado mudan\u00e7as significativa de \u2018heartset\u2019 (mudan\u00e7a de cora\u00e7\u00e3o). Isto \u00e9, mudan\u00e7as para diversos l\u00edderes e empresas nos \u00faltimos 9 anos. Assim, aqui estamos com a oportunidade de unir grande for\u00e7a para instruir, cooperar. Assim como, trazer conte\u00fados inovadores para as tend\u00eancias e futuros da gest\u00e3o de pessoas que poder\u00e1 ser sustentado com aten\u00e7\u00e3o plena a sa\u00fade corporativa com palestrante TEDx renomados tais como Maryana com Y, Dr. F\u00e1bio Gabas.<\/p>\n\n\n\n<p>Dr. F\u00e1bio traz conceitos da ci\u00eancia, da consci\u00eancia e intelig\u00eancias do cora\u00e7\u00e3o. Igualmente, CRHO Sarita Vollhofer da Alice S\u00e1ude em um painel diverso para instruir Amor ao lado do empres\u00e1rio Daniel Rodrigues, Nadeje Macedo. Ainda, Marcelo Ramos Fundador da SWILE, Dinner in the Sky, Kesh bank e mentor executivo sendo intermediado por ningu\u00e9m mais do que Jo\u00e3o Bezerra ex executivo do Ita\u00fa.<\/p>\n\n\n\n<h4>Chamado \u00e0 Humaniza\u00e7\u00e3o<\/h4>\n\n\n\n<p>A saber, o chamado para a humaniza\u00e7\u00e3o \u00e9 urgente e o Amor Corporativo supera os treinamentos convencionais e repetitivos para inovar o Tratamento que todos precisam para o futuro das rela\u00e7\u00f5es do trabalho. Rela\u00e7\u00f5es estas que buscam por aumentar sa\u00fade de maneira integral, corpo a\u00e7\u00e3o, mente forte, cora\u00e7\u00f5es sens\u00edvel e longevidade na performance.<\/p>\n\n\n\n<p>O futuro \u00e9 das rela\u00e7\u00f5es humanas e amar \u00e9 a compet\u00eancia que precisamos aprender!<\/p>\n\n\n\n<h4><strong>Servi\u00e7o<\/strong><\/h4>\n\n\n\n<p><strong>SUMMIT Amor Corporativo &#8211; Consci\u00eancia Social Humanizada \u00e9 Sa\u00fade<br>Data: <\/strong>28 ago &#8211; 2025 \u2022 17:00 &gt; 28 ago &#8211; 2025 \u2022 22:00<br><strong>Local<\/strong>: Evento presencial em <a href=\"https:\/\/www.sympla.com.br\/evento\/summit-amor-corporativo-consciencia-social-humanizada-e-saude\/2979165?d=&amp;referrer=namidia.com.br#event-location\">Alice, S\u00e3o Paulo &#8211; SP.<\/a><br><strong>Endere\u00e7o<\/strong>: Avenida Rebou\u00e7as, 3506 Pinheiros,&nbsp;S\u00e3o Paulo, SP<br><strong>M\u00e9todos de pagamento<\/strong>:&nbsp;Parcele sua compra em at\u00e9 12x pelos cart\u00f5es e\/ou PIX<br><strong>Cart\u00f5es<\/strong>: Visa, MasterCard, Elo, AmericanExpress, Hipercard<\/p>\n","protected":false},"excerpt":{"rendered":"<p>Summit Amor Corporativo &#8211; Consci\u00eancia Social Humanizada \u00e9 Sa\u00fade A terceira edi\u00e7\u00e3o do maior Encontro&#8230;<\/p>\n","protected":false},"author":18,"featured_media":19542,"comment_status":"closed","ping_status":"open","sticky":false,"template":"","format":"standard","meta":{"om_disable_all_campaigns":false,"_monsterinsights_skip_tracking":false,"_monsterinsights_sitenote_active":false,"_monsterinsights_sitenote_note":"","_monsterinsights_sitenote_category":0,"spay_email":""},"categories":[26,75],"tags":[837,1051],"jetpack_featured_media_url":"https:\/\/vimagazine.com.br\/wp-content\/uploads\/2025\/07\/WhatsApp-Image-2025-01-13-at-20.04.49.jpeg","_links":{"self":[{"href":"https:\/\/vimagazine.com.br\/index.php?rest_route=\/wp\/v2\/posts\/19541"}],"collection":[{"href":"https:\/\/vimagazine.com.br\/index.php?rest_route=\/wp\/v2\/posts"}],"about":[{"href":"https:\/\/vimagazine.com.br\/index.php?rest_route=\/wp\/v2\/types\/post"}],"author":[{"embeddable":true,"href":"https:\/\/vimagazine.com.br\/index.php?rest_route=\/wp\/v2\/users\/18"}],"replies":[{"embeddable":true,"href":"https:\/\/vimagazine.com.br\/index.php?rest_route=%2Fwp%2Fv2%2Fcomments&post=19541"}],"version-history":[{"count":1,"href":"https:\/\/vimagazine.com.br\/index.php?rest_route=\/wp\/v2\/posts\/19541\/revisions"}],"predecessor-version":[{"id":19543,"href":"https:\/\/vimagazine.com.br\/index.php?rest_route=\/wp\/v2\/posts\/19541\/revisions\/19543"}],"wp:featuredmedia":[{"embeddable":true,"href":"https:\/\/vimagazine.com.br\/index.php?rest_route=\/wp\/v2\/media\/19542"}],"wp:attachment":[{"href":"https:\/\/vimagazine.com.br\/index.php?rest_route=%2Fwp%2Fv2%2Fmedia&parent=19541"}],"wp:term":[{"taxonomy":"category","embeddable":true,"href":"https:\/\/vimagazine.com.br\/index.php?rest_route=%2Fwp%2Fv2%2Fcategories&post=19541"},{"taxonomy":"post_tag","embeddable":true,"href":"https:\/\/vimagazine.com.br\/index.php?rest_route=%2Fwp%2Fv2%2Ftags&post=19541"}],"curies":[{"name":"wp","href":"https:\/\/api.w.org\/{rel}","templated":true}]}}