{"id":19550,"date":"2025-07-16T11:34:49","date_gmt":"2025-07-16T14:34:49","guid":{"rendered":"https:\/\/vimagazine.com.br\/?p=19550"},"modified":"2025-07-16T11:34:51","modified_gmt":"2025-07-16T14:34:51","slug":"61a-festa-do-colono-do-rio-da-prata-comeca-amanha-em-joinville","status":"publish","type":"post","link":"https:\/\/vimagazine.com.br\/?p=19550","title":{"rendered":"61\u00aa Festa do Colono do Rio da Prata come\u00e7a amanh\u00e3 em Joinville"},"content":{"rendered":"\n<figure class=\"wp-block-image size-large\"><img width=\"1024\" height=\"678\" src=\"https:\/\/vimagazine.com.br\/wp-content\/uploads\/2025\/07\/WhatsApp-Image-2025-07-16-at-10.19.58-1-1024x678.jpeg\" alt=\"\" class=\"wp-image-19551\" srcset=\"https:\/\/vimagazine.com.br\/wp-content\/uploads\/2025\/07\/WhatsApp-Image-2025-07-16-at-10.19.58-1-1024x678.jpeg 1024w, https:\/\/vimagazine.com.br\/wp-content\/uploads\/2025\/07\/WhatsApp-Image-2025-07-16-at-10.19.58-1-300x199.jpeg 300w, https:\/\/vimagazine.com.br\/wp-content\/uploads\/2025\/07\/WhatsApp-Image-2025-07-16-at-10.19.58-1-768x509.jpeg 768w, https:\/\/vimagazine.com.br\/wp-content\/uploads\/2025\/07\/WhatsApp-Image-2025-07-16-at-10.19.58-1.jpeg 1179w\" sizes=\"(max-width: 1024px) 100vw, 1024px\" \/><\/figure>\n\n\n\n<p>Corrida da Banana, Sopa Schwarsauer, escolha da realeza e o maior desfile da hist\u00f3ria da festa s\u00e3o algumas das atra\u00e7\u00f5es<\/p>\n\n\n\n<p>Joinville volta a viver o clima da cultura germ\u00e2nica entre os dias 17 e 20 de julho, com a realiza\u00e7\u00e3o da 61\u00aa edi\u00e7\u00e3o da Festa do Colono, na Sociedade Rio da Prata, em Pirabeiraba. Com quatro dias de programa\u00e7\u00e3o, o evento \u00e9 um dos mais tradicionais do munic\u00edpio e exalta as ra\u00edzes da imigra\u00e7\u00e3o alem\u00e3, valorizando o esp\u00edrito comunit\u00e1rio e a contribui\u00e7\u00e3o dos agricultores para o desenvolvimento da cidade. Entre os destaques est\u00e3o os bailes t\u00edpicos, gastronomia, dan\u00e7as folcl\u00f3ricas, feira colonial, competi\u00e7\u00f5es e o maior desfile j\u00e1 realizado na hist\u00f3ria da festa, com aproximadamente 700 pessoas.<\/p>\n\n\n\n<p>Os festejos come\u00e7am na quinta-feira (17), \u00e0s 15h, com a feira de artesanato e produtos coloniais e o caf\u00e9 colonial com baile da terceira idade. \u00c0 noite, o p\u00fablico ter\u00e1 a oportunidade de curtir o baile com a banda Sangue Latino e acompanhar a apresenta\u00e7\u00e3o do Grupo Folcl\u00f3rico Windm\u00fchle (adulto).<\/p>\n\n\n\n<p>Na sexta-feira (18), a partir das 18h, os visitantes ter\u00e3o \u00e0 disposi\u00e7\u00e3o as tradicionais Schwarsauer (sopa preta) e sopa branca, al\u00e9m de conferir o campeonato de tiro ao alvo. A abertura oficial est\u00e1 marcada para as 19h30, com o concurso da realeza mirim, apresenta\u00e7\u00f5es folcl\u00f3ricas e baile.<\/p>\n\n\n\n<p>O s\u00e1bado (19) reserva um dia completo de atra\u00e7\u00f5es. Al\u00e9m do almo\u00e7o t\u00edpico, o p\u00fablico poder\u00e1 participar de oficinas de dan\u00e7a, prestigiar apresenta\u00e7\u00f5es culturais e acompanhar o concurso e a coroa\u00e7\u00e3o da nova realeza adulta, a partir das 20h.<\/p>\n\n\n\n<p>J\u00e1 o domingo (20) ser\u00e1 marcado por uma das atra\u00e7\u00f5es mais aguardadas da festa: a tradicional Corrida da Banana, \u00e0s 10h, em que os participantes correm cerca de 500 metros carregando um cacho de bananas. Os tr\u00eas primeiros colocados receber\u00e3o pr\u00eamios em dinheiro. Em seguida, ocorre o maior desfile aleg\u00f3rico da hist\u00f3ria da Festa do Colono, com aproximadamente 700 participantes, incluindo agricultores, fam\u00edlias, grupos folcl\u00f3ricos e ve\u00edculos decorados que desfilar\u00e3o pela SC-418, tamb\u00e9m conhecida como Serra Dona Francisca.<\/p>\n\n\n\n<p>Em raz\u00e3o do desfile, a SC-418 ser\u00e1 temporariamente interditada no trecho entre o Hotel Alpinus e a Sociedade Rio da Prata, das 10h \u00e0s 11h do domingo (20\/07). A organiza\u00e7\u00e3o recomenda que motoristas fiquem atentos e busquem rotas alternativas durante esse per\u00edodo.<\/p>\n\n\n\n<p>O almo\u00e7o de domingo ser\u00e1 servido a partir das 11 horas e a festa segue at\u00e9 as 19h30, com atra\u00e7\u00f5es musicais ao longo do dia. No encerramento, acontece a tradicional colheita simb\u00f3lica, em que o p\u00fablico pode levar para casa as frutas e verduras utilizadas na decora\u00e7\u00e3o do sal\u00e3o.<\/p>\n\n\n\n<p>A expectativa \u00e9 reunir cerca de 15 mil pessoas durante os quatro dias de evento. A entrada \u00e9 gratuita para a maioria das atra\u00e7\u00f5es, com cobran\u00e7a apenas nos bailes noturnos. O estacionamento no local custar\u00e1 R$ 20,00 no s\u00e1bado e domingo.<\/p>\n\n\n\n<p>\u201cA Festa do Colono \u00e9 um momento de orgulho para nossa comunidade. \u00c9 uma verdadeira celebra\u00e7\u00e3o \u00e0 cultura, \u00e0 agricultura e \u00e0s fam\u00edlias que ajudaram a construir Joinville. Estamos prontos para receber todos de bra\u00e7os abertos\u201d, destaca a comiss\u00e3o organizadora.<\/p>\n\n\n\n<p>A Festa do Colono \u00e9 realizada pela Sociedade Rio da Prata, com patroc\u00ednio do Sicoob e apoio da Prefeitura de Joinville. A programa\u00e7\u00e3o completa est\u00e1 dispon\u00edvel no Instagram oficial: @festadocolono_jlle.<\/p>\n\n\n\n<p>PROGRAMA\u00c7\u00c3O COMPLETA \u2013 61\u00aa FESTA DO COLONO DE JOINVILLE<\/p>\n\n\n\n<p>\ud83d\udccd Local: Sociedade Rio da Prata \u2013 Rodovia SC 418 &#8211; km 7 \u2013 Joinville\/SC<\/p>\n\n\n\n<p>&nbsp;\ud83d\udcc5 De: &nbsp;17 a 20 de julho de 2025<\/p>\n\n\n\n<p><\/p>\n\n\n\n<p>QUINTA-FEIRA \u2013 17\/07<\/p>\n\n\n\n<p>15h | Feira de artesanato e produtos coloniais<\/p>\n\n\n\n<p>15h | Caf\u00e9 Colonial com Baile da Terceira Idade (R$ 25,00)<\/p>\n\n\n\n<p>15h30 | Baile com Banda Edelweiss<\/p>\n\n\n\n<p>19h30 | Baile com Sangue Latino e apresenta\u00e7\u00f5es do Grupo Folcl\u00f3rico Windm\u00fchle (Adulto)<\/p>\n\n\n\n<p><\/p>\n\n\n\n<p>SEXTA-FEIRA \u2013 18\/07<\/p>\n\n\n\n<p>18h | Feira de artesanato e produtos coloniais<\/p>\n\n\n\n<p>18h | Tradicional Schwarzauser (Sopa Preta) e Sopa Branca<\/p>\n\n\n\n<p>19h | Campeonato de Tiro ao Alvo<\/p>\n\n\n\n<p>19h30 | Cerimonial de Abertura<\/p>\n\n\n\n<p>20h | Concurso da Realeza Mirim da 61\u00aa Festa do Colono da Sociedade Rio da Prata<\/p>\n\n\n\n<p>21h | Apresenta\u00e7\u00e3o do Grupo Folcl\u00f3rico Volkstanzgruppe Pirabeiraba Sch\u00f6n (Infantil)<\/p>\n\n\n\n<p>21h30 | Coroa\u00e7\u00e3o da Realeza Mirim<\/p>\n\n\n\n<p>22h | Baile com Banda Mensagem<\/p>\n\n\n\n<p><\/p>\n\n\n\n<p>S\u00c1BADO \u2013 19\/07<\/p>\n\n\n\n<p>10h | Feira de artesanato e produtos coloniais<\/p>\n\n\n\n<p>11h | Almo\u00e7o t\u00edpico alem\u00e3o<\/p>\n\n\n\n<p>11h | Apresenta\u00e7\u00e3o de dan\u00e7a folcl\u00f3rica e do Grupo Windm\u00fchle (infantil)<\/p>\n\n\n\n<p>12h | Baile com Banda Edelweiss<\/p>\n\n\n\n<p>13h | Oficina de Dan\u00e7a Folcl\u00f3rica com coordenadores dos grupos Pirabeiraba e Windm\u00fchle<\/p>\n\n\n\n<p>14h | Apresenta\u00e7\u00e3o do Volkstanzgruppe Pirabeiraba Sch\u00f6n (infantil)<\/p>\n\n\n\n<p>14h30 | Apresenta\u00e7\u00e3o dos dan\u00e7arinos da oficina<\/p>\n\n\n\n<p>16h | Apresenta\u00e7\u00f5es de Grupos Folcl\u00f3ricos<\/p>\n\n\n\n<p>20h | Concurso da Realeza da 61\u00aa Festa do Colono<\/p>\n\n\n\n<p>21h | Apresenta\u00e7\u00e3o dos Campe\u00f5es do Tiro ao Alvo<\/p>\n\n\n\n<p>21h15 | Apresenta\u00e7\u00e3o e estreia do grupo folcl\u00f3rico Volkstanzgruppe Pirabeiraba Sch\u00f6n (Adulto)<\/p>\n\n\n\n<p>21h45 | Coroa\u00e7\u00e3o da Realeza da 61\u00aa Festa do Colono<\/p>\n\n\n\n<p>22h30 | Baile com Os Sonatas<\/p>\n\n\n\n<p>01h | Baile com Banda Universit\u00e1ria<\/p>\n\n\n\n<p><\/p>\n\n\n\n<p>DOMINGO \u2013 20\/07<\/p>\n\n\n\n<p>10h | Corrida da Banana<\/p>\n\n\n\n<p>10h15 | Desfile Comemorativo<\/p>\n\n\n\n<p>11h | Apresenta\u00e7\u00f5es de Grupos Folcl\u00f3ricos<\/p>\n\n\n\n<p>11h | Almo\u00e7o t\u00edpico alem\u00e3o<\/p>\n\n\n\n<p>13h | Domingueira com J\u00f3ia Musical<\/p>\n\n\n\n<p>16h | Baile com Os Sonatas<\/p>\n\n\n\n<p>16h30 | Baile com Banda Universit\u00e1ria<\/p>\n\n\n\n<p>19h30 | Encerramento com a Colheita<\/p>\n","protected":false},"excerpt":{"rendered":"<p>Corrida da Banana, Sopa Schwarsauer, escolha da realeza e o maior desfile da hist\u00f3ria da&#8230;<\/p>\n","protected":false},"author":20,"featured_media":0,"comment_status":"closed","ping_status":"open","sticky":false,"template":"","format":"standard","meta":{"om_disable_all_campaigns":false,"_monsterinsights_skip_tracking":false,"_monsterinsights_sitenote_active":false,"_monsterinsights_sitenote_note":"","_monsterinsights_sitenote_category":0,"spay_email":""},"categories":[1],"tags":[],"jetpack_featured_media_url":"","_links":{"self":[{"href":"https:\/\/vimagazine.com.br\/index.php?rest_route=\/wp\/v2\/posts\/19550"}],"collection":[{"href":"https:\/\/vimagazine.com.br\/index.php?rest_route=\/wp\/v2\/posts"}],"about":[{"href":"https:\/\/vimagazine.com.br\/index.php?rest_route=\/wp\/v2\/types\/post"}],"author":[{"embeddable":true,"href":"https:\/\/vimagazine.com.br\/index.php?rest_route=\/wp\/v2\/users\/20"}],"replies":[{"embeddable":true,"href":"https:\/\/vimagazine.com.br\/index.php?rest_route=%2Fwp%2Fv2%2Fcomments&post=19550"}],"version-history":[{"count":1,"href":"https:\/\/vimagazine.com.br\/index.php?rest_route=\/wp\/v2\/posts\/19550\/revisions"}],"predecessor-version":[{"id":19552,"href":"https:\/\/vimagazine.com.br\/index.php?rest_route=\/wp\/v2\/posts\/19550\/revisions\/19552"}],"wp:attachment":[{"href":"https:\/\/vimagazine.com.br\/index.php?rest_route=%2Fwp%2Fv2%2Fmedia&parent=19550"}],"wp:term":[{"taxonomy":"category","embeddable":true,"href":"https:\/\/vimagazine.com.br\/index.php?rest_route=%2Fwp%2Fv2%2Fcategories&post=19550"},{"taxonomy":"post_tag","embeddable":true,"href":"https:\/\/vimagazine.com.br\/index.php?rest_route=%2Fwp%2Fv2%2Ftags&post=19550"}],"curies":[{"name":"wp","href":"https:\/\/api.w.org\/{rel}","templated":true}]}}