{"id":19553,"date":"2025-07-16T12:05:12","date_gmt":"2025-07-16T15:05:12","guid":{"rendered":"https:\/\/vimagazine.com.br\/?p=19553"},"modified":"2025-07-16T12:05:14","modified_gmt":"2025-07-16T15:05:14","slug":"grupo-jurema-realiza-evento-de-destaque-no-rio-com-foco-em-protagonismo-feminino-inovacao-e-inclusao","status":"publish","type":"post","link":"https:\/\/vimagazine.com.br\/?p=19553","title":{"rendered":"Grupo Jurema realiza evento de destaque no Rio com foco em protagonismo feminino, inova\u00e7\u00e3o e inclus\u00e3o"},"content":{"rendered":"\n<p><\/p>\n\n\n\n<p><\/p>\n\n\n\n<p>O Rio de Janeiro ser\u00e1 palco, no pr\u00f3ximo dia <strong>31 de julho<\/strong>, de uma noite dedicada ao empreendedorismo feminino, \u00e0 inova\u00e7\u00e3o e \u00e0 cultura, com a realiza\u00e7\u00e3o do evento <strong>\u201cGrupo Jurema Convida\u201d<\/strong>, promovido pelo consagrado <strong>Grupo Jurema<\/strong>. A iniciativa reunir\u00e1 lideran\u00e7as femininas, marcas emergentes e empresas internacionais num encontro que alia <strong>networking, moda, arte e neg\u00f3cios<\/strong>.<\/p>\n\n\n\n<p>Com <strong>15 anos de atua\u00e7\u00e3o<\/strong>, o Grupo Jurema consolidou-se como uma refer\u00eancia nacional em protagonismo feminino e empreendedorismo social. Fundado e liderado por <strong>Luciana Ara\u00fajo<\/strong>, a plataforma j\u00e1 conectou milhares de mulheres por meio de eventos transformadores e projetos de impacto. A edi\u00e7\u00e3o deste ano celebra ainda o <strong>lan\u00e7amento da 34\u00aa edi\u00e7\u00e3o da Revista Grupo Jurema<\/strong>, que ser\u00e1 apresentada durante a programa\u00e7\u00e3o.<\/p>\n\n\n\n<h3><strong>Desfiles autorais e empresas internacionais integram a programa\u00e7\u00e3o<\/strong><\/h3>\n\n\n\n<p>Um dos pontos altos da noite ser\u00e1 a <strong>Interven\u00e7\u00e3o Fashion<\/strong>, que trar\u00e1 \u00e0 passarela tr\u00eas marcas autorais focadas em <strong>inclus\u00e3o, identidade e inova\u00e7\u00e3o<\/strong>. A proposta \u00e9 valorizar a diversidade de estilos e promover criadoras que v\u00eam conquistando espa\u00e7o no cen\u00e1rio da moda nacional.<\/p>\n\n\n\n<p>O evento contar\u00e1 tamb\u00e9m com a apresenta\u00e7\u00e3o de <strong>tr\u00eas empresas de destaque internacional<\/strong>:<\/p>\n\n\n\n<ul><li><strong>Animed Brasil<\/strong>: especializada em coletes posturais de tecnologia avan\u00e7ada, recentemente chegou ao mercado brasileiro;<\/li><li><strong>Matsuraya Cinematik<\/strong>: produtora audiovisual reconhecida por unir arte e impacto social em produ\u00e7\u00f5es premiadas;<\/li><li><strong>Perkup &amp; BWG<\/strong>: empresas que atuam com ativos digitais e t\u00eam transformado a rela\u00e7\u00e3o entre inova\u00e7\u00e3o, economia e inclus\u00e3o financeira.<\/li><\/ul>\n\n\n\n<h3><strong>Sorteio milion\u00e1rio em criptomoedas e experi\u00eancias exclusivas<\/strong><\/h3>\n\n\n\n<p>Entre as atra\u00e7\u00f5es mais aguardadas est\u00e1 o <strong>sorteio promocional de R$ 1 milh\u00e3o em criptomoedas<\/strong>, oferecido pelas marcas participantes e exclusivo para os presentes. A iniciativa simboliza o acesso a ferramentas digitais e \u00e0s oportunidades do futuro.<\/p>\n\n\n\n<p>\u201cEste n\u00e3o \u00e9 apenas um encontro festivo. \u00c9 um <strong>espa\u00e7o de afirma\u00e7\u00e3o, inspira\u00e7\u00e3o e conex\u00e3o verdadeira<\/strong>. Aos 60 anos, sinto-me mais ousada do que nunca. A mulher n\u00e3o tem prazo de validade, ela tem ciclos \u2014 e cada um pode ser extraordin\u00e1rio\u201d, afirma Luciana Ara\u00fajo, CEO do Grupo Jurema.<\/p>\n\n\n\n<figure class=\"wp-block-image aligncenter size-large is-resized\"><img src=\"https:\/\/vimagazine.com.br\/wp-content\/uploads\/2025\/07\/Screenshot_20250715_204407_Instagram-800x1024.jpg\" alt=\"\" class=\"wp-image-19556\" width=\"600\" height=\"768\" srcset=\"https:\/\/vimagazine.com.br\/wp-content\/uploads\/2025\/07\/Screenshot_20250715_204407_Instagram-800x1024.jpg 800w, https:\/\/vimagazine.com.br\/wp-content\/uploads\/2025\/07\/Screenshot_20250715_204407_Instagram-234x300.jpg 234w, https:\/\/vimagazine.com.br\/wp-content\/uploads\/2025\/07\/Screenshot_20250715_204407_Instagram-768x983.jpg 768w, https:\/\/vimagazine.com.br\/wp-content\/uploads\/2025\/07\/Screenshot_20250715_204407_Instagram.jpg 904w\" sizes=\"(max-width: 600px) 100vw, 600px\" \/><\/figure>\n\n\n\n<p><\/p>\n\n\n\n<h3><strong>Como participar<\/strong><\/h3>\n\n\n\n<p>O evento \u00e9 <strong>aberto ao p\u00fablico mediante ades\u00e3o no valor de R$ 200,00<\/strong>, com reservas dispon\u00edveis at\u00e9 <strong>20 de julho<\/strong>. As <strong>vagas s\u00e3o limitadas<\/strong> e a curadoria dos participantes visa garantir conex\u00f5es relevantes entre marcas, influenciadores, empreendedores e investidores. O encontro ser\u00e1 realizado no <strong>Outback Casinha<\/strong>, espa\u00e7o que tamb\u00e9m oferecer\u00e1 um <strong>rod\u00edzio especial aos convidados<\/strong>.<\/p>\n","protected":false},"excerpt":{"rendered":"<p>O Rio de Janeiro ser\u00e1 palco, no pr\u00f3ximo dia 31 de julho, de uma noite&#8230;<\/p>\n","protected":false},"author":1,"featured_media":19554,"comment_status":"closed","ping_status":"open","sticky":false,"template":"","format":"standard","meta":{"om_disable_all_campaigns":false,"_monsterinsights_skip_tracking":false,"_monsterinsights_sitenote_active":false,"_monsterinsights_sitenote_note":"","_monsterinsights_sitenote_category":0,"spay_email":""},"categories":[27],"tags":[],"jetpack_featured_media_url":"https:\/\/vimagazine.com.br\/wp-content\/uploads\/2025\/07\/Screenshot_20250715_204351_Instagram.jpg","_links":{"self":[{"href":"https:\/\/vimagazine.com.br\/index.php?rest_route=\/wp\/v2\/posts\/19553"}],"collection":[{"href":"https:\/\/vimagazine.com.br\/index.php?rest_route=\/wp\/v2\/posts"}],"about":[{"href":"https:\/\/vimagazine.com.br\/index.php?rest_route=\/wp\/v2\/types\/post"}],"author":[{"embeddable":true,"href":"https:\/\/vimagazine.com.br\/index.php?rest_route=\/wp\/v2\/users\/1"}],"replies":[{"embeddable":true,"href":"https:\/\/vimagazine.com.br\/index.php?rest_route=%2Fwp%2Fv2%2Fcomments&post=19553"}],"version-history":[{"count":1,"href":"https:\/\/vimagazine.com.br\/index.php?rest_route=\/wp\/v2\/posts\/19553\/revisions"}],"predecessor-version":[{"id":19557,"href":"https:\/\/vimagazine.com.br\/index.php?rest_route=\/wp\/v2\/posts\/19553\/revisions\/19557"}],"wp:featuredmedia":[{"embeddable":true,"href":"https:\/\/vimagazine.com.br\/index.php?rest_route=\/wp\/v2\/media\/19554"}],"wp:attachment":[{"href":"https:\/\/vimagazine.com.br\/index.php?rest_route=%2Fwp%2Fv2%2Fmedia&parent=19553"}],"wp:term":[{"taxonomy":"category","embeddable":true,"href":"https:\/\/vimagazine.com.br\/index.php?rest_route=%2Fwp%2Fv2%2Fcategories&post=19553"},{"taxonomy":"post_tag","embeddable":true,"href":"https:\/\/vimagazine.com.br\/index.php?rest_route=%2Fwp%2Fv2%2Ftags&post=19553"}],"curies":[{"name":"wp","href":"https:\/\/api.w.org\/{rel}","templated":true}]}}