{"id":19566,"date":"2025-07-18T10:28:27","date_gmt":"2025-07-18T13:28:27","guid":{"rendered":"https:\/\/vimagazine.com.br\/?p=19566"},"modified":"2025-07-18T10:28:27","modified_gmt":"2025-07-18T13:28:27","slug":"padel-cresce-no-brasil-e-santa-catarina-desponta-como-polo-de-talentos-do-esporte","status":"publish","type":"post","link":"https:\/\/vimagazine.com.br\/?p=19566","title":{"rendered":"Padel cresce no Brasil e Santa Catarina desponta como polo de talentos do esporte"},"content":{"rendered":"\n<p><\/p>\n\n\n\n<p><\/p>\n\n\n\n<p class=\"has-text-align-center\"><em>Com mais de 2 mil quadras espalhadas pelo pa\u00eds e cerca de 600 mil praticantes, segundo a Cobrapa, o padel conquista cada vez mais adeptos no Brasil, com crescimento m\u00e9dio de 15% a 20% ao ano. O estado catarinense tem se firmado como um dos principais centros da modalidade, com cerca de 90 mil praticantes, entre jovens promessas e atletas consagrados que lideram o ranking nacional.<\/em><\/p>\n\n\n\n<p><\/p>\n\n\n\n<p>Com partidas din\u00e2micas em quadras cercadas por vidro, que combinam elementos do t\u00eanis e do squash, o padel se consolidou como um dos esportes que mais crescem no pa\u00eds e atraiu a aten\u00e7\u00e3o at\u00e9 mesmo de craques do futebol, como Cristiano Ronaldo, Neymar e Ronaldo Fen\u00f4meno. Apesar de ter chegado por aqui nos anos 1990, a modalidade vive atualmente sua fase de maior expans\u00e3o, com a abertura de novas quadras, surgimento de clubes especializados e aumento no n\u00famero de praticantes em todas as regi\u00f5es. De janeiro a junho, j\u00e1 foram realizados mais de 40 torneios no pa\u00eds, inclusive o mais recente deles foi a America Padel Cup, primeiro grande evento internacional de padel no Rio de Janeiro, realizado no fim de junho, envolvendo as sele\u00e7\u00f5es brasileira e dos Estados Unidos.&nbsp;<\/p>\n\n\n\n<p>Segundo a Confedera\u00e7\u00e3o Brasileira de Padel (Cobrapa), o pa\u00eds j\u00e1 ultrapassa 600 mil praticantes do esporte, com crescimento m\u00e9dio de 15% a 20% ao ano, e possui mais de 2 mil quadras em funcionamento em 16 estados, a maioria delas na regi\u00e3o Sul. Santa Catarina desponta como um dos polos da modalidade, com estrutura moderna, atletas de destaque \u2013 com nomes que est\u00e3o no topo do ranking nacional e novos talentos \u2013 e torneios que movimentam o calend\u00e1rio esportivo, do litoral ao oeste do estado. Conforme a Cobrapal, SC conta com aproximadamente 350 quadras e cerca de 90 mil atletas praticantes da modalidade.&nbsp;<\/p>\n\n\n\n<p>Entre os principais nomes que colocam o estado no centro do padel brasileiro est\u00e1 o atleta Lucas Cunha, de 33 anos. Natural de Porto Alegre e morando em Itaja\u00ed desde 2021, ele come\u00e7ou no esporte aos 10 anos e se profissionalizou aos 19. Desde 2023, ocupa o topo do ranking nacional e representa a sele\u00e7\u00e3o brasileira em competi\u00e7\u00f5es internacionais. \u201cA profissionaliza\u00e7\u00e3o e crescimento do esporte s\u00f3 \u00e9 poss\u00edvel quando se tem apoio. Dessa forma, o atleta consegue desempenhar o seu melhor em quadra e tamb\u00e9m, em consequ\u00eancia disso, mais pessoas come\u00e7am a olhar os torneios e a jogar, mais crian\u00e7as se interessam pela pr\u00e1tica e isso faz com que o esporte cres\u00e7a na dimens\u00e3o que j\u00e1 est\u00e1 no Brasil hoje em dia. Sem d\u00favida essa profissionaliza\u00e7\u00e3o do esporte tem tudo a ver com grandes marcas, com grandes apoiadores que se importam com o bem-estar das pessoas\u201d, afirma Lucas, que acumula diversos t\u00edtulos, em especial no circuito nacional Brasil Padel Tour, e \u00e9 patrocinado pela CK, uma das principais construtoras de Santa Catarina.<\/p>\n\n\n\n<p>Outro destaque catarinense, que tamb\u00e9m \u00e9 apoiado pela CK, \u00e9 o jovem Frederico De Marco Rigon, de apenas 15 anos, natural de Chapec\u00f3 e que reside em Balne\u00e1rio Cambori\u00fa. Ele come\u00e7ou a praticar o esporte h\u00e1 cerca de tr\u00eas anos e j\u00e1 acumula conquistas relevantes, como o bicampeonato brasileiro nas categorias Sub-12 e Sub-14 e o 3\u00ba lugar no Campeonato Pan-Americano Sub-14 de 2024. Fredinho, como \u00e9 chamado, compete na segunda categoria do esporte e come\u00e7ou a trilhar os primeiros passos no profissional. \u201cTer pessoas me apoiando faz eu acreditar ainda mais no meu potencial e faz com que eu consiga alcan\u00e7ar muitos lugares\u201d, comenta Frederico, que enxerga no esporte uma oportunidade de crescimento pessoal e profissional.<\/p>\n\n\n\n<p>Uma das principais apoiadoras do padel em Santa Catarina, a Construtora CK vai al\u00e9m do patroc\u00ednio aos atletas: a marca se envolve no dia a dia do esporte e tamb\u00e9m auxilia na promo\u00e7\u00e3o de torneios. O pr\u00f3prio diretor da empresa,\u00a0Charles Kan, \u00e9 praticante ass\u00edduo de padel e acredita no impacto social do esporte. \u201cInvestir no padel \u00e9 uma forma de contribuir com a forma\u00e7\u00e3o de atletas e tamb\u00e9m com o futuro do esporte no pa\u00eds. Apoiar jovens como o Frederico e profissionais como o Lucas \u00e9 acreditar que o esporte transforma vidas e cria oportunidades reais\u201d, afirma.<\/p>\n\n\n\n<p><\/p>\n\n\n\n<p><\/p>\n\n\n\n<figure class=\"wp-container-2 wp-block-gallery-1 wp-block-gallery has-nested-images columns-default is-cropped\">\n<figure class=\"wp-block-image size-large\"><img width=\"1080\" height=\"1920\" data-id=\"19569\"  src=\"https:\/\/vimagazine.com.br\/wp-content\/uploads\/2025\/07\/Lucas-Cunha-e-Frederico-de-Marco-Rigon-Credito-Divulgacao-CK.jpg\" alt=\"\" class=\"wp-image-19569\" srcset=\"https:\/\/vimagazine.com.br\/wp-content\/uploads\/2025\/07\/Lucas-Cunha-e-Frederico-de-Marco-Rigon-Credito-Divulgacao-CK.jpg 1080w, https:\/\/vimagazine.com.br\/wp-content\/uploads\/2025\/07\/Lucas-Cunha-e-Frederico-de-Marco-Rigon-Credito-Divulgacao-CK-169x300.jpg 169w, https:\/\/vimagazine.com.br\/wp-content\/uploads\/2025\/07\/Lucas-Cunha-e-Frederico-de-Marco-Rigon-Credito-Divulgacao-CK-576x1024.jpg 576w, https:\/\/vimagazine.com.br\/wp-content\/uploads\/2025\/07\/Lucas-Cunha-e-Frederico-de-Marco-Rigon-Credito-Divulgacao-CK-768x1365.jpg 768w, https:\/\/vimagazine.com.br\/wp-content\/uploads\/2025\/07\/Lucas-Cunha-e-Frederico-de-Marco-Rigon-Credito-Divulgacao-CK-864x1536.jpg 864w, https:\/\/vimagazine.com.br\/wp-content\/uploads\/2025\/07\/Lucas-Cunha-e-Frederico-de-Marco-Rigon-Credito-Divulgacao-CK-1024x1820.jpg 1024w\" sizes=\"(max-width: 1080px) 100vw, 1080px\" \/><\/figure>\n\n\n\n<figure class=\"wp-block-image size-large\"><img width=\"1080\" height=\"1920\" data-id=\"19570\"  src=\"https:\/\/vimagazine.com.br\/wp-content\/uploads\/2025\/07\/Lucas-Cunha-Credito-Divulgacao-CK-1-1.jpg\" alt=\"\" class=\"wp-image-19570\" srcset=\"https:\/\/vimagazine.com.br\/wp-content\/uploads\/2025\/07\/Lucas-Cunha-Credito-Divulgacao-CK-1-1.jpg 1080w, https:\/\/vimagazine.com.br\/wp-content\/uploads\/2025\/07\/Lucas-Cunha-Credito-Divulgacao-CK-1-1-169x300.jpg 169w, https:\/\/vimagazine.com.br\/wp-content\/uploads\/2025\/07\/Lucas-Cunha-Credito-Divulgacao-CK-1-1-576x1024.jpg 576w, https:\/\/vimagazine.com.br\/wp-content\/uploads\/2025\/07\/Lucas-Cunha-Credito-Divulgacao-CK-1-1-768x1365.jpg 768w, https:\/\/vimagazine.com.br\/wp-content\/uploads\/2025\/07\/Lucas-Cunha-Credito-Divulgacao-CK-1-1-864x1536.jpg 864w, https:\/\/vimagazine.com.br\/wp-content\/uploads\/2025\/07\/Lucas-Cunha-Credito-Divulgacao-CK-1-1-1024x1820.jpg 1024w\" sizes=\"(max-width: 1080px) 100vw, 1080px\" \/><\/figure>\n\n\n\n<figure class=\"wp-block-image size-large\"><img width=\"1080\" height=\"1920\" data-id=\"19571\"  src=\"https:\/\/vimagazine.com.br\/wp-content\/uploads\/2025\/07\/Frederico-de-Marco-Rigon-Credito-Divulgacao-CK-1-1.jpg\" alt=\"\" class=\"wp-image-19571\" srcset=\"https:\/\/vimagazine.com.br\/wp-content\/uploads\/2025\/07\/Frederico-de-Marco-Rigon-Credito-Divulgacao-CK-1-1.jpg 1080w, https:\/\/vimagazine.com.br\/wp-content\/uploads\/2025\/07\/Frederico-de-Marco-Rigon-Credito-Divulgacao-CK-1-1-169x300.jpg 169w, https:\/\/vimagazine.com.br\/wp-content\/uploads\/2025\/07\/Frederico-de-Marco-Rigon-Credito-Divulgacao-CK-1-1-576x1024.jpg 576w, https:\/\/vimagazine.com.br\/wp-content\/uploads\/2025\/07\/Frederico-de-Marco-Rigon-Credito-Divulgacao-CK-1-1-768x1365.jpg 768w, https:\/\/vimagazine.com.br\/wp-content\/uploads\/2025\/07\/Frederico-de-Marco-Rigon-Credito-Divulgacao-CK-1-1-864x1536.jpg 864w, https:\/\/vimagazine.com.br\/wp-content\/uploads\/2025\/07\/Frederico-de-Marco-Rigon-Credito-Divulgacao-CK-1-1-1024x1820.jpg 1024w\" sizes=\"(max-width: 1080px) 100vw, 1080px\" \/><\/figure>\n<\/figure>\n\n\n\n<p><\/p>\n\n\n\n<p><strong>Sobre a Construtora CK<\/strong><\/p>\n\n\n\n<p>Sob dire\u00e7\u00e3o de Charles Kan, a Construtora CK se destaca no mercado catarinense desde 2010. A empresa se consolidou como uma refer\u00eancia no setor devido ao seu s\u00f3lido landbank e \u00e0 sua atua\u00e7\u00e3o estrat\u00e9gica em tr\u00eas cidades do litoral norte catarinense: Navegantes, Itaja\u00ed e Balne\u00e1rio Cambori\u00fa. Com quase 15 anos de experi\u00eancia, entregou at\u00e9 o momento 15 empreendimentos, totalizando 957 unidades habitacionais e 170 mil metros quadrados constru\u00eddos.&nbsp;Atualmente, possui 3&nbsp;obras em andamento, ambas em Itaja\u00ed: Artefacto Towers by CK, Urbe Residence e Habitah Praia Brava.<\/p>\n\n\n\n<p>https:\/\/www.construtorack.com.br\/.<\/p>\n","protected":false},"excerpt":{"rendered":"<p>Com mais de 2 mil quadras espalhadas pelo pa\u00eds e cerca de 600 mil praticantes,&#8230;<\/p>\n","protected":false},"author":1,"featured_media":19572,"comment_status":"closed","ping_status":"open","sticky":false,"template":"","format":"standard","meta":{"om_disable_all_campaigns":false,"_monsterinsights_skip_tracking":false,"_monsterinsights_sitenote_active":false,"_monsterinsights_sitenote_note":"","_monsterinsights_sitenote_category":0,"spay_email":""},"categories":[27],"tags":[],"jetpack_featured_media_url":"https:\/\/vimagazine.com.br\/wp-content\/uploads\/2025\/07\/Lucas-Cunha-e-Frederico-de-Marco-Rigon-Credito-Divulgacao-CK-Copia.jpg","_links":{"self":[{"href":"https:\/\/vimagazine.com.br\/index.php?rest_route=\/wp\/v2\/posts\/19566"}],"collection":[{"href":"https:\/\/vimagazine.com.br\/index.php?rest_route=\/wp\/v2\/posts"}],"about":[{"href":"https:\/\/vimagazine.com.br\/index.php?rest_route=\/wp\/v2\/types\/post"}],"author":[{"embeddable":true,"href":"https:\/\/vimagazine.com.br\/index.php?rest_route=\/wp\/v2\/users\/1"}],"replies":[{"embeddable":true,"href":"https:\/\/vimagazine.com.br\/index.php?rest_route=%2Fwp%2Fv2%2Fcomments&post=19566"}],"version-history":[{"count":1,"href":"https:\/\/vimagazine.com.br\/index.php?rest_route=\/wp\/v2\/posts\/19566\/revisions"}],"predecessor-version":[{"id":19573,"href":"https:\/\/vimagazine.com.br\/index.php?rest_route=\/wp\/v2\/posts\/19566\/revisions\/19573"}],"wp:featuredmedia":[{"embeddable":true,"href":"https:\/\/vimagazine.com.br\/index.php?rest_route=\/wp\/v2\/media\/19572"}],"wp:attachment":[{"href":"https:\/\/vimagazine.com.br\/index.php?rest_route=%2Fwp%2Fv2%2Fmedia&parent=19566"}],"wp:term":[{"taxonomy":"category","embeddable":true,"href":"https:\/\/vimagazine.com.br\/index.php?rest_route=%2Fwp%2Fv2%2Fcategories&post=19566"},{"taxonomy":"post_tag","embeddable":true,"href":"https:\/\/vimagazine.com.br\/index.php?rest_route=%2Fwp%2Fv2%2Ftags&post=19566"}],"curies":[{"name":"wp","href":"https:\/\/api.w.org\/{rel}","templated":true}]}}