{"id":1957,"date":"2021-12-17T10:13:26","date_gmt":"2021-12-17T13:13:26","guid":{"rendered":"https:\/\/vimagazine.com.br\/?p=1957"},"modified":"2021-12-17T10:23:59","modified_gmt":"2021-12-17T13:23:59","slug":"o-que-se-leva-de-2021","status":"publish","type":"post","link":"https:\/\/vimagazine.com.br\/?p=1957","title":{"rendered":"O que se leva de 2021?"},"content":{"rendered":"\n<p><\/p>\n\n\n\n<p class=\"has-normal-font-size\">Nem parece, mas, j\u00e1 se vai mais um ano. Foram 365 dias intensos, de oportunidades, de conquistas, derrotas, choros, sorrisos, mas, a vida \u00e9 justamente isso, essas altera\u00e7\u00f5es di\u00e1rias que fazem dela t\u00e3o interessante. Mas, o mais legal desse ano \u00e9 que estamos ainda aqui, para sentir e ver tudo isso que nos \u00e9 proporcionado. E isso j\u00e1 \u00e9 um enorme motivo de agradecer!<\/p>\n\n\n\n<p class=\"has-normal-font-size\">Mais um ano intenso, marcado por uma pandemia que revirou a rotina da grande maioria das pessoas, que se aproxima do fim. Nos \u00faltimos meses ainda as aten\u00e7\u00f5es estiveram voltadas para conter o impacto da dissemina\u00e7\u00e3o do coronav\u00edrus e reorganizar uma rotina poss\u00edvel e compat\u00edvel com a intensidade do momento vivenciado. Foram muitas as adapta\u00e7\u00f5es necess\u00e1rias nos \u00e2mbitos de trabalho, fam\u00edlia, lazer, e no pr\u00f3prio sentido de identidade &#8211; como se reconhecer em meio a tantas mudan\u00e7as? Tudo isso veio com algum grau de estresse, medo, preocupa\u00e7\u00e3o, cansa\u00e7o, ac\u00famulo de fun\u00e7\u00f5es e tarefas al\u00e9m de outras sensa\u00e7\u00f5es, talvez nem todas nome\u00e1veis at\u00e9 o momento.<\/p>\n\n\n\n<p class=\"has-normal-font-size\">Mas, come\u00e7amos a ver a luz no fim do t\u00fanel com o retorno de algumas atividades que fizeram nos sentir, no m\u00ednimo, VIVOS. E esse \u00e9 o mundo que queremos de novo com liberdade, poder abra\u00e7ar, expressar o amor da forma mais pura. Ano passado, no fim do ano, escrevi sobre isso e agora novamente, espero que no final de 2022 as coisas tenham mudado.<\/p>\n\n\n\n<p class=\"has-normal-font-size\">O que fazer diante de tudo isso?\u00a0Aumentar o n\u00famero de atividades prazerosas pode auxiliar a lidar com o estresse, mas n\u00e3o basta. At\u00e9 porque em muitos casos, existe uma satura\u00e7\u00e3o de atividades a serem realizadas a cada dia. Destinar um tempo para cuidar do corpo, praticar esportes, cuidar da alimenta\u00e7\u00e3o, s\u00e3o estrat\u00e9gias fundamentais, mas, precisam estar alinhadas as particularidades da vida de cada um.<\/p>\n\n\n\n<p class=\"has-normal-font-size\">Se por um lado \u00e9 importante reavaliar prioridades, por outro tamb\u00e9m \u00e9 preciso reconhecer, acolher e respeitar limita\u00e7\u00f5es. Mesmo com muito desejo e investimento, nem sempre \u00e9 poss\u00edvel conciliar tudo e dar conta de todas as atividades como se espera. Ter cuidado com expectativas muito elevadas e com a autocr\u00edtica em excesso, exercitar o autoacolhimento e avaliar o que \u00e9 poss\u00edvel naquele momento facilita uma atitude positiva diante da vida.<\/p>\n\n\n\n<p class=\"has-normal-font-size\">Eu ouvi semana passada de uma amiga que o natal dela seria p\u00e9ssimo, pois est\u00e1 desempregada, eu disse: avalia quanta gente gostaria de ter algu\u00e9m ao lado nesse natal e perdeu nesse ano, voc\u00ea tem toda sua fam\u00edlia e ela respondeu: Mas ainda assim, passar o natal desse jeito \u00e9 p\u00e9ssimo. Ou seja, as pessoas est\u00e3o tendo mais um ano de oportunidades de ver o quanto de valioso tem em suas vidas e n\u00e3o percebem, amanh\u00e3 n\u00e3o existe&#8230;<\/p>\n\n\n\n<p class=\"has-normal-font-size\">Vale lembrar que identificar as mudan\u00e7as necess\u00e1rias e aceitar o que n\u00e3o \u00e9 poss\u00edvel modificar n\u00e3o \u00e9 uma tarefa f\u00e1cil. Hoje consigo ver as coisas com tamanha import\u00e2ncia, coisas que n\u00e3o via assim h\u00e1 alguns anos, uma pela idade mesmo, pelas pe\u00e7as que a vida nos prega e outra por investir em mim. Por isso, \u00e9 importante investir em autoconhecimento j\u00e1 que este possibilita maiores chances de construir uma vida valorosa e consciente de a\u00e7\u00f5es e escolhas, trazendo a sensa\u00e7\u00e3o de maior controle sobre a vida. Trata-se de perceber quais ideias ou percep\u00e7\u00f5es cada um tem sobre si mesmo, valores pessoais, padr\u00f5es de rea\u00e7\u00e3o frente \u00e0s situa\u00e7\u00f5es, emo\u00e7\u00f5es predominantes, organiza\u00e7\u00e3o da rotina, quais h\u00e1bitos s\u00e3o mantidos, com o prop\u00f3sito de valorizar aquilo que tem sido positivo e perceber a necessidade de mudan\u00e7as.<\/p>\n\n\n\n<p class=\"has-normal-font-size\">Uma pr\u00e1tica que tem recebido destaque \u00e9 o cultivo da &#8220;Aten\u00e7\u00e3o Plena&#8221;, que diz respeito a capacidade de estar conectado ao momento presente. Em meio a correria do dia a dia pode ser raro realmente estar atento ao que se est\u00e1 fazendo, sentindo ou mesmo ao fluxo de pensamentos que perpassam na mente naquele momento. Desenvolver a capacidade de estar atento a isso &#8211; com aten\u00e7\u00e3o, mas sem julgamento &#8211; facilita perceber o que cada tarefa desperta em termos de sensa\u00e7\u00f5es e percep\u00e7\u00f5es, e com isso identificar o que est\u00e1 de acordo com valores pessoais fazendo escolhas conscientes diante das circunst\u00e2ncias da vida.<\/p>\n\n\n\n<p class=\"has-normal-font-size\">POR FIM, O QUE VOC\u00ca PODE LEVAR PARA 2022? Com a aproxima\u00e7\u00e3o do fechamento de 2021, mesmo que a pandemia ainda n\u00e3o tenha acabado, renovam-se as esperan\u00e7as de estabiliza\u00e7\u00e3o e inicia-se para muitas pessoas o momento de refletir sobre sua organiza\u00e7\u00e3o de vida. N\u00e3o h\u00e1 receita \u00fanica e cada um precisar\u00e1 avaliar as suas possibilidades de acordo com a sua realidade. Olhar com amor e respeito para o que foi poss\u00edvel at\u00e9 aqui, visualizar para onde se quer ir, mas lembrar-se de concentrar-se no presente &#8211; pois a vida acontece no agora &#8211; s\u00e3o pontos fundamentais a serem exercitados.<\/p>\n\n\n\n<p class=\"has-normal-font-size\">J\u00e1 agradeceu hoje por tudo que 2021 tem lhe proporcionado? Ou por simplesmente estar vivo? Ou por ter algu\u00e9m que lhe ama? O que quer levar para 2022? Para ter coisas novas, precisa de mudan\u00e7as&#8230;<\/p>\n\n\n\n<p class=\"has-normal-font-size\"><strong>Desejo a todos um feliz natal e um 2022 de muita sa\u00fade e amor no cora\u00e7\u00e3o de todos!<\/strong><\/p>\n\n\n\n<p style=\"font-size:12px\">Por: Vagner Oliveira<br><br><\/p>\n\n\n\n<p style=\"font-size:14px\"><strong>Vagner Oliveira<\/strong><\/p>\n\n\n\n<p style=\"font-size:14px\"><strong>Advogado<\/strong><\/p>\n\n\n\n<p style=\"font-size:14px\"><strong>Especialista em Direito Homoafetivo<\/strong><\/p>\n\n\n\n<p style=\"font-size:14px\"><strong>P\u00f3s-Graduado em Processo Civil<\/strong><\/p>\n\n\n\n<p style=\"font-size:14px\"><strong>Instagram: @eu.vagner<\/strong><\/p>\n\n\n\n<p style=\"font-size:14px\"><strong>Contato: <\/strong><a href=\"mailto:advogadovagner@hotmail.com\"><strong>advogadovagner@hotmail.com<\/strong><\/a><\/p>\n\n\n\n<p style=\"font-size:11px\">Foto: Divulga\u00e7\u00e3o<br><br><\/p>\n","protected":false},"excerpt":{"rendered":"<p>Nem parece, mas, j\u00e1 se vai mais um ano. Foram 365 dias intensos, de oportunidades,&#8230;<\/p>\n","protected":false},"author":35,"featured_media":1959,"comment_status":"closed","ping_status":"open","sticky":false,"template":"","format":"standard","meta":{"om_disable_all_campaigns":false,"_monsterinsights_skip_tracking":false,"_monsterinsights_sitenote_active":false,"_monsterinsights_sitenote_note":"","_monsterinsights_sitenote_category":0,"spay_email":""},"categories":[1],"tags":[118,185,186,34,37,187,45],"jetpack_featured_media_url":"https:\/\/vimagazine.com.br\/wp-content\/uploads\/2021\/12\/thank-you-gd9946cfa9_1920-1.jpg","_links":{"self":[{"href":"https:\/\/vimagazine.com.br\/index.php?rest_route=\/wp\/v2\/posts\/1957"}],"collection":[{"href":"https:\/\/vimagazine.com.br\/index.php?rest_route=\/wp\/v2\/posts"}],"about":[{"href":"https:\/\/vimagazine.com.br\/index.php?rest_route=\/wp\/v2\/types\/post"}],"author":[{"embeddable":true,"href":"https:\/\/vimagazine.com.br\/index.php?rest_route=\/wp\/v2\/users\/35"}],"replies":[{"embeddable":true,"href":"https:\/\/vimagazine.com.br\/index.php?rest_route=%2Fwp%2Fv2%2Fcomments&post=1957"}],"version-history":[{"count":6,"href":"https:\/\/vimagazine.com.br\/index.php?rest_route=\/wp\/v2\/posts\/1957\/revisions"}],"predecessor-version":[{"id":1967,"href":"https:\/\/vimagazine.com.br\/index.php?rest_route=\/wp\/v2\/posts\/1957\/revisions\/1967"}],"wp:featuredmedia":[{"embeddable":true,"href":"https:\/\/vimagazine.com.br\/index.php?rest_route=\/wp\/v2\/media\/1959"}],"wp:attachment":[{"href":"https:\/\/vimagazine.com.br\/index.php?rest_route=%2Fwp%2Fv2%2Fmedia&parent=1957"}],"wp:term":[{"taxonomy":"category","embeddable":true,"href":"https:\/\/vimagazine.com.br\/index.php?rest_route=%2Fwp%2Fv2%2Fcategories&post=1957"},{"taxonomy":"post_tag","embeddable":true,"href":"https:\/\/vimagazine.com.br\/index.php?rest_route=%2Fwp%2Fv2%2Ftags&post=1957"}],"curies":[{"name":"wp","href":"https:\/\/api.w.org\/{rel}","templated":true}]}}