{"id":19615,"date":"2025-07-21T15:00:20","date_gmt":"2025-07-21T18:00:20","guid":{"rendered":"https:\/\/vimagazine.com.br\/?p=19615"},"modified":"2025-07-21T15:00:21","modified_gmt":"2025-07-21T18:00:21","slug":"joinville-presta-tributo-a-musicos-locais-durante-festival-de-danca","status":"publish","type":"post","link":"https:\/\/vimagazine.com.br\/?p=19615","title":{"rendered":"Joinville presta tributo a m\u00fasicos locais durante Festival de Dan\u00e7a"},"content":{"rendered":"\n<figure class=\"wp-block-image size-large\"><img width=\"1024\" height=\"576\" src=\"https:\/\/vimagazine.com.br\/wp-content\/uploads\/2025\/07\/WhatsApp-Image-2025-07-21-at-09.57.37-1024x576.jpeg\" alt=\"\" class=\"wp-image-19616\" srcset=\"https:\/\/vimagazine.com.br\/wp-content\/uploads\/2025\/07\/WhatsApp-Image-2025-07-21-at-09.57.37-1024x576.jpeg 1024w, https:\/\/vimagazine.com.br\/wp-content\/uploads\/2025\/07\/WhatsApp-Image-2025-07-21-at-09.57.37-300x169.jpeg 300w, https:\/\/vimagazine.com.br\/wp-content\/uploads\/2025\/07\/WhatsApp-Image-2025-07-21-at-09.57.37-768x432.jpeg 768w, https:\/\/vimagazine.com.br\/wp-content\/uploads\/2025\/07\/WhatsApp-Image-2025-07-21-at-09.57.37-1536x864.jpeg 1536w, https:\/\/vimagazine.com.br\/wp-content\/uploads\/2025\/07\/WhatsApp-Image-2025-07-21-at-09.57.37.jpeg 1600w\" sizes=\"(max-width: 1024px) 100vw, 1024px\" \/><\/figure>\n\n\n\n<p>\u201cQuando as Estrelas Partem\u201d acontece no centro da cidade e homenageia artistas que marcaram a cena musical joinvilense<\/p>\n\n\n\n<p>Na \u00e9poca que acontece o Festival de Dan\u00e7a, Joinville abrir\u00e1 espa\u00e7o tamb\u00e9m para um momento de mem\u00f3ria e rever\u00eancia. Na quinta-feira, 24 de julho, \u00e0s 19h, a Travessa Dr. Norberto Bachmann, no cora\u00e7\u00e3o da cidade, receber\u00e1 o espet\u00e1culo \u201cQuando as Estrelas Partem\u201d, uma homenagem a m\u00fasicos joinvilenses que faleceram nos \u00faltimos anos e deixaram uma marca na cultura local.<\/p>\n\n\n\n<p>O evento gratuito faz parte da programa\u00e7\u00e3o do projeto Viva a Noite e tem como proposta transformar o centro de Joinville em um palco de celebra\u00e7\u00e3o art\u00edstica.<\/p>\n\n\n\n<p>Idealizado pela Associa\u00e7\u00e3o de M\u00fasicos de Joinville, o projeto, com cerca de 90 minutos de dura\u00e7\u00e3o, presta tributo a artistas que marcaram a hist\u00f3ria da m\u00fasica local e partiram precocemente, alguns deles durante a pandemia de Covid-19. Entre os nomes lembrados est\u00e3o Elisangela dos Santos (Zanza), Vanderlei Queiroz, Julian Dombeck, Jos\u00e9 Ac\u00e1ssio Martins, Marcos Maia, Esdras K\u00f6ntopp, entre outros<\/p>\n\n\n\n<p>A Travessa Dr. Norberto Bachmann, onde o evento ser\u00e1 realizado, \u00e9 um espa\u00e7o urbano recentemente revitalizado, ao lado do Terminal Central, que vem sendo reocupado com feiras, eventos culturais e a\u00e7\u00f5es comunit\u00e1rias. A proposta \u00e9 n\u00e3o apenas ocupar o espa\u00e7o p\u00fablico, mas preench\u00ea-lo de sentido.<\/p>\n\n\n\n<p>O projeto tem apoio da Associa\u00e7\u00e3o de M\u00fasicos de Joinville e da Feira Viva a Noite, e foi viabilizado com recursos do Simdec \u2013 Sistema Municipal de Desenvolvimento pela Cultura, por meio da Lei de Incentivo \u00e0 Cultura.<\/p>\n\n\n\n<p>Agende-se<\/p>\n\n\n\n<p>Espet\u00e1culo: Quando as Estrelas Partem<\/p>\n\n\n\n<p>Data: Quinta-feira, 24 de julho<\/p>\n\n\n\n<p>Hor\u00e1rio: 19h<\/p>\n\n\n\n<p>Local: Travessa Dr. Norberto Bachmann (Centro de Joinville)<\/p>\n\n\n\n<p>Entrada gratuita<\/p>\n","protected":false},"excerpt":{"rendered":"<p>\u201cQuando as Estrelas Partem\u201d acontece no centro da cidade e homenageia artistas que marcaram a&#8230;<\/p>\n","protected":false},"author":20,"featured_media":0,"comment_status":"closed","ping_status":"open","sticky":false,"template":"","format":"standard","meta":{"om_disable_all_campaigns":false,"_monsterinsights_skip_tracking":false,"_monsterinsights_sitenote_active":false,"_monsterinsights_sitenote_note":"","_monsterinsights_sitenote_category":0,"spay_email":""},"categories":[1],"tags":[],"jetpack_featured_media_url":"","_links":{"self":[{"href":"https:\/\/vimagazine.com.br\/index.php?rest_route=\/wp\/v2\/posts\/19615"}],"collection":[{"href":"https:\/\/vimagazine.com.br\/index.php?rest_route=\/wp\/v2\/posts"}],"about":[{"href":"https:\/\/vimagazine.com.br\/index.php?rest_route=\/wp\/v2\/types\/post"}],"author":[{"embeddable":true,"href":"https:\/\/vimagazine.com.br\/index.php?rest_route=\/wp\/v2\/users\/20"}],"replies":[{"embeddable":true,"href":"https:\/\/vimagazine.com.br\/index.php?rest_route=%2Fwp%2Fv2%2Fcomments&post=19615"}],"version-history":[{"count":1,"href":"https:\/\/vimagazine.com.br\/index.php?rest_route=\/wp\/v2\/posts\/19615\/revisions"}],"predecessor-version":[{"id":19617,"href":"https:\/\/vimagazine.com.br\/index.php?rest_route=\/wp\/v2\/posts\/19615\/revisions\/19617"}],"wp:attachment":[{"href":"https:\/\/vimagazine.com.br\/index.php?rest_route=%2Fwp%2Fv2%2Fmedia&parent=19615"}],"wp:term":[{"taxonomy":"category","embeddable":true,"href":"https:\/\/vimagazine.com.br\/index.php?rest_route=%2Fwp%2Fv2%2Fcategories&post=19615"},{"taxonomy":"post_tag","embeddable":true,"href":"https:\/\/vimagazine.com.br\/index.php?rest_route=%2Fwp%2Fv2%2Ftags&post=19615"}],"curies":[{"name":"wp","href":"https:\/\/api.w.org\/{rel}","templated":true}]}}