{"id":19622,"date":"2025-07-22T16:20:46","date_gmt":"2025-07-22T19:20:46","guid":{"rendered":"https:\/\/vimagazine.com.br\/?p=19622"},"modified":"2025-07-22T16:20:47","modified_gmt":"2025-07-22T19:20:47","slug":"gabriel-oliveira-transforma-sonho-em-carreira-musical-promissora","status":"publish","type":"post","link":"https:\/\/vimagazine.com.br\/?p=19622","title":{"rendered":"Gabriel Oliveira transforma sonho em carreira musical promissora"},"content":{"rendered":"\n<p><\/p>\n\n\n\n<p><\/p>\n\n\n\n<p>Natural de Ceil\u00e2ndia (DF), o cantor e compositor <strong>Gabriel Oliveira dos Santos<\/strong> vem conquistando espa\u00e7o no cen\u00e1rio sertanejo com seu carisma, voz marcante e composi\u00e7\u00f5es autorais. De origem humilde e trajet\u00f3ria batalhadora, Gabriel teve o primeiro contato com a m\u00fasica aos 13 anos, enquanto ainda trabalhava como mec\u00e2nico na oficina do pai \u2014 profiss\u00e3o que lhe rendeu importantes li\u00e7\u00f5es de vida.<\/p>\n\n\n\n<p>O talento musical, no entanto, falou mais alto. Aos 17 anos, passou a se apresentar em eventos familiares, restaurantes e bares da regi\u00e3o. Com o tempo, a intimidade com o palco e o p\u00fablico cresceu, abrindo caminho para o in\u00edcio da produ\u00e7\u00e3o autoral.<\/p>\n\n\n\n<p>Em 2018, Gabriel lan\u00e7ou sua primeira m\u00fasica de trabalho, <strong>\u201cMulher de Programa\u201d<\/strong>, seguida pelos singles <strong>\u201cRem\u00e9dio Fatal\u201d<\/strong> (2019), <strong>\u201cBeijando no Rosto\u201d<\/strong> (2022) e <strong>\u201cEterna Parceria\u201d<\/strong> (2023). Agora, em 2025, o artista inicia uma nova fase com o projeto <strong>\u201cResenha Aleat\u00f3ria\u201d<\/strong>, uma proposta intimista com previs\u00e3o de v\u00e1rias edi\u00e7\u00f5es e eventos. Todo o material j\u00e1 est\u00e1 dispon\u00edvel nas plataformas digitais.<\/p>\n\n\n\n<p>Sobre suas influ\u00eancias, Gabriel \u00e9 direto: <em>\u201cComo todos n\u00f3s, tenho minhas refer\u00eancias. Uma dupla que marcou o in\u00edcio desse sonho foi Victor &amp; L\u00e9o. Hoje, minhas maiores inspira\u00e7\u00f5es s\u00e3o Gusttavo Lima e a dupla Z\u00e9 Neto &amp; Cristiano.\u201d<\/em><\/p>\n\n\n\n<p>Atualmente em S\u00e3o Paulo, o artista participou ontem do podcast <strong>Super Life Brasil<\/strong>, em um bate-papo descontra\u00eddo com o apresentador Ma Brito. Nesta segunda-feira (21), ele marca presen\u00e7a no programa <strong>\u201cViva a Vida\u201d<\/strong>, da <strong>Rede Vida<\/strong>, onde cantar\u00e1 seus sucessos ao lado de <strong>Dalcides Biscalquin<\/strong>.<\/p>\n\n\n\n<p>Com uma trajet\u00f3ria de perseveran\u00e7a e uma crescente presen\u00e7a na cena sertaneja, Gabriel Oliveira promete seguir trilhando um caminho de sucesso \u2014 e conquistando cora\u00e7\u00f5es por todo o Brasil.<\/p>\n","protected":false},"excerpt":{"rendered":"<p>Natural de Ceil\u00e2ndia (DF), o cantor e compositor Gabriel Oliveira dos Santos vem conquistando espa\u00e7o&#8230;<\/p>\n","protected":false},"author":1,"featured_media":19623,"comment_status":"closed","ping_status":"open","sticky":false,"template":"","format":"standard","meta":{"om_disable_all_campaigns":false,"_monsterinsights_skip_tracking":false,"_monsterinsights_sitenote_active":false,"_monsterinsights_sitenote_note":"","_monsterinsights_sitenote_category":0,"spay_email":""},"categories":[27],"tags":[],"jetpack_featured_media_url":"https:\/\/vimagazine.com.br\/wp-content\/uploads\/2025\/07\/WhatsApp-Image-2025-07-22-at-09.59.25.jpeg","_links":{"self":[{"href":"https:\/\/vimagazine.com.br\/index.php?rest_route=\/wp\/v2\/posts\/19622"}],"collection":[{"href":"https:\/\/vimagazine.com.br\/index.php?rest_route=\/wp\/v2\/posts"}],"about":[{"href":"https:\/\/vimagazine.com.br\/index.php?rest_route=\/wp\/v2\/types\/post"}],"author":[{"embeddable":true,"href":"https:\/\/vimagazine.com.br\/index.php?rest_route=\/wp\/v2\/users\/1"}],"replies":[{"embeddable":true,"href":"https:\/\/vimagazine.com.br\/index.php?rest_route=%2Fwp%2Fv2%2Fcomments&post=19622"}],"version-history":[{"count":1,"href":"https:\/\/vimagazine.com.br\/index.php?rest_route=\/wp\/v2\/posts\/19622\/revisions"}],"predecessor-version":[{"id":19624,"href":"https:\/\/vimagazine.com.br\/index.php?rest_route=\/wp\/v2\/posts\/19622\/revisions\/19624"}],"wp:featuredmedia":[{"embeddable":true,"href":"https:\/\/vimagazine.com.br\/index.php?rest_route=\/wp\/v2\/media\/19623"}],"wp:attachment":[{"href":"https:\/\/vimagazine.com.br\/index.php?rest_route=%2Fwp%2Fv2%2Fmedia&parent=19622"}],"wp:term":[{"taxonomy":"category","embeddable":true,"href":"https:\/\/vimagazine.com.br\/index.php?rest_route=%2Fwp%2Fv2%2Fcategories&post=19622"},{"taxonomy":"post_tag","embeddable":true,"href":"https:\/\/vimagazine.com.br\/index.php?rest_route=%2Fwp%2Fv2%2Ftags&post=19622"}],"curies":[{"name":"wp","href":"https:\/\/api.w.org\/{rel}","templated":true}]}}