{"id":19626,"date":"2025-07-24T08:59:56","date_gmt":"2025-07-24T11:59:56","guid":{"rendered":"https:\/\/vimagazine.com.br\/?p=19626"},"modified":"2025-07-24T08:59:59","modified_gmt":"2025-07-24T11:59:59","slug":"favretto-midia-exterior-estreia-no-maior-palco-de-danca-do-mundo-com-midia-exclusiva-no-centreventos-cau-hansen","status":"publish","type":"post","link":"https:\/\/vimagazine.com.br\/?p=19626","title":{"rendered":"Favretto M\u00eddia Exterior estreia no maior palco de dan\u00e7a do mundo com m\u00eddia exclusiva no Centreventos Cau Hansen"},"content":{"rendered":"\n<p class=\"has-text-align-center\">A Favretto M\u00eddia Exterior marca presen\u00e7a de forma in\u00e9dita e estrat\u00e9gica no maior festival de dan\u00e7a do mundo. Em parceria com o Instituto Festival de Dan\u00e7a de Joinville, a empresa assume protagonismo no Centreventos Cau Hansen, um dos espa\u00e7os mais ic\u00f4nicos e vers\u00e1teis para eventos do Sul do Brasil, para onde leva a expertise em comunica\u00e7\u00e3o visual e ativa\u00e7\u00f5es de alto impacto a partir deste ano.&nbsp;<\/p>\n\n\n\n<p class=\"has-text-align-center\">Pela primeira vez, o p\u00fablico do Festival de Dan\u00e7a de Joinville ser\u00e1 recebido com uma estrutura completa de m\u00eddia dentro do pr\u00f3prio Centreventos.<\/p>\n\n\n\n<p class=\"has-text-align-center\"> A Favretto implantou dois pain\u00e9is de LED de grande porte, sendo um no acesso \u00e0 entrada do teatro e outro direcionado ao estacionamento, al\u00e9m de 12 totens digitais internos estrategicamente distribu\u00eddos pelos corredores e espa\u00e7os de circula\u00e7\u00e3o. <\/p>\n\n\n\n<p class=\"has-text-align-center\">Completam essa presen\u00e7a os dois p\u00f3rticos de entrada e sa\u00edda do complexo, seis faces de MUB dupla face com Espa\u00e7o BIOOH, ao lado da principal rampa de acesso ao Centreventos.\u00a0<\/p>\n\n\n\n<p class=\"has-text-align-center\">A parceria com o Instituto Festival de Dan\u00e7a de Joinville \u00e9 um marco para a Favretto, assim como para todo mercado de m\u00eddia, que ganha in\u00fameras oportunidades \u201c\u00c9 uma oportunidade \u00fanica para que marcas possam se conectar de forma criativa, sens\u00edvel e eficiente com um p\u00fablico altamente engajado com arte, cultura e movimento\u201d,\u00a0 considera Gilson Soares, s\u00f3cio respons\u00e1vel pela opera\u00e7\u00e3o e que tem investido em Joinville. <\/p>\n\n\n\n<p class=\"has-text-align-center\">\u201cA\u00a0 cidade pulsa cultura, e n\u00f3s queremos estar em sintonia com esse ritmo\u201d, complementa.\u00a0<\/p>\n\n\n\n<p class=\"has-text-align-center\">Al\u00e9m da presen\u00e7a interna no Centreventos, as marcas t\u00eam \u00e0 disposi\u00e7\u00e3o cotas nos ativos da Favretto e podem expandir a visibilidade\u00a0por toda a cidade, pelos circuitos de pain\u00e9is digitais, bem como por telas em elevadores em diversos pr\u00e9dios comerciais e residenciais. <\/p>\n\n\n\n<p class=\"has-text-align-center\">Os espa\u00e7os est\u00e3o em plena comercializa\u00e7\u00e3o e ainda podem ser aproveitados pelos clientes.\u00a0<\/p>\n\n\n\n<p class=\"has-text-align-center\">Com mais de 25 anos de hist\u00f3ria, o Centreventos Cau Hansen conta com cinco mil metros quadrados de \u00e1rea e capacidade para at\u00e9 seis mil pessoas.<\/p>\n\n\n\n<p class=\"has-text-align-center\"> \u00c9 esse cen\u00e1rio, que tamb\u00e9m abriga a \u00fanica filial internacional da Escola do Teatro Bolshoi no Brasil, o qual passa a contar com a as solu\u00e7\u00f5es da empresa.\u00a0<\/p>\n\n\n\n<figure class=\"wp-block-image aligncenter size-large\"><img width=\"768\" height=\"1024\" src=\"https:\/\/vimagazine.com.br\/wp-content\/uploads\/2025\/07\/IMG_7660-2-768x1024.jpg\" alt=\"\" class=\"wp-image-19628\" srcset=\"https:\/\/vimagazine.com.br\/wp-content\/uploads\/2025\/07\/IMG_7660-2-768x1024.jpg 768w, https:\/\/vimagazine.com.br\/wp-content\/uploads\/2025\/07\/IMG_7660-2-225x300.jpg 225w, https:\/\/vimagazine.com.br\/wp-content\/uploads\/2025\/07\/IMG_7660-2-1152x1536.jpg 1152w, https:\/\/vimagazine.com.br\/wp-content\/uploads\/2025\/07\/IMG_7660-2-1024x1365.jpg 1024w, https:\/\/vimagazine.com.br\/wp-content\/uploads\/2025\/07\/IMG_7660-2.jpg 1440w\" sizes=\"(max-width: 768px) 100vw, 768px\" \/><\/figure>\n\n\n\n<p class=\"has-text-align-center\"><strong>Sobre a Favretto<\/strong><\/p>\n\n\n\n<p class=\"has-text-align-center\">Com mais 45 anos de hist\u00f3ria, a Favretto oferece visibilidade e impacto diferenciados para quem necessita se comunicar com diferentes p\u00fablicos-alvo pelo Sul do pa\u00eds.<\/p>\n\n\n\n<p class=\"has-text-align-center\"> Especializada em\u00a0m\u00eddia exterior, a empresa conta com mais de\u00a08.000 faces publicit\u00e1rias\u00a0na regi\u00e3o Sul pa\u00eds. Entre os servi\u00e7os realizados pela empresa est\u00e3o a implanta\u00e7\u00e3o de m\u00eddias urbanas e especiais por meio da Favretto M\u00eddia Exterior;\u00a0a permiss\u00e3o do uso de solo para implanta\u00e7\u00e3o de pain\u00e9is na Arteris &#8211; litoral sul, que liga Curitiba a Florian\u00f3polis; e personaliza\u00e7\u00e3o de frotas e impress\u00e3o digital pela Favretto Comunica\u00e7\u00e3o Visual..\u00a0<\/p>\n\n\n\n<p class=\"has-text-align-center\"><strong>INFORMA\u00c7\u00d5ES \u00c0 IMPRENSA<\/strong><\/p>\n\n\n\n<p class=\"has-text-align-center\"><strong>Liana Trevisan<\/strong><\/p>\n\n\n\n<p class=\"has-text-align-center\"><strong>Comunica+<\/strong><\/p>\n\n\n\n<p class=\"has-text-align-center\">Produ\u00e7\u00e3o, edi\u00e7\u00e3o e revis\u00e3o de conte\u00fado.<\/p>\n\n\n\n<p class=\"has-text-align-center\">Relacionamento com a imprensa.<\/p>\n\n\n\n<p class=\"has-text-align-center\">Comunica\u00e7\u00e3o com prop\u00f3sito.<\/p>\n\n\n\n<p class=\"has-text-align-center\">47 98868-8484 \u2013&nbsp;<a href=\"mailto:lianaptrevisan@gmail.com\" target=\"_blank\" rel=\"noreferrer noopener\">lianaptrevisan@gmail.com<\/a>&nbsp;<\/p>\n","protected":false},"excerpt":{"rendered":"<p>A Favretto M\u00eddia Exterior marca presen\u00e7a de forma in\u00e9dita e estrat\u00e9gica no maior festival de&#8230;<\/p>\n","protected":false},"author":3,"featured_media":19627,"comment_status":"closed","ping_status":"open","sticky":false,"template":"","format":"standard","meta":{"om_disable_all_campaigns":false,"_monsterinsights_skip_tracking":false,"_monsterinsights_sitenote_active":false,"_monsterinsights_sitenote_note":"","_monsterinsights_sitenote_category":0,"spay_email":""},"categories":[1],"tags":[],"jetpack_featured_media_url":"https:\/\/vimagazine.com.br\/wp-content\/uploads\/2025\/07\/IMG_7647-2-e1753358245876.jpg","_links":{"self":[{"href":"https:\/\/vimagazine.com.br\/index.php?rest_route=\/wp\/v2\/posts\/19626"}],"collection":[{"href":"https:\/\/vimagazine.com.br\/index.php?rest_route=\/wp\/v2\/posts"}],"about":[{"href":"https:\/\/vimagazine.com.br\/index.php?rest_route=\/wp\/v2\/types\/post"}],"author":[{"embeddable":true,"href":"https:\/\/vimagazine.com.br\/index.php?rest_route=\/wp\/v2\/users\/3"}],"replies":[{"embeddable":true,"href":"https:\/\/vimagazine.com.br\/index.php?rest_route=%2Fwp%2Fv2%2Fcomments&post=19626"}],"version-history":[{"count":1,"href":"https:\/\/vimagazine.com.br\/index.php?rest_route=\/wp\/v2\/posts\/19626\/revisions"}],"predecessor-version":[{"id":19629,"href":"https:\/\/vimagazine.com.br\/index.php?rest_route=\/wp\/v2\/posts\/19626\/revisions\/19629"}],"wp:featuredmedia":[{"embeddable":true,"href":"https:\/\/vimagazine.com.br\/index.php?rest_route=\/wp\/v2\/media\/19627"}],"wp:attachment":[{"href":"https:\/\/vimagazine.com.br\/index.php?rest_route=%2Fwp%2Fv2%2Fmedia&parent=19626"}],"wp:term":[{"taxonomy":"category","embeddable":true,"href":"https:\/\/vimagazine.com.br\/index.php?rest_route=%2Fwp%2Fv2%2Fcategories&post=19626"},{"taxonomy":"post_tag","embeddable":true,"href":"https:\/\/vimagazine.com.br\/index.php?rest_route=%2Fwp%2Fv2%2Ftags&post=19626"}],"curies":[{"name":"wp","href":"https:\/\/api.w.org\/{rel}","templated":true}]}}