{"id":19701,"date":"2025-07-27T14:44:25","date_gmt":"2025-07-27T17:44:25","guid":{"rendered":"https:\/\/vimagazine.com.br\/?p=19701"},"modified":"2025-07-27T14:44:27","modified_gmt":"2025-07-27T17:44:27","slug":"jornalista-de-joinville-sera-mestre-de-cerimonias-de-concertos-em-curitiba-e-sao-paulo","status":"publish","type":"post","link":"https:\/\/vimagazine.com.br\/?p=19701","title":{"rendered":"JORNALISTA DE JOINVILLE SER\u00c1 MESTRE DE CERIM\u00d4NIAS DE CONCERTOS EM CURITIBA E S\u00c3O PAULO"},"content":{"rendered":"\n<p><\/p>\n\n\n\n<p class=\"has-medium-font-size\"><strong>Marcos Pereira acompanha turn\u00ea nacional do Musicarium Academia Filarm\u00f4nica Brasileira<\/strong><\/p>\n\n\n\n<p>O jornalista e apresentador Marcos Pereira foi convidado para ser o Mestre de Cerim\u00f4nias oficial da turn\u00ea do Musicarium \u2013 Centro de Forma\u00e7\u00e3o de Orquestras. O circuito nacional passa por duas importantes capitais culturais do Brasil: Curitiba, com apresenta\u00e7\u00e3o no dia 29 de julho, e S\u00e3o Paulo, com concerto no ic\u00f4nico MASP \u2013 Museu de Arte de S\u00e3o Paulo, no dia 31 de julho.<\/p>\n\n\n\n<p>A escolha de Marcos Pereira refor\u00e7a a sensibilidade e o profissionalismo que o projeto busca em suas apresenta\u00e7\u00f5es. Com ampla experi\u00eancia em eventos institucionais, empresariais e culturais, Marcos ser\u00e1 a voz que guiar\u00e1 o p\u00fablico por momentos de emo\u00e7\u00e3o, excel\u00eancia art\u00edstica e significado.<\/p>\n\n\n\n<p>\u201cO Musicarium orgulha Santa Catarina e o Brasil. Estou muito feliz com essa oportunidade de ser a voz do projeto em eventos \u00fanicos como este concerto\u201d, destaca Marcos.<\/p>\n\n\n\n<p>O Musicarium \u00e9 muito mais que uma orquestra. \u00c9 um espa\u00e7o de transforma\u00e7\u00e3o social. Por meio da m\u00fasica erudita, oferece a crian\u00e7as e jovens acesso gratuito \u00e0 educa\u00e7\u00e3o humanista e \u00e0 cultura musical de excel\u00eancia, com forma\u00e7\u00e3o de n\u00edvel internacional. O centro prepara seus alunos para se tornarem m\u00fasicos profissionais de orquestra, al\u00e9m de cidad\u00e3os conscientes e protagonistas de suas hist\u00f3rias.<\/p>\n\n\n\n<p><\/p>\n\n\n\n<figure class=\"wp-block-image aligncenter size-large is-resized\"><img src=\"https:\/\/vimagazine.com.br\/wp-content\/uploads\/2025\/07\/WhatsApp-Image-2025-07-27-at-11.34.37-1-1024x682.jpeg\" alt=\"\" class=\"wp-image-19702\" width=\"768\" height=\"512\" srcset=\"https:\/\/vimagazine.com.br\/wp-content\/uploads\/2025\/07\/WhatsApp-Image-2025-07-27-at-11.34.37-1-1024x682.jpeg 1024w, https:\/\/vimagazine.com.br\/wp-content\/uploads\/2025\/07\/WhatsApp-Image-2025-07-27-at-11.34.37-1-300x200.jpeg 300w, https:\/\/vimagazine.com.br\/wp-content\/uploads\/2025\/07\/WhatsApp-Image-2025-07-27-at-11.34.37-1-768x512.jpeg 768w, https:\/\/vimagazine.com.br\/wp-content\/uploads\/2025\/07\/WhatsApp-Image-2025-07-27-at-11.34.37-1-1536x1023.jpeg 1536w, https:\/\/vimagazine.com.br\/wp-content\/uploads\/2025\/07\/WhatsApp-Image-2025-07-27-at-11.34.37-1.jpeg 1600w\" sizes=\"(max-width: 768px) 100vw, 768px\" \/><\/figure>\n\n\n\n<p><\/p>\n\n\n\n<p><\/p>\n\n\n\n<p>Em 2024, o Musicarium deu um passo hist\u00f3rico ao realizar sua primeira turn\u00ea internacional, com concertos aclamados na Su\u00ed\u00e7a, Alemanha e Holanda. A experi\u00eancia consolidou o papel da institui\u00e7\u00e3o como embaixadora da m\u00fasica brasileira no exterior, abrindo portas e criando interc\u00e2mbios culturais de valor incalcul\u00e1vel.<br>Agora, com o \u201cMusicarium in Concert Tour Brasil 2025 \u201d, a miss\u00e3o continua em solo nacional. A turn\u00ea \u00e9 uma celebra\u00e7\u00e3o da m\u00fasica como ferramenta de transforma\u00e7\u00e3o, da educa\u00e7\u00e3o como ponte para o futuro e da arte como legado.<br>Este concerto n\u00e3o \u00e9 apenas uma apresenta\u00e7\u00e3o musical. \u00c9 um convite \u00e0 reflex\u00e3o, \u00e0 emo\u00e7\u00e3o e ao apoio a iniciativas que ressignificam vidas por meio da cultura. Musicarium in Concert \u00e9, acima de tudo, um gesto de esperan\u00e7a.<\/p>\n\n\n\n<p><strong>Fotos:<\/strong> Gabriel Bazt<\/p>\n","protected":false},"excerpt":{"rendered":"<p>Marcos Pereira acompanha turn\u00ea nacional do Musicarium Academia Filarm\u00f4nica Brasileira O jornalista e apresentador Marcos&#8230;<\/p>\n","protected":false},"author":1,"featured_media":19703,"comment_status":"closed","ping_status":"open","sticky":false,"template":"","format":"standard","meta":{"om_disable_all_campaigns":false,"_monsterinsights_skip_tracking":false,"_monsterinsights_sitenote_active":false,"_monsterinsights_sitenote_note":"","_monsterinsights_sitenote_category":0,"spay_email":""},"categories":[27],"tags":[],"jetpack_featured_media_url":"https:\/\/vimagazine.com.br\/wp-content\/uploads\/2025\/07\/WhatsApp-Image-2025-07-27-at-11.34.37.jpeg","_links":{"self":[{"href":"https:\/\/vimagazine.com.br\/index.php?rest_route=\/wp\/v2\/posts\/19701"}],"collection":[{"href":"https:\/\/vimagazine.com.br\/index.php?rest_route=\/wp\/v2\/posts"}],"about":[{"href":"https:\/\/vimagazine.com.br\/index.php?rest_route=\/wp\/v2\/types\/post"}],"author":[{"embeddable":true,"href":"https:\/\/vimagazine.com.br\/index.php?rest_route=\/wp\/v2\/users\/1"}],"replies":[{"embeddable":true,"href":"https:\/\/vimagazine.com.br\/index.php?rest_route=%2Fwp%2Fv2%2Fcomments&post=19701"}],"version-history":[{"count":1,"href":"https:\/\/vimagazine.com.br\/index.php?rest_route=\/wp\/v2\/posts\/19701\/revisions"}],"predecessor-version":[{"id":19704,"href":"https:\/\/vimagazine.com.br\/index.php?rest_route=\/wp\/v2\/posts\/19701\/revisions\/19704"}],"wp:featuredmedia":[{"embeddable":true,"href":"https:\/\/vimagazine.com.br\/index.php?rest_route=\/wp\/v2\/media\/19703"}],"wp:attachment":[{"href":"https:\/\/vimagazine.com.br\/index.php?rest_route=%2Fwp%2Fv2%2Fmedia&parent=19701"}],"wp:term":[{"taxonomy":"category","embeddable":true,"href":"https:\/\/vimagazine.com.br\/index.php?rest_route=%2Fwp%2Fv2%2Fcategories&post=19701"},{"taxonomy":"post_tag","embeddable":true,"href":"https:\/\/vimagazine.com.br\/index.php?rest_route=%2Fwp%2Fv2%2Ftags&post=19701"}],"curies":[{"name":"wp","href":"https:\/\/api.w.org\/{rel}","templated":true}]}}