{"id":1973,"date":"2021-12-17T21:35:27","date_gmt":"2021-12-18T00:35:27","guid":{"rendered":"https:\/\/vimagazine.com.br\/?p=1973"},"modified":"2021-12-17T21:35:31","modified_gmt":"2021-12-18T00:35:31","slug":"grupo-clareou-inicia-o-lancamento-do-dvd-vai-clarear","status":"publish","type":"post","link":"https:\/\/vimagazine.com.br\/?p=1973","title":{"rendered":"Grupo Clareou inicia o lan\u00e7amento do DVD \u201cVai Clarear\u201d"},"content":{"rendered":"\n<p>Encerrando o ano com chave de ouro, o Grupo Clareou lan\u00e7a nesta sexta-feira, 17 de dezembro, o primeiro bloco do DVD \u201cVai Clarear\u201d. O projeto, que foi dividido em 3 blocos, marca os 10 anos do grupo carioca, que vem ganhando cada vez mais destaque nas playlists de todo o Brasil. O trabalho tamb\u00e9m apresenta oficialmente o cantor Branco, que assumiu recentemente os vocais ao lado de Magal.&nbsp;<a href=\"https:\/\/onerpm.link\/vaiclarear-bloco1\" target=\"_blank\" rel=\"noreferrer noopener\"><strong>OU\u00c7A AQUI!<\/strong><\/a><strong><u><\/u><\/strong><\/p>\n\n\n\n<p>Xande de Pilares, Marvvila, Caju Pra Baixo e Binho Sim\u00f5es est\u00e3o entre as participa\u00e7\u00f5es especiais deste primeiro bloco.&nbsp;<em>\u201cEscolhemos pessoas especiais que de alguma forma fazem parte da nossa hist\u00f3ria ou se identificam com nossa m\u00fasica\u201d,<\/em>&nbsp;afirma Magal.<\/p>\n\n\n\n<p>Gravado no Rio de Janeiro, o \u00e1lbum mescla regrava\u00e7\u00f5es que fizeram sucesso ao longo da carreira do grupo e de outros grandes artistas, al\u00e9m de can\u00e7\u00f5es in\u00e9ditas que prometem embalar ainda mais os cora\u00e7\u00f5es apaixonados.<\/p>\n\n\n\n<p><em>\u201cO repert\u00f3rio escolhido para esse projeto tem a nossa cara. Estamos muito felizes e empolgados com esse lan\u00e7amento\u201d<\/em>, comemora Branco.<\/p>\n\n\n\n<p>Na estrada desde 2010, o Clareou ganhou ainda mais destaque no Brasil e no mundo ap\u00f3s lan\u00e7ar o sucesso \u201cMarra de Dur\u00e3o\u201d, que j\u00e1 emplacou milhares de streamings nas maiores plataformas digitais da atualidade.<\/p>\n\n\n\n<p>Al\u00e9m dos cantores Magal e Branco o grupo \u00e9 formado por Anderson Mendon\u00e7a (Buiu) no Pandeiro, Fernando (Mellete) no tantan, Flavio Homero no Cavaco e Juninho de Jesus no Banjo.<\/p>\n\n\n\n<p><strong>DVD Vai Clarear &#8211; Bloco 1 \u2013&nbsp;<\/strong><a href=\"https:\/\/www.youtube.com\/channel\/UCZ32HpkroAdxpDUYejn0EHg\" target=\"_blank\" rel=\"noreferrer noopener\"><strong>ASSISTA AQUI!<\/strong><\/a><strong>&nbsp;a partir das 11h.<\/strong><\/p>\n\n\n\n<p>1 &#8211; J\u00e1 Virou Rotina \/ Perdeu pra Cerveja \/ Sem Ela N\u00e3o D\u00e1 \/ Ela N\u00e3o Vale Nada<\/p>\n\n\n\n<p>2 &#8211; Meu Jeito Moleque \/ Quarto 03 \/ Homem Perfeito (participa\u00e7\u00e3o Caju Pra Baixo)<\/p>\n\n\n\n<p>3 &#8211; 3,2,1<\/p>\n\n\n\n<p>4 &#8211; Dist\u00e2ncia \u2013 (participa\u00e7\u00e3o&nbsp;Marvvila)<\/p>\n\n\n\n<p>5 &#8211; Marra de Dur\u00e3o \/ Mal Entendido \/ Dia de Sol \/ Nada Vai Separar<\/p>\n\n\n\n<p>6 &#8211; Dif\u00edcil Resposta \/ Sem sa\u00edda \/ Ainda \u00e9 Cedo Pra Dizer Bye Bye \/ Fica \/ Sobrenatural (participa\u00e7\u00e3o Binho Sim\u00f5es)<\/p>\n\n\n\n<p>7 &#8211; Modo de ser (participa\u00e7\u00e3o Xande de Pilares )<\/p>\n\n\n\n<p><strong>Contatos Imprensa:<\/strong><\/p>\n\n\n\n<p>Carol Freitas Assessoria<\/p>\n\n\n\n<p><\/p>\n\n\n\n<p><a href=\"mailto:Carolfreitas.jornalista@gmail.com\" target=\"_blank\" rel=\"noreferrer noopener\">Carolfreitas.jornalista@gmail.com<\/a><\/p>\n\n\n\n<figure class=\"wp-block-table\"><table><tbody><tr><td><img src=\"https:\/\/lh3.googleusercontent.com\/a-\/AOh14Gi_6TceQHiBEKXOcejCtZhdkQPwpeSlsjF13j73xz8=s40\"><\/td><td>ResponderEncaminhar<\/td><\/tr><\/tbody><\/table><\/figure>\n","protected":false},"excerpt":{"rendered":"<p>Encerrando o ano com chave de ouro, o Grupo Clareou lan\u00e7a nesta sexta-feira, 17 de&#8230;<\/p>\n","protected":false},"author":3,"featured_media":1974,"comment_status":"closed","ping_status":"open","sticky":false,"template":"","format":"standard","meta":{"om_disable_all_campaigns":false,"_monsterinsights_skip_tracking":false,"_monsterinsights_sitenote_active":false,"_monsterinsights_sitenote_note":"","_monsterinsights_sitenote_category":0,"spay_email":""},"categories":[1],"tags":[],"jetpack_featured_media_url":"https:\/\/vimagazine.com.br\/wp-content\/uploads\/2021\/12\/ea0338c0-427c-4f68-b2e6-530ff2f6efc0.jpg","_links":{"self":[{"href":"https:\/\/vimagazine.com.br\/index.php?rest_route=\/wp\/v2\/posts\/1973"}],"collection":[{"href":"https:\/\/vimagazine.com.br\/index.php?rest_route=\/wp\/v2\/posts"}],"about":[{"href":"https:\/\/vimagazine.com.br\/index.php?rest_route=\/wp\/v2\/types\/post"}],"author":[{"embeddable":true,"href":"https:\/\/vimagazine.com.br\/index.php?rest_route=\/wp\/v2\/users\/3"}],"replies":[{"embeddable":true,"href":"https:\/\/vimagazine.com.br\/index.php?rest_route=%2Fwp%2Fv2%2Fcomments&post=1973"}],"version-history":[{"count":1,"href":"https:\/\/vimagazine.com.br\/index.php?rest_route=\/wp\/v2\/posts\/1973\/revisions"}],"predecessor-version":[{"id":1975,"href":"https:\/\/vimagazine.com.br\/index.php?rest_route=\/wp\/v2\/posts\/1973\/revisions\/1975"}],"wp:featuredmedia":[{"embeddable":true,"href":"https:\/\/vimagazine.com.br\/index.php?rest_route=\/wp\/v2\/media\/1974"}],"wp:attachment":[{"href":"https:\/\/vimagazine.com.br\/index.php?rest_route=%2Fwp%2Fv2%2Fmedia&parent=1973"}],"wp:term":[{"taxonomy":"category","embeddable":true,"href":"https:\/\/vimagazine.com.br\/index.php?rest_route=%2Fwp%2Fv2%2Fcategories&post=1973"},{"taxonomy":"post_tag","embeddable":true,"href":"https:\/\/vimagazine.com.br\/index.php?rest_route=%2Fwp%2Fv2%2Ftags&post=1973"}],"curies":[{"name":"wp","href":"https:\/\/api.w.org\/{rel}","templated":true}]}}