{"id":19732,"date":"2025-07-31T17:34:33","date_gmt":"2025-07-31T20:34:33","guid":{"rendered":"https:\/\/vimagazine.com.br\/?p=19732"},"modified":"2025-07-31T17:34:35","modified_gmt":"2025-07-31T20:34:35","slug":"com-investimento-de-r-25-milhoes-da-fapesc-catolica-sc-inaugura-laboratorio-de-pesquisa-voltado-a-saude","status":"publish","type":"post","link":"https:\/\/vimagazine.com.br\/?p=19732","title":{"rendered":"Com investimento de R$ 2,5 milh\u00f5es da Fapesc, Cat\u00f3lica SC inaugura laborat\u00f3rio de pesquisa voltado \u00e0 sa\u00fade"},"content":{"rendered":"\n<p><\/p>\n\n\n\n<figure class=\"wp-block-image size-large\"><img width=\"1024\" height=\"683\" src=\"https:\/\/vimagazine.com.br\/wp-content\/uploads\/2025\/07\/WhatsApp-Image-2025-07-31-at-16.08.06-1024x683.jpeg\" alt=\"\" class=\"wp-image-19733\" srcset=\"https:\/\/vimagazine.com.br\/wp-content\/uploads\/2025\/07\/WhatsApp-Image-2025-07-31-at-16.08.06-1024x683.jpeg 1024w, https:\/\/vimagazine.com.br\/wp-content\/uploads\/2025\/07\/WhatsApp-Image-2025-07-31-at-16.08.06-300x200.jpeg 300w, https:\/\/vimagazine.com.br\/wp-content\/uploads\/2025\/07\/WhatsApp-Image-2025-07-31-at-16.08.06-768x512.jpeg 768w, https:\/\/vimagazine.com.br\/wp-content\/uploads\/2025\/07\/WhatsApp-Image-2025-07-31-at-16.08.06-1536x1024.jpeg 1536w, https:\/\/vimagazine.com.br\/wp-content\/uploads\/2025\/07\/WhatsApp-Image-2025-07-31-at-16.08.06.jpeg 1920w\" sizes=\"(max-width: 1024px) 100vw, 1024px\" \/><\/figure>\n\n\n\n<p>A Cat\u00f3lica SC deu um importante passo rumo \u00e0 inova\u00e7\u00e3o cient\u00edfica e tecnol\u00f3gica com a inaugura\u00e7\u00e3o do Laborat\u00f3rio OneHealth, um centro de pesquisa avan\u00e7ada voltado \u00e0s \u00e1reas de sa\u00fade humana, agricultura e meio ambiente. A cerim\u00f4nia de inaugura\u00e7\u00e3o foi realizada no dia 31 de julho e contou com a presen\u00e7a do governador Jorginho Mello, do presidente da Fapesc, F\u00e1bio Wagner Pinto, do secret\u00e1rio de Estado da Ci\u00eancia, Tecnologia e Inova\u00e7\u00e3o (SCTI), Edgard Usuy, e do secret\u00e1rio adjunto da pasta, Ruy Tadeu Mambrini Ribas, al\u00e9m de autoridades locais, professores, acad\u00eamicos e membros da comunidade.<\/p>\n\n\n\n<p>\u201cA forma\u00e7\u00e3o das pessoas \u00e9 o nosso maior capital. Com o fortalecimento da tecnologia e da inova\u00e7\u00e3o, impulsionamos pesquisas estrat\u00e9gicas, desenvolvemos solu\u00e7\u00f5es para os desafios reais da sociedade e preparamos o catarinense para conquistar melhores empregos e renda\u201d, afirmou o governador.<\/p>\n\n\n\n<p>Com investimento de R$ 2,5 milh\u00f5es da Funda\u00e7\u00e3o de Amparo \u00e0 Pesquisa e Inova\u00e7\u00e3o do Estado de Santa Catarina (Fapesc), o laborat\u00f3rio disp\u00f5e de infraestrutura moderna e equipamentos de \u00faltima gera\u00e7\u00e3o, como LC-MS para identifica\u00e7\u00e3o e quantifica\u00e7\u00e3o de agrot\u00f3xicos, horm\u00f4nios, bem como para bioprospec\u00e7\u00e3o de microrganismos. Biorreatores para otimiza\u00e7\u00e3o da produ\u00e7\u00e3o de microrganismos para aplica\u00e7\u00f5es biotecnol\u00f3gicas e Espectrofot\u00f4metro para caracteriza\u00e7\u00e3o de nanopart\u00edculas obtidas por s\u00edntese verde.<\/p>\n\n\n\n<p>O OneHealth integra o projeto MultiLab e funcionar\u00e1 como um laborat\u00f3rio multiusu\u00e1rio, permitindo o uso compartilhado entre pesquisadores da Cat\u00f3lica SC, institui\u00e7\u00f5es parceiras, profissionais da sa\u00fade, estudantes, hospitais, cl\u00ednicas e \u00f3rg\u00e3os p\u00fablicos. A estrutura permitir\u00e1 o desenvolvimento de pesquisas nas \u00e1reas de microbiologia m\u00e9dica, resist\u00eancia antimicrobiana, produ\u00e7\u00e3o de bioinsumos, desenvolvimento de sistemas para biodegrada\u00e7\u00e3o de compostos t\u00f3xicos ao ambiente e a sa\u00fade humana e bioprospec\u00e7\u00e3o de microrganismos para aplica\u00e7\u00f5es biotecnol\u00f3gicas.<\/p>\n\n\n\n<p>A iniciativa tem como foco a gera\u00e7\u00e3o de conhecimento cient\u00edfico e solu\u00e7\u00f5es tecnol\u00f3gicas com aplica\u00e7\u00e3o direta na sociedade catarinense, aproximando a academia do setor produtivo e contribuindo com decis\u00f5es estrat\u00e9gicas em sa\u00fade p\u00fablica e ambiental.<\/p>\n\n\n\n<p>\u201cO apoio da FAPESC \u00e9 crucial para o avan\u00e7o das pesquisas. Nosso objetivo \u00e9 gerar resultados que beneficiem diretamente a sociedade catarinense, aproximando universidades e setores produtivos\u201d, afirma Daiani Cristina Savi, Coordenadora do Laborat\u00f3rio OneHealth.<\/p>\n\n\n\n<p>As pesquisas produzidas v\u00e3o contar tamb\u00e9m com parcerias estrat\u00e9gicas com institui\u00e7\u00f5es nacionais e internacionais, como a Universidade Federal do Paran\u00e1 (UFPR) e a University of Kentucky (EUA), Univille, Universidade Federal de Santa Catarina (UFSC) e Universidade do Estado de Santa Catarina (UDESC), onde os pesquisadores, autores do projeto, possuem parcerias cient\u00edficas.<\/p>\n\n\n\n<p>\u201cQueremos mostrar que a ci\u00eancia feita aqui em Santa Catarina tem impacto global. Nossos resultados s\u00e3o um alerta para a preserva\u00e7\u00e3o ambiental e, ao mesmo tempo, uma esperan\u00e7a concreta para novos tratamentos m\u00e9dicos\u201d, conclui Rafael Dutra de Armas, Pr\u00f3-Reitor de Pesquisa e P\u00f3s-Gradua\u00e7\u00e3o da Cat\u00f3lica SC.<\/p>\n\n\n\n<p>Sobre o MultiLab SC<\/p>\n\n\n\n<p>Os laborat\u00f3rios integram o Programa MultiLab SC, que, por meio do edital 15\/2023, selecionou projetos voltados ao uso compartilhado de espa\u00e7os laboratoriais nas \u00e1reas de Ci\u00eancias Agr\u00e1rias, Biol\u00f3gicas, Sa\u00fade e Engenharias. As iniciativas est\u00e3o alinhadas a temas estrat\u00e9gicos definidos pelo Governo do Estado, como Sa\u00fade \u00danica (One Health), Mudan\u00e7as Clim\u00e1ticas e Recursos H\u00eddricos.<\/p>\n\n\n\n<p>Com investimento total de R$ 111 milh\u00f5es, o edital contemplou 50 projetos de 19 institui\u00e7\u00f5es de ensino superior distribu\u00eddas por todas as regi\u00f5es catarinenses, incluindo cidades como Blumenau, Brusque, Chapec\u00f3, Florian\u00f3polis, Jaragu\u00e1 do Sul, Mafra e S\u00e3o Miguel do Oeste. Os recursos ser\u00e3o aplicados na moderniza\u00e7\u00e3o da infraestrutura laboratorial, aquisi\u00e7\u00e3o de equipamentos e fomento \u00e0 pesquisa cient\u00edfica de ponta em Santa Catarina.<\/p>\n","protected":false},"excerpt":{"rendered":"<p>A Cat\u00f3lica SC deu um importante passo rumo \u00e0 inova\u00e7\u00e3o cient\u00edfica e tecnol\u00f3gica com a&#8230;<\/p>\n","protected":false},"author":20,"featured_media":0,"comment_status":"closed","ping_status":"open","sticky":false,"template":"","format":"standard","meta":{"om_disable_all_campaigns":false,"_monsterinsights_skip_tracking":false,"_monsterinsights_sitenote_active":false,"_monsterinsights_sitenote_note":"","_monsterinsights_sitenote_category":0,"spay_email":""},"categories":[1],"tags":[],"jetpack_featured_media_url":"","_links":{"self":[{"href":"https:\/\/vimagazine.com.br\/index.php?rest_route=\/wp\/v2\/posts\/19732"}],"collection":[{"href":"https:\/\/vimagazine.com.br\/index.php?rest_route=\/wp\/v2\/posts"}],"about":[{"href":"https:\/\/vimagazine.com.br\/index.php?rest_route=\/wp\/v2\/types\/post"}],"author":[{"embeddable":true,"href":"https:\/\/vimagazine.com.br\/index.php?rest_route=\/wp\/v2\/users\/20"}],"replies":[{"embeddable":true,"href":"https:\/\/vimagazine.com.br\/index.php?rest_route=%2Fwp%2Fv2%2Fcomments&post=19732"}],"version-history":[{"count":1,"href":"https:\/\/vimagazine.com.br\/index.php?rest_route=\/wp\/v2\/posts\/19732\/revisions"}],"predecessor-version":[{"id":19734,"href":"https:\/\/vimagazine.com.br\/index.php?rest_route=\/wp\/v2\/posts\/19732\/revisions\/19734"}],"wp:attachment":[{"href":"https:\/\/vimagazine.com.br\/index.php?rest_route=%2Fwp%2Fv2%2Fmedia&parent=19732"}],"wp:term":[{"taxonomy":"category","embeddable":true,"href":"https:\/\/vimagazine.com.br\/index.php?rest_route=%2Fwp%2Fv2%2Fcategories&post=19732"},{"taxonomy":"post_tag","embeddable":true,"href":"https:\/\/vimagazine.com.br\/index.php?rest_route=%2Fwp%2Fv2%2Ftags&post=19732"}],"curies":[{"name":"wp","href":"https:\/\/api.w.org\/{rel}","templated":true}]}}