{"id":19762,"date":"2025-08-04T14:05:35","date_gmt":"2025-08-04T17:05:35","guid":{"rendered":"https:\/\/vimagazine.com.br\/?p=19762"},"modified":"2025-08-04T14:05:36","modified_gmt":"2025-08-04T17:05:36","slug":"confraria-mulheres-40","status":"publish","type":"post","link":"https:\/\/vimagazine.com.br\/?p=19762","title":{"rendered":"Confraria Mulheres 40+"},"content":{"rendered":"\n<h2><strong>Confraria Mulheres 40+ | Assembleia Legislativa do Estado de S\u00e3o Paulo \u2013 ALESP<\/strong><\/h2>\n\n\n\n<p><strong><em>A Confraria Mulheres 40+ tem a honra de convidar voc\u00ea para o Congresso e Confer\u00eancia Agosto Lil\u00e1s 2025, que acontecer\u00e1 no dia 29 de agosto de 2025 (sexta-feira), das 14h \u00e0s 17h30, no Plen\u00e1rio Tiradentes da Assembleia Legislativa do Estado de S\u00e3o Paulo \u2013 ALESP.<\/em><\/strong><\/p>\n\n\n\n<p>O evento ser\u00e1 um marco de mobiliza\u00e7\u00e3o social, representatividade feminina e articula\u00e7\u00e3o de pol\u00edticas p\u00fablicas de enfrentamento \u00e0 viol\u00eancia contra a mulher. A programa\u00e7\u00e3o contar\u00e1 com tr\u00eas pain\u00e9is tem\u00e1ticos, reunindo autoridades p\u00fablicas, especialistas e representantes da sociedade civil em um espa\u00e7o de di\u00e1logo, escuta e a\u00e7\u00e3o.<\/p>\n\n\n\n<figure class=\"wp-block-image aligncenter\"><img src=\"https:\/\/namidia.com.br\/wp-content\/uploads\/2025\/08\/WhatsApp-Image-2025-08-02-at-13.10.47-1-444x400.jpeg\" alt=\"Congresso e Confer\u00eancia Agosto Lil\u00e1s 2025.\" class=\"wp-image-142150\" title=\"Congresso e Confer\u00eancia Agosto Lil\u00e1s 2025.\" \/><\/figure>\n\n\n\n<h4>\ud83c\udf1f <strong>PROGRAMA\u00c7\u00c3O<\/strong><\/h4>\n\n\n\n<h5>\ud83d\udd39 Abertura e 1\u00ba Painel | 14h \u00e0s 15h<\/h5>\n\n\n\n<p>&#8220;Unidas por Pol\u00edticas de Prote\u00e7\u00e3o: A Voz do Poder P\u00fablico no Enfrentamento \u00e0 Viol\u00eancia contra a Mulher&#8221; Presen\u00e7as confirmadas: \u2022 Deputada Estadual Solange Freitas \u2022 Secret\u00e1ria Estadual da Mulher Val\u00e9ria Bolsonaro \u2022 Vereadora Municipal Pastora Sandra Alves \u2022 Presidente da Confraria Mulheres 40+ Jo Ribeiro \u2022 Vice-presidente da Confraria Mulheres 40+ Fil\u00f3 Pereira<\/p>\n\n\n\n<h5>\ud83d\udd39 2\u00ba Painel | 15h10 \u00e0s 16h<\/h5>\n\n\n\n<p>&#8220;Avan\u00e7os e Retrocessos nas Pol\u00edticas P\u00fablicas de Combate \u00e0 Viol\u00eancia contra a Mulher&#8221; Presen\u00e7as confirmadas: \u2022 Delegada Juliana Puccini Vianna \u2022 Delegada Rosmary Corr\u00eaa \u2022 Delegada e Presidente do Sindicato dos Delegados do Estado de SP Jacqueline Valadares \u2022 Procuradora de Justi\u00e7a M\u00f4nica Cury Salto Grande \u2022 Presidente da Confraria Mulheres 40+ Jo Ribeiro \u2022 Vice-presidente da Confraria Mulheres 40+ Fil\u00f3 Pereira<\/p>\n\n\n\n<figure class=\"wp-block-image aligncenter\"><img src=\"https:\/\/namidia.com.br\/wp-content\/uploads\/2025\/08\/WhatsApp-Image-2025-08-02-at-13.10.46-444x400.jpeg\" alt=\"Congresso e Confer\u00eancia Agosto Lil\u00e1s 2025.\" class=\"wp-image-142149\" title=\"Congresso e Confer\u00eancia Agosto Lil\u00e1s 2025.\" \/><\/figure>\n\n\n\n<h5>\ud83d\udd39 3\u00ba Painel | 16h10 \u00e0s 17h30<\/h5>\n\n\n\n<p>&#8220;Cuidar, Defender e Transformar: Rede de Apoio, Direitos, Escuta e Acolhimento \u00e0s Mulheres em Situa\u00e7\u00e3o de Viol\u00eancia&#8221; Presen\u00e7as confirmadas: \u2022 Psic\u00f3loga e Palestrante Elaine Santos. \u2022 Advogada e Presidente da Comiss\u00e3o das Mulheres Advogadas da OAB\/SP Dra. Cindia Moraca. \u2022 Coordenadora de Pol\u00edticas para Mulheres da Prefeitura de S\u00e3o Paulo Daniele Akemine. \u2022 Presidente da Confraria Mulheres 40+ Jo Ribeiro. \u2022 Vice-presidente da Confraria Mulheres 40+ Fil\u00f3 Pereira<\/p>\n\n\n\n<p>O Congresso Agosto Lil\u00e1s 2025 \u00e9 um chamado \u00e0 a\u00e7\u00e3o coletiva. Reuniremos vozes potentes para refletir, debater e fortalecer redes de enfrentamento \u00e0 viol\u00eancia, com o olhar firme na constru\u00e7\u00e3o de um futuro mais justo para todas as mulheres.<\/p>\n\n\n\n<p>Sua presen\u00e7a \u00e9 essencial. Junte-se a n\u00f3s nesse dia que ser\u00e1 s\u00edmbolo de uni\u00e3o, coragem e transforma\u00e7\u00e3o.<\/p>\n\n\n\n<p>Congresso e Confer\u00eancia Agosto Lil\u00e1s 2025.<\/p>\n\n\n\n<p><strong>Fonte<\/strong>: Divulga\u00e7\u00e3o\/Assessoria de Imprensa<br><strong>Fotos<\/strong>: Divulga\u00e7\u00e3o\/Acervo Pessoal<br><strong>Leia ainda:<\/strong> <a href=\"https:\/\/namidia.com.br\/arraia-da-confraria-mulheres-40\/\">Arrai\u00e1 da Confraria Mulheres 40+<\/a><\/p>\n","protected":false},"excerpt":{"rendered":"<p>Confraria Mulheres 40+ | Assembleia Legislativa do Estado de S\u00e3o Paulo \u2013 ALESP A Confraria&#8230;<\/p>\n","protected":false},"author":18,"featured_media":19763,"comment_status":"closed","ping_status":"open","sticky":false,"template":"","format":"standard","meta":{"om_disable_all_campaigns":false,"_monsterinsights_skip_tracking":false,"_monsterinsights_sitenote_active":false,"_monsterinsights_sitenote_note":"","_monsterinsights_sitenote_category":0,"spay_email":""},"categories":[27,26],"tags":[1058],"jetpack_featured_media_url":"https:\/\/vimagazine.com.br\/wp-content\/uploads\/2025\/08\/WhatsApp-Image-2025-08-02-at-13.10.47.jpeg","_links":{"self":[{"href":"https:\/\/vimagazine.com.br\/index.php?rest_route=\/wp\/v2\/posts\/19762"}],"collection":[{"href":"https:\/\/vimagazine.com.br\/index.php?rest_route=\/wp\/v2\/posts"}],"about":[{"href":"https:\/\/vimagazine.com.br\/index.php?rest_route=\/wp\/v2\/types\/post"}],"author":[{"embeddable":true,"href":"https:\/\/vimagazine.com.br\/index.php?rest_route=\/wp\/v2\/users\/18"}],"replies":[{"embeddable":true,"href":"https:\/\/vimagazine.com.br\/index.php?rest_route=%2Fwp%2Fv2%2Fcomments&post=19762"}],"version-history":[{"count":1,"href":"https:\/\/vimagazine.com.br\/index.php?rest_route=\/wp\/v2\/posts\/19762\/revisions"}],"predecessor-version":[{"id":19764,"href":"https:\/\/vimagazine.com.br\/index.php?rest_route=\/wp\/v2\/posts\/19762\/revisions\/19764"}],"wp:featuredmedia":[{"embeddable":true,"href":"https:\/\/vimagazine.com.br\/index.php?rest_route=\/wp\/v2\/media\/19763"}],"wp:attachment":[{"href":"https:\/\/vimagazine.com.br\/index.php?rest_route=%2Fwp%2Fv2%2Fmedia&parent=19762"}],"wp:term":[{"taxonomy":"category","embeddable":true,"href":"https:\/\/vimagazine.com.br\/index.php?rest_route=%2Fwp%2Fv2%2Fcategories&post=19762"},{"taxonomy":"post_tag","embeddable":true,"href":"https:\/\/vimagazine.com.br\/index.php?rest_route=%2Fwp%2Fv2%2Ftags&post=19762"}],"curies":[{"name":"wp","href":"https:\/\/api.w.org\/{rel}","templated":true}]}}