{"id":19765,"date":"2025-08-04T18:51:20","date_gmt":"2025-08-04T21:51:20","guid":{"rendered":"https:\/\/vimagazine.com.br\/?p=19765"},"modified":"2025-08-04T18:51:21","modified_gmt":"2025-08-04T21:51:21","slug":"feira-do-principe-tera-teatro-lambe-lambe-bonecos-gigantes-e-danca-no-fim-de-semana","status":"publish","type":"post","link":"https:\/\/vimagazine.com.br\/?p=19765","title":{"rendered":"Feira do Pr\u00edncipe ter\u00e1 teatro lambe-lambe, bonecos gigantes e dan\u00e7a no fim de semana"},"content":{"rendered":"\n<figure class=\"wp-block-image size-large\"><img width=\"1024\" height=\"778\" src=\"https:\/\/vimagazine.com.br\/wp-content\/uploads\/2025\/08\/WhatsApp-Image-2025-08-04-at-17.29.52-1-1024x778.jpeg\" alt=\"\" class=\"wp-image-19766\" srcset=\"https:\/\/vimagazine.com.br\/wp-content\/uploads\/2025\/08\/WhatsApp-Image-2025-08-04-at-17.29.52-1-1024x778.jpeg 1024w, https:\/\/vimagazine.com.br\/wp-content\/uploads\/2025\/08\/WhatsApp-Image-2025-08-04-at-17.29.52-1-300x228.jpeg 300w, https:\/\/vimagazine.com.br\/wp-content\/uploads\/2025\/08\/WhatsApp-Image-2025-08-04-at-17.29.52-1-768x584.jpeg 768w, https:\/\/vimagazine.com.br\/wp-content\/uploads\/2025\/08\/WhatsApp-Image-2025-08-04-at-17.29.52-1.jpeg 1280w\" sizes=\"(max-width: 1024px) 100vw, 1024px\" \/><\/figure>\n\n\n\n<p>Evento acontece nos dias 9 e 10 de agosto, das 9 \u00e0s 18h, no Centro de Joinville<\/p>\n\n\n\n<p>Neste final de semana, dias 9 e 10 de agosto, Joinville recebe mais uma edi\u00e7\u00e3o da tradicional Feira do Pr\u00edncipe, na Rua do Pr\u00edncipe, com programa\u00e7\u00e3o que envolve arte, cultura e boas compras. O evento \u00e9 aberto ao p\u00fablico, acontece das 9h \u00e0s 18h e conta com dezenas de expositores de artesanato, gastronomia e produtos criativos.<\/p>\n\n\n\n<p>Al\u00e9m da programa\u00e7\u00e3o habitual, esta edi\u00e7\u00e3o ter\u00e1 atra\u00e7\u00f5es especiais que prometem divertir o p\u00fablico. No s\u00e1bado (9), das 10h \u00e0s 12h, o p\u00fablico poder\u00e1 conferir o Lambe-Lambe, forma de teatro em miniatura apresentada dentro de pequenas caixas. Ser\u00e3o quatro hist\u00f3rias: Cripta, criada em 2004 pelo bonequeiro catarinense S\u00e9rgio Tastaldi; Asas, inspirada em um conto de Borges de Garuva; Rosa, baseada em um conto do escritor Jura Arruda; e Sal, que aborda o empoderamento feminino.<\/p>\n\n\n\n<p>J\u00e1 domingo (10), \u00e0s 15h, a feira recebe a presen\u00e7a dos famosos bonecos gigantes de Joinville, da cia Essa\u00e9. Eles representam personagens e figuras folcl\u00f3ricas da cidade, como o m\u00fasico Mestre Bera, Dona Fioca, a Rosa do P\u00e9 Inchado, o Chapeludo, Dona Margarida, o Mo\u00e7o Bonita do Baile, a Nova da Ponte, a bailarina, o trabalhador da ind\u00fastria e o Neco Maneco.<\/p>\n\n\n\n<p>Para encerrar, \u00e0s 16h, a programa\u00e7\u00e3o traz a dan\u00e7a do arrasta-p\u00e9, garantindo anima\u00e7\u00e3o e integra\u00e7\u00e3o entre os visitantes.<\/p>\n\n\n\n<p>A cada edi\u00e7\u00e3o, a Feira do Pr\u00edncipe convida a popula\u00e7\u00e3o a redescobrir o Centro de Joinville, promovendo um domingo diferente no cora\u00e7\u00e3o da cidade. A entrada \u00e9 gratuita e o evento \u00e9 pet friendly. O evento \u00e9 uma realiza\u00e7\u00e3o da TS Eventos, com apoio da CDL Joinville.<\/p>\n\n\n\n<p>Agende-se<\/p>\n\n\n\n<p>O que: Feira do Pr\u00edncipe<\/p>\n\n\n\n<p>Quando: Dias 9 e 10 de agosto<\/p>\n\n\n\n<p>Onde: Rua do Pr\u00edncipe<\/p>\n\n\n\n<p>Hor\u00e1rio: das 9h \u00e0s 18h<\/p>\n\n\n\n<p>Quanto: Gratuito<\/p>\n","protected":false},"excerpt":{"rendered":"<p>Evento acontece nos dias 9 e 10 de agosto, das 9 \u00e0s 18h, no Centro&#8230;<\/p>\n","protected":false},"author":20,"featured_media":0,"comment_status":"closed","ping_status":"open","sticky":false,"template":"","format":"standard","meta":{"om_disable_all_campaigns":false,"_monsterinsights_skip_tracking":false,"_monsterinsights_sitenote_active":false,"_monsterinsights_sitenote_note":"","_monsterinsights_sitenote_category":0,"spay_email":""},"categories":[1],"tags":[],"jetpack_featured_media_url":"","_links":{"self":[{"href":"https:\/\/vimagazine.com.br\/index.php?rest_route=\/wp\/v2\/posts\/19765"}],"collection":[{"href":"https:\/\/vimagazine.com.br\/index.php?rest_route=\/wp\/v2\/posts"}],"about":[{"href":"https:\/\/vimagazine.com.br\/index.php?rest_route=\/wp\/v2\/types\/post"}],"author":[{"embeddable":true,"href":"https:\/\/vimagazine.com.br\/index.php?rest_route=\/wp\/v2\/users\/20"}],"replies":[{"embeddable":true,"href":"https:\/\/vimagazine.com.br\/index.php?rest_route=%2Fwp%2Fv2%2Fcomments&post=19765"}],"version-history":[{"count":1,"href":"https:\/\/vimagazine.com.br\/index.php?rest_route=\/wp\/v2\/posts\/19765\/revisions"}],"predecessor-version":[{"id":19767,"href":"https:\/\/vimagazine.com.br\/index.php?rest_route=\/wp\/v2\/posts\/19765\/revisions\/19767"}],"wp:attachment":[{"href":"https:\/\/vimagazine.com.br\/index.php?rest_route=%2Fwp%2Fv2%2Fmedia&parent=19765"}],"wp:term":[{"taxonomy":"category","embeddable":true,"href":"https:\/\/vimagazine.com.br\/index.php?rest_route=%2Fwp%2Fv2%2Fcategories&post=19765"},{"taxonomy":"post_tag","embeddable":true,"href":"https:\/\/vimagazine.com.br\/index.php?rest_route=%2Fwp%2Fv2%2Ftags&post=19765"}],"curies":[{"name":"wp","href":"https:\/\/api.w.org\/{rel}","templated":true}]}}