{"id":19778,"date":"2025-08-05T17:01:24","date_gmt":"2025-08-05T20:01:24","guid":{"rendered":"https:\/\/vimagazine.com.br\/?p=19778"},"modified":"2025-08-05T17:01:26","modified_gmt":"2025-08-05T20:01:26","slug":"rock-com-alma-banda-joinvilense-fecha-parceria-com-gravadora-internacional","status":"publish","type":"post","link":"https:\/\/vimagazine.com.br\/?p=19778","title":{"rendered":"Rock com alma: Banda joinvilense fecha parceria com gravadora internacional"},"content":{"rendered":"\n<figure class=\"wp-block-image size-large\"><img width=\"1024\" height=\"576\" src=\"https:\/\/vimagazine.com.br\/wp-content\/uploads\/2025\/08\/WhatsApp-Image-2025-08-05-at-10.12.38-1024x576.jpeg\" alt=\"\" class=\"wp-image-19779\" srcset=\"https:\/\/vimagazine.com.br\/wp-content\/uploads\/2025\/08\/WhatsApp-Image-2025-08-05-at-10.12.38-1024x576.jpeg 1024w, https:\/\/vimagazine.com.br\/wp-content\/uploads\/2025\/08\/WhatsApp-Image-2025-08-05-at-10.12.38-300x169.jpeg 300w, https:\/\/vimagazine.com.br\/wp-content\/uploads\/2025\/08\/WhatsApp-Image-2025-08-05-at-10.12.38-768x432.jpeg 768w, https:\/\/vimagazine.com.br\/wp-content\/uploads\/2025\/08\/WhatsApp-Image-2025-08-05-at-10.12.38-1536x864.jpeg 1536w, https:\/\/vimagazine.com.br\/wp-content\/uploads\/2025\/08\/WhatsApp-Image-2025-08-05-at-10.12.38.jpeg 1600w\" sizes=\"(max-width: 1024px) 100vw, 1024px\" \/><\/figure>\n\n\n\n<p><em>Terra de N\u00f3s Mesmos estreia \u201cEt\u00e9reo\u201d, projeto autoral que une rock, autoconhecimento e impacto social<\/em><\/p>\n\n\n\n<p>A gravadora internacional Altafonte, respons\u00e1vel por nomes como Gilberto Gil, Ivete Sangalo, Vitor Kley e Marcelo D2, acaba de anunciar a contrata\u00e7\u00e3o da banda Terra de N\u00f3s Mesmos, que passa a integrar oficialmente seu casting de artistas. A empresa assume a distribui\u00e7\u00e3o e a estrat\u00e9gia de lan\u00e7amentos do grupo, que chega com uma proposta ousada: despertar a consci\u00eancia atrav\u00e9s da m\u00fasica.<\/p>\n\n\n\n<p>A aposta da Altafonte marca a entrada definitiva da banda no mercado com respaldo internacional. E o pontap\u00e9 inicial dessa parceria \u00e9 o lan\u00e7amento do EP \u201cEt\u00e9reo\u201d, j\u00e1 dispon\u00edvel nas principais plataformas de streaming.<a href=\"http:\/\/(https:\/\/orcd.co\/etereo)\" title=\" (https:\/\/orcd.co\/etereo)\"> (https:\/\/orcd.co\/etereo)<\/a><\/p>\n\n\n\n<p>\u201cEt\u00e9reo\u201d arte, reflex\u00e3o e sonoridade contempor\u00e2nea<\/p>\n\n\n\n<p>Com cinco faixas autorais, o EP \u201cEt\u00e9reo\u201d representa a nova fase da banda ao lado da Altafonte. As m\u00fasicas transitam entre o rock, o pop alternativo e uma m\u00fasica sens\u00edvel de inspira\u00e7\u00e3o espiritual. A faixa de trabalho, \u201cGratid\u00e3o \u2013 Pegadas na Areia\u201d, chega com um videoclipe emocionante e minimalista, que traduz visualmente a mensagem de valoriza\u00e7\u00e3o da jornada e das pequenas coisas da vida.<\/p>\n\n\n\n<p>Faixas do EP \u201cEt\u00e9reo\u201d:<\/p>\n\n\n\n<p>Gratid\u00e3o \u2013 Pegadas na Areia<\/p>\n\n\n\n<p>O Expresso que Passa<\/p>\n\n\n\n<p>Terra de N\u00f3s Mesmos<\/p>\n\n\n\n<p>Deus de Sol<\/p>\n\n\n\n<p>Essa Luz que Habita em Mim<\/p>\n\n\n\n<p>Com ampla trajet\u00f3ria na m\u00fasica e no audiovisual, Anderson Dresch, idealizador do projeto, traz ao EP uma identidade marcada por frescor, prop\u00f3sito e influ\u00eancias que v\u00e3o de Coldplay e Keane a Legi\u00e3o Urbana, Almir Sater e Renato Teixeira. O Show da tour \u201cEt\u00e9reo\u201c conta com a participa\u00e7\u00e3o dos m\u00fasicos Fabr\u00edcio Gamba (guitarra), Hendrew Niza (bateria) e Douglas Bifaroni (contrabaixo e produtor). A masteriza\u00e7\u00e3o ficou a cargo de Carlinhos Freitas, renomado engenheiro de som com 35 Grammys no curr\u00edculo e reconhecimento internacional.<\/p>\n\n\n\n<p>Altafonte: distribui\u00e7\u00e3o global<\/p>\n\n\n\n<p>Fundada em 2011 em Madri, a Altafonte, empresa adquirida recentemente pela Sony Music, \u00e9 uma distribuidora digital de m\u00fasica e tecnologia com atua\u00e7\u00e3o em mais de 160 pa\u00edses. Com escrit\u00f3rios em 13 pa\u00edses e um portf\u00f3lio que abrange diversos g\u00eaneros musicais, a empresa se destaca por sua abordagem personalizada e transparente, combinando tecnologia de ponta com curadoria art\u00edstica.<\/p>\n\n\n\n<p>A assinatura da gravadora ocorreu via Miranda Records, bra\u00e7o da Altafonte no Brasil. Para o diretor art\u00edstico Ricardo Esp\u00edndola, que apresentou o projeto \u00e0 empresa, a banda representa um produto com apelo internacional.<\/p>\n\n\n\n<p>\u201cEstamos diante de um produto internacional. A proposta da banda nos impactou fortemente, desde o conceito de rock atual at\u00e9 os videoclipes e a performance visceral ao vivo\u201d, afirma.<\/p>\n\n\n\n<p>No Brasil, a Altafonte distribui artistas como Samuel Rosa, Marcelo D2, Murilo Huff, Marina Sena e Criolo, e agora aposta em Terra de N\u00f3s Mesmos como um nome promissor dentro do segmento de rock contempor\u00e2neo.<\/p>\n\n\n\n<p>\u201cEstar com a Altafonte \u00e9 uma valida\u00e7\u00e3o do nosso prop\u00f3sito. Encontramos uma equipe que acredita em mensagem, em arte com alma e que sabe conectar isso com o mundo. \u2018Et\u00e9reo\u2019 \u00e9 s\u00f3 o come\u00e7o\u201d, explica Anderson Dresch<\/p>\n\n\n\n<p>Pr\u00f3ximos passos: turn\u00ea internacional e envolvimento social<\/p>\n\n\n\n<p>Os pr\u00f3ximos passos da banda j\u00e1 est\u00e3o desenhados: uma turn\u00ea internacional e o lan\u00e7amento de um videoclipe em 10 idiomas, levando a mensagem do EP a diferentes culturas e ampliando seu potencial de alcance global.<\/p>\n\n\n\n<p>Mais do que m\u00fasica, a banda carrega uma miss\u00e3o: 50% dos direitos autorais das m\u00fasicas do projeto ser\u00e3o doados a institui\u00e7\u00f5es beneficentes, come\u00e7ando pela Funda\u00e7\u00e3o Pr\u00f3-Rim, em Joinville (SC). Um movimento que transforma arte em a\u00e7\u00e3o concreta e refor\u00e7a o compromisso da banda com a transforma\u00e7\u00e3o social.<\/p>\n","protected":false},"excerpt":{"rendered":"<p>Terra de N\u00f3s Mesmos estreia \u201cEt\u00e9reo\u201d, projeto autoral que une rock, autoconhecimento e impacto social&#8230;<\/p>\n","protected":false},"author":20,"featured_media":0,"comment_status":"closed","ping_status":"open","sticky":false,"template":"","format":"standard","meta":{"om_disable_all_campaigns":false,"_monsterinsights_skip_tracking":false,"_monsterinsights_sitenote_active":false,"_monsterinsights_sitenote_note":"","_monsterinsights_sitenote_category":0,"spay_email":""},"categories":[1],"tags":[],"jetpack_featured_media_url":"","_links":{"self":[{"href":"https:\/\/vimagazine.com.br\/index.php?rest_route=\/wp\/v2\/posts\/19778"}],"collection":[{"href":"https:\/\/vimagazine.com.br\/index.php?rest_route=\/wp\/v2\/posts"}],"about":[{"href":"https:\/\/vimagazine.com.br\/index.php?rest_route=\/wp\/v2\/types\/post"}],"author":[{"embeddable":true,"href":"https:\/\/vimagazine.com.br\/index.php?rest_route=\/wp\/v2\/users\/20"}],"replies":[{"embeddable":true,"href":"https:\/\/vimagazine.com.br\/index.php?rest_route=%2Fwp%2Fv2%2Fcomments&post=19778"}],"version-history":[{"count":1,"href":"https:\/\/vimagazine.com.br\/index.php?rest_route=\/wp\/v2\/posts\/19778\/revisions"}],"predecessor-version":[{"id":19780,"href":"https:\/\/vimagazine.com.br\/index.php?rest_route=\/wp\/v2\/posts\/19778\/revisions\/19780"}],"wp:attachment":[{"href":"https:\/\/vimagazine.com.br\/index.php?rest_route=%2Fwp%2Fv2%2Fmedia&parent=19778"}],"wp:term":[{"taxonomy":"category","embeddable":true,"href":"https:\/\/vimagazine.com.br\/index.php?rest_route=%2Fwp%2Fv2%2Fcategories&post=19778"},{"taxonomy":"post_tag","embeddable":true,"href":"https:\/\/vimagazine.com.br\/index.php?rest_route=%2Fwp%2Fv2%2Ftags&post=19778"}],"curies":[{"name":"wp","href":"https:\/\/api.w.org\/{rel}","templated":true}]}}