{"id":19784,"date":"2025-08-06T12:44:22","date_gmt":"2025-08-06T15:44:22","guid":{"rendered":"https:\/\/vimagazine.com.br\/?p=19784"},"modified":"2025-08-06T12:44:23","modified_gmt":"2025-08-06T15:44:23","slug":"sula-miranda-milene-pavoro-e-beth-guzzo-prestigiam-no-parana-o-aniversario-de-renomado-tarologo-val-couto","status":"publish","type":"post","link":"https:\/\/vimagazine.com.br\/?p=19784","title":{"rendered":"Sula Miranda, Milene Pavor\u00f4 e Beth Guzzo prestigiam no Paran\u00e1 o anivers\u00e1rio de renomado tar\u00f3logo Val Couto"},"content":{"rendered":"\n<figure class=\"wp-block-image aligncenter size-large is-resized\"><img src=\"https:\/\/vimagazine.com.br\/wp-content\/uploads\/2025\/08\/Val-Couto-Sula-Miranda-e-Kaddu-Smith-Miro-Fotografia-1-1024x683.jpeg\" alt=\"\" class=\"wp-image-19785\" width=\"506\" height=\"337\" srcset=\"https:\/\/vimagazine.com.br\/wp-content\/uploads\/2025\/08\/Val-Couto-Sula-Miranda-e-Kaddu-Smith-Miro-Fotografia-1-1024x683.jpeg 1024w, https:\/\/vimagazine.com.br\/wp-content\/uploads\/2025\/08\/Val-Couto-Sula-Miranda-e-Kaddu-Smith-Miro-Fotografia-1-300x200.jpeg 300w, https:\/\/vimagazine.com.br\/wp-content\/uploads\/2025\/08\/Val-Couto-Sula-Miranda-e-Kaddu-Smith-Miro-Fotografia-1-768x512.jpeg 768w, https:\/\/vimagazine.com.br\/wp-content\/uploads\/2025\/08\/Val-Couto-Sula-Miranda-e-Kaddu-Smith-Miro-Fotografia-1.jpeg 1280w\" sizes=\"(max-width: 506px) 100vw, 506px\" \/><\/figure>\n\n\n\n<figure class=\"wp-block-image aligncenter size-large is-resized\"><img src=\"https:\/\/vimagazine.com.br\/wp-content\/uploads\/2025\/08\/Val-Couto-e-o-sobrinho-Joa\u0303o-Miguel-Miro-Fotografia-683x1024.jpeg\" alt=\"\" class=\"wp-image-19786\" width=\"381\" height=\"572\" srcset=\"https:\/\/vimagazine.com.br\/wp-content\/uploads\/2025\/08\/Val-Couto-e-o-sobrinho-Joa\u0303o-Miguel-Miro-Fotografia-683x1024.jpeg 683w, https:\/\/vimagazine.com.br\/wp-content\/uploads\/2025\/08\/Val-Couto-e-o-sobrinho-Joa\u0303o-Miguel-Miro-Fotografia-200x300.jpeg 200w, https:\/\/vimagazine.com.br\/wp-content\/uploads\/2025\/08\/Val-Couto-e-o-sobrinho-Joa\u0303o-Miguel-Miro-Fotografia-768x1151.jpeg 768w, https:\/\/vimagazine.com.br\/wp-content\/uploads\/2025\/08\/Val-Couto-e-o-sobrinho-Joa\u0303o-Miguel-Miro-Fotografia.jpeg 854w\" sizes=\"(max-width: 381px) 100vw, 381px\" \/><\/figure>\n\n\n\n<figure class=\"wp-block-image aligncenter size-large is-resized\"><img src=\"https:\/\/vimagazine.com.br\/wp-content\/uploads\/2025\/08\/Val-Couto-e-sua-sobrinha-Melinda-Miro-Fotografia-683x1024.jpeg\" alt=\"\" class=\"wp-image-19787\" width=\"251\" height=\"376\" srcset=\"https:\/\/vimagazine.com.br\/wp-content\/uploads\/2025\/08\/Val-Couto-e-sua-sobrinha-Melinda-Miro-Fotografia-683x1024.jpeg 683w, https:\/\/vimagazine.com.br\/wp-content\/uploads\/2025\/08\/Val-Couto-e-sua-sobrinha-Melinda-Miro-Fotografia-200x300.jpeg 200w, https:\/\/vimagazine.com.br\/wp-content\/uploads\/2025\/08\/Val-Couto-e-sua-sobrinha-Melinda-Miro-Fotografia-768x1151.jpeg 768w, https:\/\/vimagazine.com.br\/wp-content\/uploads\/2025\/08\/Val-Couto-e-sua-sobrinha-Melinda-Miro-Fotografia.jpeg 854w\" sizes=\"(max-width: 251px) 100vw, 251px\" \/><\/figure>\n\n\n\n<p>O \u00faltimo final de semana foi marcado por emo\u00e7\u00e3o, alegria e reencontros inesquec\u00edveis no munic\u00edpio de Rol\u00e2ndia, no interior do Paran\u00e1. Os aniversariantes&nbsp;<strong>Val Couto<\/strong>, renomado tar\u00f3logo e personalidade da TV brasileira, e o cantor&nbsp;<strong>Kaddu Smith<\/strong>, um dos talentos mais promissores da nova gera\u00e7\u00e3o da m\u00fasica, celebraram em grande estilo mais um ano de vida, reunindo amigos, familiares e diversas celebridades em uma festa que j\u00e1 entrou para a hist\u00f3ria da cidade.<\/p>\n\n\n\n<p>A comemora\u00e7\u00e3o aconteceu no elegante Espa\u00e7o Pippos, com decora\u00e7\u00e3o impec\u00e1vel e cada detalhe pensado com carinho. O evento, que j\u00e1 virou tradi\u00e7\u00e3o na regi\u00e3o, contou com convidados ilustres, apresenta\u00e7\u00f5es emocionantes e momentos de pura conex\u00e3o.<\/p>\n\n\n\n<p>Momento especial em fam\u00edlia: Val Couto recebe seus primos e familiares de S\u00e3o Paulo, Maring\u00e1 e Curitiba<\/p>\n\n\n\n<p>A festa de Val Couto ganhou um toque ainda mais especial com a presen\u00e7a dos seus primos vindos de S\u00e3o Paulo, Maring\u00e1 e Curitiba, fortalecendo o clima de uni\u00e3o e celebra\u00e7\u00e3o familiar.<\/p>\n\n\n\n<p>Al\u00e9m disso, seus pais, Ant\u00f4nio (82 anos) e Terezinha (79 anos), marcaram presen\u00e7a e abrilhantaram ainda mais o evento, junto com a irm\u00e3 Claudete, o cunhado Silv\u00e9rio e os sobrinhos, que participaram ativamente da comemora\u00e7\u00e3o, tornando o momento verdadeiramente marcante e repleto de amor.<\/p>\n\n\n\n<p>Um dos pontos altos dessa confraterniza\u00e7\u00e3o foi quando Val Couto subiu ao palco acompanhado do seu sobrinho Jo\u00e3o Miguel, numa demonstra\u00e7\u00e3o emocionante de afeto e cumplicidade familiar.<\/p>\n\n\n\n<p>E para encantar a todos, Val Couto desfilou pelo espa\u00e7o da festa carregando no colo a pequena Melinda, sua sobrinha de apenas 8 meses, arrancando suspiros e sorrisos entre os convidados.<\/p>\n\n\n\n<p>Estrelas que brilharam na noite<\/p>\n\n\n\n<p>Entre os destaques da festa estavam nomes queridos do p\u00fablico, como a cantora Sula Miranda, a cantora e amiga pessoal de Val Couto, Beth Guzzo, e a sempre carism\u00e1tica Milene Pavor\u00f4, conhecida por sua presen\u00e7a marcante na televis\u00e3o. Outro nome que emocionou o p\u00fablico foi a cantora Geizi Bel, que marcou gera\u00e7\u00f5es com o hit \u201cMenina de 8 Anos\u201d e sua trajet\u00f3ria nas Marcianas. Em fase solo, Geizi entregou uma performance poderosa e cheia de emo\u00e7\u00e3o.<\/p>\n\n\n\n<p>Uma abertura com f\u00e9, amizade e reconhecimento<\/p>\n\n\n\n<p>Um dos momentos mais tocantes da noite foi a abertura oficial da festa. A convidada Bel Spinosa, locutora da r\u00e1dio Paiquer\u00ea FM de Londrina e amiga de Val Couto h\u00e1 mais de 25 anos, foi convidada para fazer uma ora\u00e7\u00e3o especial no in\u00edcio da festa. Bel falou palavras maravilhosas e inspiradoras sobre o amigo, emocionando a todos os presentes.<\/p>\n\n\n\n<p>Logo ap\u00f3s, Bel Spinosa subiu novamente ao palco para prestar uma homenagem emocionante, entregando a Val Couto uma bel\u00edssima B\u00edblia personalizada, carregada de significado.<\/p>\n\n\n\n<p>Kaddu Smith levanta o p\u00fablico com hits internacionais<\/p>\n\n\n\n<p>A energia da festa ganhou ainda mais for\u00e7a quando Kaddu Smith subiu ao palco. O cantor impressionou o p\u00fablico com interpreta\u00e7\u00f5es impactantes de sucessos de Chris Brown e Michael Jackson, trazendo talento, presen\u00e7a de palco e uma vibe internacional. Sua apresenta\u00e7\u00e3o foi um dos pontos altos da noite e rendeu muitos aplausos e elogios nas redes sociais.<\/p>\n\n\n\n<p><strong>Shows e homenagens emocionantes<\/strong><\/p>\n\n\n\n<p>O palco foi um verdadeiro desfile de talentos. A festa contou ainda com apresenta\u00e7\u00f5es especiais como o cantor Lukas Vince, a voz poderosa de Elaine Cristina, que homenageou Val com uma performance surpreendente, e o DJ Rafa, que encerrando a noite com alto astral, fez todos dan\u00e7arem at\u00e9 o \u00faltimo minuto.<\/p>\n\n\n\n<p><strong>Presen\u00e7as de peso e apoio incondicional<\/strong><\/p>\n\n\n\n<p>A festa contou com a presen\u00e7a da assessora pessoal de Val, Rosangela Mello, que acompanhou todos os detalhes do evento, e tamb\u00e9m do produtor musical Renan Oliveira, respons\u00e1vel pela produ\u00e7\u00e3o art\u00edstica de Val. Convidados influentes da m\u00eddia nacional marcaram presen\u00e7a e enalteceram o sucesso da celebra\u00e7\u00e3o.<\/p>\n\n\n\n<p>Um dos grandes apoiadores da noite foi o estiloso Alfaiate Calderan, patrocinador oficial de Val, respons\u00e1vel pelos looks sofisticados e marcantes que ele tem exibido em seus programas de TV e editoriais.<\/p>\n\n\n\n<p><strong>Gratid\u00e3o \u00e0 madrinha Elba Ferreira<\/strong><\/p>\n\n\n\n<p>Outro momento de destaque foi a men\u00e7\u00e3o especial \u00e0 madrinha de Val, Elba Ferreira, da cidade de Corn\u00e9lio Proc\u00f3pio, que foi pe\u00e7a essencial na organiza\u00e7\u00e3o da lista de convidados e no suporte geral do evento. Sua dedica\u00e7\u00e3o e carinho foram reconhecidos publicamente por Val com palavras de gratid\u00e3o.<\/p>\n\n\n\n<p><strong>Festa entra para a hist\u00f3ria<\/strong><\/p>\n\n\n\n<p>Esta foi a quinta edi\u00e7\u00e3o consecutiva da comemora\u00e7\u00e3o conjunta entre Val e Kaddu, e a cada ano o evento cresce em magnitude, brilho e prest\u00edgio. Para os presentes, n\u00e3o foi apenas uma festa de anivers\u00e1rio, mas sim uma celebra\u00e7\u00e3o da amizade, da supera\u00e7\u00e3o e da jornada vitoriosa de dois artistas que tocam a vida de milhares de pessoas com seu talento e verdade.<\/p>\n\n\n\n<p>A comemora\u00e7\u00e3o come\u00e7ou j\u00e1 na sexta-feira, com a chegada dos primeiros convidados \u00e0 resid\u00eancia de Val, que recebeu a todos com muito carinho e esp\u00edrito de acolhimento.<\/p>\n\n\n\n<p>A produ\u00e7\u00e3o da noite foi impec\u00e1vel: Jamile Cristine Rodrigues assinou a maquiagem dos anfitri\u00f5es, e todo o evento foi executado com perfei\u00e7\u00e3o \u2013 refletindo a personalidade forte e aut\u00eantica de Val Couto e Kaddu Smith.<\/p>\n\n\n\n<p>Com brilho, emo\u00e7\u00e3o e uma dose generosa de afeto, essa noite entra para o calend\u00e1rio dos eventos mais memor\u00e1veis do Paran\u00e1. Viva Val, viva Kaddu, e que venham muitos anos de sucesso, luz e celebra\u00e7\u00f5es!<\/p>\n\n\n\n<p><strong>Cr\u00e9dito das Fotos:&nbsp;Miro Fotografia \/ Divulga\u00e7\u00e3o<\/strong><\/p>\n","protected":false},"excerpt":{"rendered":"<p>O \u00faltimo final de semana foi marcado por emo\u00e7\u00e3o, alegria e reencontros inesquec\u00edveis no munic\u00edpio&#8230;<\/p>\n","protected":false},"author":19,"featured_media":19788,"comment_status":"closed","ping_status":"open","sticky":false,"template":"","format":"standard","meta":{"om_disable_all_campaigns":false,"_monsterinsights_skip_tracking":false,"_monsterinsights_sitenote_active":false,"_monsterinsights_sitenote_note":"","_monsterinsights_sitenote_category":0,"spay_email":""},"categories":[1],"tags":[],"jetpack_featured_media_url":"https:\/\/vimagazine.com.br\/wp-content\/uploads\/2025\/08\/Beth-Guzzo-Val-Couto-Kaddu-Smith-e-Milene-Pavoro\u0302-Miro-Fotografia.jpeg","_links":{"self":[{"href":"https:\/\/vimagazine.com.br\/index.php?rest_route=\/wp\/v2\/posts\/19784"}],"collection":[{"href":"https:\/\/vimagazine.com.br\/index.php?rest_route=\/wp\/v2\/posts"}],"about":[{"href":"https:\/\/vimagazine.com.br\/index.php?rest_route=\/wp\/v2\/types\/post"}],"author":[{"embeddable":true,"href":"https:\/\/vimagazine.com.br\/index.php?rest_route=\/wp\/v2\/users\/19"}],"replies":[{"embeddable":true,"href":"https:\/\/vimagazine.com.br\/index.php?rest_route=%2Fwp%2Fv2%2Fcomments&post=19784"}],"version-history":[{"count":1,"href":"https:\/\/vimagazine.com.br\/index.php?rest_route=\/wp\/v2\/posts\/19784\/revisions"}],"predecessor-version":[{"id":19789,"href":"https:\/\/vimagazine.com.br\/index.php?rest_route=\/wp\/v2\/posts\/19784\/revisions\/19789"}],"wp:featuredmedia":[{"embeddable":true,"href":"https:\/\/vimagazine.com.br\/index.php?rest_route=\/wp\/v2\/media\/19788"}],"wp:attachment":[{"href":"https:\/\/vimagazine.com.br\/index.php?rest_route=%2Fwp%2Fv2%2Fmedia&parent=19784"}],"wp:term":[{"taxonomy":"category","embeddable":true,"href":"https:\/\/vimagazine.com.br\/index.php?rest_route=%2Fwp%2Fv2%2Fcategories&post=19784"},{"taxonomy":"post_tag","embeddable":true,"href":"https:\/\/vimagazine.com.br\/index.php?rest_route=%2Fwp%2Fv2%2Ftags&post=19784"}],"curies":[{"name":"wp","href":"https:\/\/api.w.org\/{rel}","templated":true}]}}