{"id":19791,"date":"2025-08-06T14:26:00","date_gmt":"2025-08-06T17:26:00","guid":{"rendered":"https:\/\/vimagazine.com.br\/?p=19791"},"modified":"2025-08-06T14:27:37","modified_gmt":"2025-08-06T17:27:37","slug":"concurso-que-revelou-gisele-bundchen-inicia-nova-busca-por-talentos-da-moda","status":"publish","type":"post","link":"https:\/\/vimagazine.com.br\/?p=19791","title":{"rendered":"Concurso que revelou Gisele B\u00fcndchen inicia nova busca por talentos da moda"},"content":{"rendered":"\n<p><\/p>\n\n\n\n<p class=\"has-medium-font-size\"><strong>Sele\u00e7\u00e3o The Look of The Year ter\u00e1 mais de 40 olheiros no Brasil e etapa em Portugal<\/strong><\/p>\n\n\n\n<p><\/p>\n\n\n\n<p>O prestigiado concurso <strong>The Look of The Year<\/strong>, respons\u00e1vel por lan\u00e7ar ao estrelato nomes como <strong>Gisele B\u00fcndchen, Isabeli Fontana, Michelle Alves, Raica Oliveira, Ana Beatriz Barros<\/strong> e <strong>Carol Ribeiro<\/strong>, abre mais uma edi\u00e7\u00e3o em 2025 e promete movimentar o cen\u00e1rio da moda brasileira e internacional.<\/p>\n\n\n\n<p><\/p>\n\n\n\n<figure class=\"wp-container-2 wp-block-gallery-1 wp-block-gallery has-nested-images columns-default is-cropped\">\n<figure class=\"wp-block-image size-large\"><img width=\"320\" height=\"470\" data-id=\"19793\"  src=\"https:\/\/vimagazine.com.br\/wp-content\/uploads\/2025\/08\/Gisele-Bundchen_The-Look-of-The-Year.jpg\" alt=\"\" class=\"wp-image-19793\" srcset=\"https:\/\/vimagazine.com.br\/wp-content\/uploads\/2025\/08\/Gisele-Bundchen_The-Look-of-The-Year.jpg 320w, https:\/\/vimagazine.com.br\/wp-content\/uploads\/2025\/08\/Gisele-Bundchen_The-Look-of-The-Year-204x300.jpg 204w\" sizes=\"(max-width: 320px) 100vw, 320px\" \/><figcaption>Gisele <strong>B\u00fcndchen<\/strong><\/figcaption><\/figure>\n\n\n\n<figure class=\"wp-block-image size-large\"><img width=\"837\" height=\"961\" data-id=\"19794\"  src=\"https:\/\/vimagazine.com.br\/wp-content\/uploads\/2025\/08\/Liliana-Gomes-arquivo-antigo-02-com-Ana-Beatriz-Barros.jpg\" alt=\"\" class=\"wp-image-19794\" srcset=\"https:\/\/vimagazine.com.br\/wp-content\/uploads\/2025\/08\/Liliana-Gomes-arquivo-antigo-02-com-Ana-Beatriz-Barros.jpg 837w, https:\/\/vimagazine.com.br\/wp-content\/uploads\/2025\/08\/Liliana-Gomes-arquivo-antigo-02-com-Ana-Beatriz-Barros-261x300.jpg 261w, https:\/\/vimagazine.com.br\/wp-content\/uploads\/2025\/08\/Liliana-Gomes-arquivo-antigo-02-com-Ana-Beatriz-Barros-768x882.jpg 768w\" sizes=\"(max-width: 837px) 100vw, 837px\" \/><figcaption>Liliana Gomes e Ana Beatriz Barros <\/figcaption><\/figure>\n<\/figure>\n\n\n\n<p><\/p>\n\n\n\n<p>Conhecido como um dos principais reveladores de supermodelos desde os anos 1990, o concurso contar\u00e1 com <strong>mais de 40 olheiros espalhados por diversas cidades do Brasil<\/strong> e tamb\u00e9m em Lisboa, Portugal, para encontrar novos rostos que possam brilhar nas passarelas do mundo. A <strong>final nacional est\u00e1 marcada para novembro, em S\u00e3o Paulo<\/strong>.<\/p>\n\n\n\n<p>Relan\u00e7ado em 2013 sob o comando da ag\u00eancia <strong>JOY Management<\/strong>, dos empres\u00e1rios <strong>Liliana Gomes e Marcelo Fonseca<\/strong>, o The Look of The Year se destaca por <strong>n\u00e3o impor medidas corporais nem limite m\u00e1ximo de idade<\/strong> aos candidatos, valorizando a diversidade e democratizando o acesso ao mercado da moda. A \u00fanica exig\u00eancia \u00e9 a idade m\u00ednima de <strong>16 anos<\/strong>, conforme determina a legisla\u00e7\u00e3o brasileira, com autoriza\u00e7\u00e3o dos pais ou respons\u00e1veis no caso de menores de idade.<\/p>\n\n\n\n<p><\/p>\n\n\n\n<p><\/p>\n\n\n\n<figure class=\"wp-block-image aligncenter size-large is-resized\"><img src=\"https:\/\/vimagazine.com.br\/wp-content\/uploads\/2025\/08\/Liliana-Gomes-por-Nanda-Tavares_-683x1024.jpg\" alt=\"\" class=\"wp-image-19792\" width=\"512\" height=\"768\" srcset=\"https:\/\/vimagazine.com.br\/wp-content\/uploads\/2025\/08\/Liliana-Gomes-por-Nanda-Tavares_-683x1024.jpg 683w, https:\/\/vimagazine.com.br\/wp-content\/uploads\/2025\/08\/Liliana-Gomes-por-Nanda-Tavares_-200x300.jpg 200w, https:\/\/vimagazine.com.br\/wp-content\/uploads\/2025\/08\/Liliana-Gomes-por-Nanda-Tavares_-768x1152.jpg 768w, https:\/\/vimagazine.com.br\/wp-content\/uploads\/2025\/08\/Liliana-Gomes-por-Nanda-Tavares_-1024x1536.jpg 1024w, https:\/\/vimagazine.com.br\/wp-content\/uploads\/2025\/08\/Liliana-Gomes-por-Nanda-Tavares_.jpg 1280w\" sizes=\"(max-width: 512px) 100vw, 512px\" \/><figcaption><strong>Liliana Gomes<\/strong><\/figcaption><\/figure>\n\n\n\n<p><\/p>\n\n\n\n<p><\/p>\n\n\n\n<p>As inscri\u00e7\u00f5es j\u00e1 est\u00e3o abertas e podem ser feitas de forma <strong>virtual ou em seletivas presenciais<\/strong> que percorrer\u00e3o diferentes regi\u00f5es do pa\u00eds e tamb\u00e9m Portugal. O objetivo \u00e9 revelar <strong>a pr\u00f3xima gera\u00e7\u00e3o de tops brasileiras<\/strong> que seguir\u00e3o os passos das grandes estrelas lan\u00e7adas pelo concurso.<\/p>\n\n\n\n<p>Mais do que um trampolim para passarelas internacionais, o The Look of The Year \u00e9 visto como um marco na vida de seus participantes. \u201cO concurso transformou minha carreira e me abriu portas para o mercado global\u201d, relembra uma das modelos reveladas pela competi\u00e7\u00e3o. Segundo os organizadores, muitos finalistas conquistam <strong>contratos com marcas de luxo e ag\u00eancias internacionais<\/strong>, consolidando o evento como <strong>um dos mais influentes no mercado da moda mundial<\/strong>.<\/p>\n\n\n\n<p><\/p>\n\n\n\n<p><strong>As inscri\u00e7\u00f5es s\u00e3o totalmente gratuitas<\/strong>:\u00a0<a href=\"http:\/\/www.thelookoftheyear.com.br\/\" target=\"_blank\" rel=\"noreferrer noopener\">www.thelookoftheyear.com.br<\/a><\/p>\n\n\n\n<p><strong>THE LOOK OF THE YEAR 2025<\/strong><\/p>\n\n\n\n<p><strong>Inscri\u00e7\u00f5es abertas.<\/strong><\/p>\n\n\n\n<p><\/p>\n\n\n\n<p>Site:&nbsp;<a href=\"http:\/\/www.thelookoftheyear.com.br\/\" target=\"_blank\" rel=\"noreferrer noopener\">www.thelookoftheyear.com.br<\/a><\/p>\n\n\n\n<p>E-mail:&nbsp;<a href=\"mailto:thelook@joymgmt.com\">thelook@joymgmt.com<\/a><\/p>\n\n\n\n<p>Instagram: @thelookoftheyearbrasil<\/p>\n\n\n\n<p><\/p>\n\n\n\n<p><strong>Agenda de seletivas presenciais:<\/strong><\/p>\n\n\n\n<p>9\/8 &#8211; ARACAJU (SE)<\/p>\n\n\n\n<p>16\/8 &#8211; CABO FRIO, ARRAIAL DO CABO, NOVA FRIBURGO E B\u00daZIOS (RJ)<\/p>\n\n\n\n<p>22\/8 &#8211; MARING\u00c1 (PR)<\/p>\n\n\n\n<p>23\/8 &#8211; URUGUAIANA (RS) e APUCARANA (PR)<\/p>\n\n\n\n<p>5\/9 &#8211; AN\u00c1POLIS (GO)<\/p>\n\n\n\n<p>6\/9 &#8211; GOI\u00c2NIA (GO)<\/p>\n\n\n\n<p>7\/9 &#8211; S\u00c3O JOS\u00c9 DOS CAMPOS (SP)<\/p>\n\n\n\n<p>13\/9 &#8211; ARARAQUARA (SP)<\/p>\n\n\n\n<p>18\/9 &#8211; RIBEIR\u00c3O PRETO (SP)<\/p>\n\n\n\n<p>23\/9 &#8211; ARARAS (SP)<\/p>\n\n\n\n<p>4\/10 &#8211; PONTA GROSSA (PR)<\/p>\n\n\n\n<p>8\/10 &#8211; FORTALEZA (CE)<\/p>\n\n\n\n<p>10\/10 &#8211; S\u00c3O LUIZ (MA)<\/p>\n\n\n\n<p><\/p>\n\n\n\n<p style=\"font-size:18px\"><strong>Informa\u00e7\u00f5es e inscri\u00e7\u00f5es para MAFRA SC  e regi\u00e3o:  (47) 99187 0317<\/strong> <\/p>\n\n\n\n<p><\/p>\n\n\n\n<p><strong>20\/11 &#8211; SEMIFINAL @ SP<\/strong><\/p>\n\n\n\n<p><strong>24\/11 &#8211; FINAL @ SP<\/strong><\/p>\n\n\n\n<p><\/p>\n\n\n\n<p>Fotos: Acervo The Look Of The Year <\/p>\n","protected":false},"excerpt":{"rendered":"<p>Sele\u00e7\u00e3o The Look of The Year ter\u00e1 mais de 40 olheiros no Brasil e etapa&#8230;<\/p>\n","protected":false},"author":1,"featured_media":19795,"comment_status":"closed","ping_status":"open","sticky":false,"template":"","format":"standard","meta":{"om_disable_all_campaigns":false,"_monsterinsights_skip_tracking":false,"_monsterinsights_sitenote_active":false,"_monsterinsights_sitenote_note":"","_monsterinsights_sitenote_category":0,"spay_email":""},"categories":[27],"tags":[],"jetpack_featured_media_url":"https:\/\/vimagazine.com.br\/wp-content\/uploads\/2025\/08\/The-Look-of-The-Year-2.jpg","_links":{"self":[{"href":"https:\/\/vimagazine.com.br\/index.php?rest_route=\/wp\/v2\/posts\/19791"}],"collection":[{"href":"https:\/\/vimagazine.com.br\/index.php?rest_route=\/wp\/v2\/posts"}],"about":[{"href":"https:\/\/vimagazine.com.br\/index.php?rest_route=\/wp\/v2\/types\/post"}],"author":[{"embeddable":true,"href":"https:\/\/vimagazine.com.br\/index.php?rest_route=\/wp\/v2\/users\/1"}],"replies":[{"embeddable":true,"href":"https:\/\/vimagazine.com.br\/index.php?rest_route=%2Fwp%2Fv2%2Fcomments&post=19791"}],"version-history":[{"count":2,"href":"https:\/\/vimagazine.com.br\/index.php?rest_route=\/wp\/v2\/posts\/19791\/revisions"}],"predecessor-version":[{"id":19798,"href":"https:\/\/vimagazine.com.br\/index.php?rest_route=\/wp\/v2\/posts\/19791\/revisions\/19798"}],"wp:featuredmedia":[{"embeddable":true,"href":"https:\/\/vimagazine.com.br\/index.php?rest_route=\/wp\/v2\/media\/19795"}],"wp:attachment":[{"href":"https:\/\/vimagazine.com.br\/index.php?rest_route=%2Fwp%2Fv2%2Fmedia&parent=19791"}],"wp:term":[{"taxonomy":"category","embeddable":true,"href":"https:\/\/vimagazine.com.br\/index.php?rest_route=%2Fwp%2Fv2%2Fcategories&post=19791"},{"taxonomy":"post_tag","embeddable":true,"href":"https:\/\/vimagazine.com.br\/index.php?rest_route=%2Fwp%2Fv2%2Ftags&post=19791"}],"curies":[{"name":"wp","href":"https:\/\/api.w.org\/{rel}","templated":true}]}}