{"id":19799,"date":"2025-08-06T18:05:21","date_gmt":"2025-08-06T21:05:21","guid":{"rendered":"https:\/\/vimagazine.com.br\/?p=19799"},"modified":"2025-08-06T18:05:22","modified_gmt":"2025-08-06T21:05:22","slug":"com-apoio-do-sebrae-vigorelli-lanca-sua-marca-e-reforca-vocacao-para-o-ecoturismo","status":"publish","type":"post","link":"https:\/\/vimagazine.com.br\/?p=19799","title":{"rendered":"Com apoio do Sebrae, Vigorelli lan\u00e7a sua marca e refor\u00e7a voca\u00e7\u00e3o para o ecoturismo"},"content":{"rendered":"\n<figure class=\"wp-block-image size-large\"><img width=\"1024\" height=\"682\" src=\"https:\/\/vimagazine.com.br\/wp-content\/uploads\/2025\/08\/WhatsApp-Image-2025-08-06-at-13.44.00-1024x682.jpeg\" alt=\"\" class=\"wp-image-19800\" srcset=\"https:\/\/vimagazine.com.br\/wp-content\/uploads\/2025\/08\/WhatsApp-Image-2025-08-06-at-13.44.00-1024x682.jpeg 1024w, https:\/\/vimagazine.com.br\/wp-content\/uploads\/2025\/08\/WhatsApp-Image-2025-08-06-at-13.44.00-300x200.jpeg 300w, https:\/\/vimagazine.com.br\/wp-content\/uploads\/2025\/08\/WhatsApp-Image-2025-08-06-at-13.44.00-768x511.jpeg 768w, https:\/\/vimagazine.com.br\/wp-content\/uploads\/2025\/08\/WhatsApp-Image-2025-08-06-at-13.44.00.jpeg 1280w\" sizes=\"(max-width: 1024px) 100vw, 1024px\" \/><\/figure>\n\n\n\n<p><em>Iniciativa busca impulsionar o turismo e fortalecer a economia local<\/em><\/p>\n\n\n\n<p>A comunidade da Vigorelli, em Joinville, vive um momento hist\u00f3rico. Nesta quarta-feira, 6 de agosto, foi oficialmente lan\u00e7ada a marca tur\u00edstica da localidade que visa consolidar o destino como refer\u00eancia em turismo sustent\u00e1vel, valorizando sua cultura, hist\u00f3ria, belezas naturais e estilo de vida. A a\u00e7\u00e3o faz parte de um projeto estruturado pelo Sebrae.<\/p>\n\n\n\n<p>Localizada \u00e0s margens da Ba\u00eda Babitonga, a Vigorelli encanta quem chega com paisagens de tirar o f\u00f4lego, revoadas de guar\u00e1s ao entardecer, a presen\u00e7a serena dos botos e o acolhimento caloroso de seus moradores. Mais que um destino, \u00e9 uma experi\u00eancia sensorial e afetiva \u2014 e \u00e9 exatamente esse sentimento que a nova marca busca traduzir e comunicar ao visitante.<\/p>\n\n\n\n<p>\u201cA Vigorelli tem uma ess\u00eancia muito pr\u00f3pria, e mais que uma marca, essa entrega se trata da constru\u00e7\u00e3o de uma identidade, com o intuito de transferir todos os valores e a hist\u00f3ria que este local possui\u201d, explica Jaime Dias Junior, gerente da Regional Norte do Sebrae\/SC. \u201cQueremos ajudar a posicionar a localidade como um destino aut\u00eantico, com voca\u00e7\u00e3o para o turismo de natureza, de experi\u00eancia e de base comunit\u00e1ria.\u201d<\/p>\n\n\n\n<p>O evento de lan\u00e7amento da marca celebra n\u00e3o apenas a nova identidade visual da Vigorelli, mas tamb\u00e9m o fortalecimento de um processo coletivo que envolve moradores, empreendedores locais e institui\u00e7\u00f5es. A marca tur\u00edstica foi constru\u00edda com base em um processo de escuta e cocria\u00e7\u00e3o, respeitando as ra\u00edzes e o estilo de vida da comunidade, que ao longo das \u00faltimas d\u00e9cadas se estruturou em torno da pesca, da gastronomia \u00e0 base de frutos do mar e do amor pela ba\u00eda.<\/p>\n\n\n\n<p>Com cerca de 500 moradores e um n\u00famero crescente de visitantes, especialmente nos finais de semana, a Vigorelli passou por importantes melhorias nos \u00faltimos anos, como a pavimenta\u00e7\u00e3o da estrada de acesso, implanta\u00e7\u00e3o de ciclovia, ilumina\u00e7\u00e3o p\u00fablica e, em fevereiro de 2024, a chegada da energia el\u00e9trica.<\/p>\n\n\n\n<p>Esta nova fase marca um ponto de virada: com infraestrutura melhor, mais visibilidade e agora uma marca forte para comunicar seus diferenciais, a Vigorelli est\u00e1 pronta para receber quem busca desacelerar e se conectar com a ess\u00eancia da Ba\u00eda Babitonga.<\/p>\n","protected":false},"excerpt":{"rendered":"<p>Iniciativa busca impulsionar o turismo e fortalecer a economia local A comunidade da Vigorelli, em&#8230;<\/p>\n","protected":false},"author":20,"featured_media":0,"comment_status":"closed","ping_status":"open","sticky":false,"template":"","format":"standard","meta":{"om_disable_all_campaigns":false,"_monsterinsights_skip_tracking":false,"_monsterinsights_sitenote_active":false,"_monsterinsights_sitenote_note":"","_monsterinsights_sitenote_category":0,"spay_email":""},"categories":[1],"tags":[],"jetpack_featured_media_url":"","_links":{"self":[{"href":"https:\/\/vimagazine.com.br\/index.php?rest_route=\/wp\/v2\/posts\/19799"}],"collection":[{"href":"https:\/\/vimagazine.com.br\/index.php?rest_route=\/wp\/v2\/posts"}],"about":[{"href":"https:\/\/vimagazine.com.br\/index.php?rest_route=\/wp\/v2\/types\/post"}],"author":[{"embeddable":true,"href":"https:\/\/vimagazine.com.br\/index.php?rest_route=\/wp\/v2\/users\/20"}],"replies":[{"embeddable":true,"href":"https:\/\/vimagazine.com.br\/index.php?rest_route=%2Fwp%2Fv2%2Fcomments&post=19799"}],"version-history":[{"count":1,"href":"https:\/\/vimagazine.com.br\/index.php?rest_route=\/wp\/v2\/posts\/19799\/revisions"}],"predecessor-version":[{"id":19801,"href":"https:\/\/vimagazine.com.br\/index.php?rest_route=\/wp\/v2\/posts\/19799\/revisions\/19801"}],"wp:attachment":[{"href":"https:\/\/vimagazine.com.br\/index.php?rest_route=%2Fwp%2Fv2%2Fmedia&parent=19799"}],"wp:term":[{"taxonomy":"category","embeddable":true,"href":"https:\/\/vimagazine.com.br\/index.php?rest_route=%2Fwp%2Fv2%2Fcategories&post=19799"},{"taxonomy":"post_tag","embeddable":true,"href":"https:\/\/vimagazine.com.br\/index.php?rest_route=%2Fwp%2Fv2%2Ftags&post=19799"}],"curies":[{"name":"wp","href":"https:\/\/api.w.org\/{rel}","templated":true}]}}