{"id":19802,"date":"2025-08-08T07:15:18","date_gmt":"2025-08-08T10:15:18","guid":{"rendered":"https:\/\/vimagazine.com.br\/?p=19802"},"modified":"2025-08-08T07:15:20","modified_gmt":"2025-08-08T10:15:20","slug":"jethro-internacional-realiza-ato-solene-de-condecoracao-de-novos-diplomatas-civis-e-outorga-premio-medalha-martin-luther-king-na-camara-municipal-de-sao-paulo","status":"publish","type":"post","link":"https:\/\/vimagazine.com.br\/?p=19802","title":{"rendered":"<strong>Jethro Internacional realiza ato solene de condecora\u00e7\u00e3o de novos diplomatas civis e outorga Pr\u00eamio Medalha Martin Luther King na C\u00e2mara Municipal de S\u00e3o Paulo<\/strong>"},"content":{"rendered":"\n<p>Evento celebrou lideran\u00e7as comprometidas com o protagonismo humano, inclus\u00e3o e justi\u00e7a social<\/p>\n\n\n\n<p>No \u00faltimo dia 05 ainstitui\u00e7\u00e3o internacional\u00a0<strong>Jethro<\/strong>, presente em 198 pa\u00edses, promoveu uma emocionante cerim\u00f4nia de diploma\u00e7\u00e3o no Sal\u00e3o Nobre Jo\u00e3o Brasil Vita, na C\u00e2mara Municipal de S\u00e3o Paulo. O evento reuniu personalidades de diversas \u00e1reas, celebrando trajet\u00f3rias inspiradoras e reafirmando valores como reconhecimento, dignidade e inclus\u00e3o social.<\/p>\n\n\n\n<figure class=\"wp-block-image size-large is-resized\"><img src=\"https:\/\/vimagazine.com.br\/wp-content\/uploads\/2025\/08\/4e56afcb-f23d-4d0b-a37a-7f446d33e474_800x1231-665x1024.jpeg\" alt=\"\" class=\"wp-image-19804\" width=\"836\" height=\"1287\" srcset=\"https:\/\/vimagazine.com.br\/wp-content\/uploads\/2025\/08\/4e56afcb-f23d-4d0b-a37a-7f446d33e474_800x1231-665x1024.jpeg 665w, https:\/\/vimagazine.com.br\/wp-content\/uploads\/2025\/08\/4e56afcb-f23d-4d0b-a37a-7f446d33e474_800x1231-195x300.jpeg 195w, https:\/\/vimagazine.com.br\/wp-content\/uploads\/2025\/08\/4e56afcb-f23d-4d0b-a37a-7f446d33e474_800x1231-768x1182.jpeg 768w, https:\/\/vimagazine.com.br\/wp-content\/uploads\/2025\/08\/4e56afcb-f23d-4d0b-a37a-7f446d33e474_800x1231.jpeg 800w\" sizes=\"(max-width: 836px) 100vw, 836px\" \/><figcaption>Foto &#8211; Divulga\u00e7\u00e3o <\/figcaption><\/figure>\n\n\n\n<p>A solenidade teve in\u00edcio com a execu\u00e7\u00e3o do Hino Nacional Brasileiro, interpretado pela <a href=\"https:\/\/www.instagram.com\/rosaju8\/\"><strong>cantora<\/strong>\u00a0<strong>Juliana Rosa<\/strong><\/a>, e contou com a presen\u00e7a de representantes da pol\u00edtica, cultura, imprensa, setor empresarial e sociedade civil. Entre os homenageados e convidados, estiveram o\u00a0<a href=\"https:\/\/www.instagram.com\/gabriel.abreu20200\/\"><strong>vereador Gabriel<\/strong><\/a>, o\u00a0<a href=\"https:\/\/www.instagram.com\/prdiegodiasof\/\"><strong>diplomata civil Diego Dias<\/strong>\u00a0<\/a>\u2014 que tamb\u00e9m atuou como cerimonialista da noite \u2014, o jornalista e assessor de imprensa\u00a0<a href=\"https:\/\/www.instagram.com\/joaocostaooficial\/\"><strong>Jo\u00e3o Costa<\/strong><\/a>, membro da\u00a0<strong>API \u2013 Associa\u00e7\u00e3o Paulista de Imprensa<\/strong>, Divino Aparecido Garcia, Silva Aparecida Meira Silva, e Fernanda Aparecida da Silva al\u00e9m de outros nomes de express\u00e3o nacional.<\/p>\n\n\n\n<figure class=\"wp-block-image size-full is-resized\"><img src=\"https:\/\/vimagazine.com.br\/wp-content\/uploads\/2025\/08\/29e9b6a5-a8c2-4f81-aaf9-c29fe1474202_800x711.jpeg\" alt=\"\" class=\"wp-image-19805\" width=\"838\" height=\"745\" srcset=\"https:\/\/vimagazine.com.br\/wp-content\/uploads\/2025\/08\/29e9b6a5-a8c2-4f81-aaf9-c29fe1474202_800x711.jpeg 800w, https:\/\/vimagazine.com.br\/wp-content\/uploads\/2025\/08\/29e9b6a5-a8c2-4f81-aaf9-c29fe1474202_800x711-300x267.jpeg 300w, https:\/\/vimagazine.com.br\/wp-content\/uploads\/2025\/08\/29e9b6a5-a8c2-4f81-aaf9-c29fe1474202_800x711-768x683.jpeg 768w\" sizes=\"(max-width: 838px) 100vw, 838px\" \/><figcaption>Foto &#8211; Divulga\u00e7\u00e3o<\/figcaption><\/figure>\n\n\n\n<p>Em discurso comovente,&nbsp;<a href=\"https:\/\/www.instagram.com\/praelisangeladiasoficiall\/\"><strong>Elisangela Dias<\/strong><\/a>, diretora de Expans\u00e3o Nacional e Internacional do Jethro, ressaltou o impacto social da institui\u00e7\u00e3o e seu compromisso com a valoriza\u00e7\u00e3o do ser humano em escala global. Reconhecida por sua trajet\u00f3ria marcada pela resili\u00eancia e lideran\u00e7a, emocionou o p\u00fablico ao reafirmar a miss\u00e3o da entidade:<\/p>\n\n\n\n<p>\u201cNosso prop\u00f3sito \u00e9 transformar vidas por meio do reconhecimento, da igualdade e do protagonismo social\u201d, ressaltou Elisangela Dias.<\/p>\n\n\n\n<p>Al\u00e9m da diploma\u00e7\u00e3o de novos diplomatas civis, a cerim\u00f4nia tamb\u00e9m foi marcada pela entrega da&nbsp;<strong>Medalha Martin Luther King<\/strong>, honraria destinada a personalidades comprometidas com a defesa dos direitos humanos e a promo\u00e7\u00e3o da justi\u00e7a social.<\/p>\n\n\n\n<p>Com agenda ativa no Brasil, o Jethro j\u00e1 tem novas solenidades previstas para as cidades do&nbsp;<strong>Rio de Janeiro<\/strong>,&nbsp;<strong>Belo Horizonte (MG)<\/strong>,&nbsp;<strong>Goi\u00e2nia (GO)<\/strong>&nbsp;e&nbsp;<strong>Bras\u00edlia (DF)<\/strong>, ampliando sua atua\u00e7\u00e3o e fortalecendo seu compromisso com o desenvolvimento humano e social em todo o territ\u00f3rio nacional.<\/p>\n\n\n\n<p><strong><em>Redes<\/em><\/strong><\/p>\n\n\n\n<p><a href=\"https:\/\/www.instagram.com\/jethro_international\/\" target=\"_blank\" rel=\"noreferrer noopener\">@jethro_internacional<\/a><\/p>\n\n\n\n<p><a href=\"https:\/\/www.instagram.com\/praelisangeladiasoficiall\/\" target=\"_blank\" rel=\"noreferrer noopener\">@praelisangeladiasoficial<\/a><\/p>\n\n\n\n<p><a href=\"https:\/\/www.instagram.com\/prdiegodiasof\/\" target=\"_blank\" rel=\"noreferrer noopener\">@prdiegodiasof<\/a><\/p>\n","protected":false},"excerpt":{"rendered":"<p>Evento celebrou lideran\u00e7as comprometidas com o protagonismo humano, inclus\u00e3o e justi\u00e7a social No \u00faltimo dia&#8230;<\/p>\n","protected":false},"author":2,"featured_media":19803,"comment_status":"closed","ping_status":"open","sticky":false,"template":"","format":"standard","meta":{"om_disable_all_campaigns":false,"_monsterinsights_skip_tracking":false,"_monsterinsights_sitenote_active":false,"_monsterinsights_sitenote_note":"","_monsterinsights_sitenote_category":0,"spay_email":""},"categories":[27,26],"tags":[1060],"jetpack_featured_media_url":"https:\/\/vimagazine.com.br\/wp-content\/uploads\/2025\/08\/bde233d3-5319-4cf2-b1ab-11a37f49063f_800x450.jpeg","_links":{"self":[{"href":"https:\/\/vimagazine.com.br\/index.php?rest_route=\/wp\/v2\/posts\/19802"}],"collection":[{"href":"https:\/\/vimagazine.com.br\/index.php?rest_route=\/wp\/v2\/posts"}],"about":[{"href":"https:\/\/vimagazine.com.br\/index.php?rest_route=\/wp\/v2\/types\/post"}],"author":[{"embeddable":true,"href":"https:\/\/vimagazine.com.br\/index.php?rest_route=\/wp\/v2\/users\/2"}],"replies":[{"embeddable":true,"href":"https:\/\/vimagazine.com.br\/index.php?rest_route=%2Fwp%2Fv2%2Fcomments&post=19802"}],"version-history":[{"count":1,"href":"https:\/\/vimagazine.com.br\/index.php?rest_route=\/wp\/v2\/posts\/19802\/revisions"}],"predecessor-version":[{"id":19806,"href":"https:\/\/vimagazine.com.br\/index.php?rest_route=\/wp\/v2\/posts\/19802\/revisions\/19806"}],"wp:featuredmedia":[{"embeddable":true,"href":"https:\/\/vimagazine.com.br\/index.php?rest_route=\/wp\/v2\/media\/19803"}],"wp:attachment":[{"href":"https:\/\/vimagazine.com.br\/index.php?rest_route=%2Fwp%2Fv2%2Fmedia&parent=19802"}],"wp:term":[{"taxonomy":"category","embeddable":true,"href":"https:\/\/vimagazine.com.br\/index.php?rest_route=%2Fwp%2Fv2%2Fcategories&post=19802"},{"taxonomy":"post_tag","embeddable":true,"href":"https:\/\/vimagazine.com.br\/index.php?rest_route=%2Fwp%2Fv2%2Ftags&post=19802"}],"curies":[{"name":"wp","href":"https:\/\/api.w.org\/{rel}","templated":true}]}}