{"id":19814,"date":"2025-08-13T07:07:24","date_gmt":"2025-08-13T10:07:24","guid":{"rendered":"https:\/\/vimagazine.com.br\/?p=19814"},"modified":"2025-08-13T07:07:26","modified_gmt":"2025-08-13T10:07:26","slug":"nayara-falcoski-especialista-que-ja-desenvolveu-comunicadores-em-sete-paises-lanca-metodologia-exclusiva-para-posicionamento-de-imagem","status":"publish","type":"post","link":"https:\/\/vimagazine.com.br\/?p=19814","title":{"rendered":"<strong>Nayara Falcoski: especialista que j\u00e1 desenvolveu comunicadores em sete pa\u00edses lan\u00e7a metodologia exclusiva para posicionamento de imagem<\/strong>"},"content":{"rendered":"\n<p class=\"has-text-align-center\"><em>Premiada comunicadora explica como sua abordagem personalizada transforma a forma como empres\u00e1rios e profissionais se apresentam ao mercado<\/em><\/p>\n\n\n\n<p>Ap\u00f3s ser premiada como comunicadora em um festival em Bel\u00e9m-PA, em 2017, Nayara Falcoski iniciou sua trajet\u00f3ria na consultoria de comunica\u00e7\u00e3o e imagem atendendo amigos empres\u00e1rios. \u201cNo come\u00e7o, meu foco era totalmente no ambiente digital \u2014 filmava, fotografava e orientava sobre redes sociais. Quando me mudei para Recife, em 2019, ampliei a atua\u00e7\u00e3o para treinamentos voltados a v\u00eddeos e negocia\u00e7\u00f5es presenciais. Hoje, j\u00e1 desenvolvi mais de 400 profissionais individualmente, em sete pa\u00edses diferentes\u201d, afirma.<\/p>\n\n\n\n<figure class=\"wp-block-image size-large is-resized\"><img src=\"https:\/\/vimagazine.com.br\/wp-content\/uploads\/2025\/08\/0334b144-42b7-481d-a485-1e7e689feeff_800x1067-768x1024.jpeg\" alt=\"\" class=\"wp-image-19816\" width=\"841\" height=\"1121\" srcset=\"https:\/\/vimagazine.com.br\/wp-content\/uploads\/2025\/08\/0334b144-42b7-481d-a485-1e7e689feeff_800x1067-768x1024.jpeg 768w, https:\/\/vimagazine.com.br\/wp-content\/uploads\/2025\/08\/0334b144-42b7-481d-a485-1e7e689feeff_800x1067-225x300.jpeg 225w, https:\/\/vimagazine.com.br\/wp-content\/uploads\/2025\/08\/0334b144-42b7-481d-a485-1e7e689feeff_800x1067.jpeg 800w\" sizes=\"(max-width: 841px) 100vw, 841px\" \/><figcaption><strong>Foto &#8211; cr\u00e9ditos: Brenda Campos <\/strong><\/figcaption><\/figure>\n\n\n\n<p>A especialista, que atende executivos, empres\u00e1rios e especialistas de mercado, trabalha com uma abordagem integrativa. \u201cUtilizo t\u00e9cnicas de orat\u00f3ria, persuas\u00e3o, branding, fotografia, comportamento humano sist\u00eamico, psicologia corporal e imagem pessoal. E, de forma curiosa, trago tamb\u00e9m conceitos de arquitetura, que \u00e9 minha forma\u00e7\u00e3o inicial, para analisar espa\u00e7os e criar condi\u00e7\u00f5es de conforto que favore\u00e7am a postura e o controle emocional do comunicador\u201d, explica.<\/p>\n\n\n\n<p>Entre os resultados mais expressivos, Nayara destaca o impacto imediato que seus clientes causam ap\u00f3s o reposicionamento. \u201cJ\u00e1 tivemos casos de empres\u00e1rios que aumentaram em at\u00e9 115% o faturamento depois de fortalecer o nome no mercado\u201d, pontua.<\/p>\n\n\n\n<p>Com a metodologia pr\u00f3pria Tr\u00edade da Express\u00e3o, a consultora acompanha seus clientes em todas as etapas. \u201cCome\u00e7amos com o diagn\u00f3stico do momento atual, passamos pela consultoria de imagem, direcionamos a mensagem para os p\u00fablicos corretos e desenvolvemos o comportamento ideal para a\u00e7\u00f5es e eventos. Cada comunicador \u00e9 \u00fanico, por isso precisa de uma estrat\u00e9gia exclusiva\u201d, destaca.<\/p>\n\n\n\n<p>Na avalia\u00e7\u00e3o de Nayara, at\u00e9 grandes profissionais enfrentam desafios na comunica\u00e7\u00e3o. \u201cO mais dif\u00edcil \u00e9 equilibrar clareza e direcionamento sem perder autenticidade. Al\u00e9m disso, \u00e9 preciso saber dosar exposi\u00e7\u00e3o e discri\u00e7\u00e3o, principalmente quando a seguran\u00e7a e a fam\u00edlia est\u00e3o em jogo\u201d, observa.<\/p>\n\n\n\n<p><strong><em>A especialista deixa ainda um recado para quem sente inseguran\u00e7a ao falar em p\u00fablico:<\/em><\/strong><\/p>\n\n\n\n<p>\u201cA comunica\u00e7\u00e3o \u00e9 o ativo mais importante que qualquer ser humano pode ter. \u00c9 capaz de elevar ou destruir uma na\u00e7\u00e3o \u2014 e pode transformar a sua realidade.\u201d<\/p>\n\n\n\n<p><strong><em>Sobre<\/em><\/strong><\/p>\n\n\n\n<p><strong>Nayara Falcoski<\/strong> \u00e9 fot\u00f3grafa, consultora de imagem e comunica\u00e7\u00e3o, com especializa\u00e7\u00e3o em Rela\u00e7\u00f5es P\u00fablicas. H\u00e1 14 anos atua com a comunica\u00e7\u00e3o integrativa, unindo fotografia de retrato, an\u00e1lise de comportamento e vis\u00e3o estrat\u00e9gica para transformar a imagem e a presen\u00e7a de seus clientes. Comunicadora premiada, empreendedora, palestrante, mentora e escritora, \u00e9 movida pela paix\u00e3o em compreender o ser humano e suas express\u00f5es. Atualmente, est\u00e1 \u00e0 frente da cria\u00e7\u00e3o da <strong>Echovox \u2013 Produ\u00e7\u00f5es e Treinamentos em Comunica\u00e7\u00e3o<\/strong>, oferecendo treinamentos em orat\u00f3ria, comportamento e marca pessoal, al\u00e9m de est\u00fadio pr\u00f3prio para fotografia e produ\u00e7\u00e3o de v\u00eddeos.<\/p>\n\n\n\n<p><strong><em>Para mais informa\u00e7\u00f5es<\/em><\/strong><\/p>\n\n\n\n<p>Site: <a href=\"https:\/\/nayarafalcoski.com\/\">nayarafalcoski.com<\/a><\/p>\n\n\n\n<p>Instagram: <a href=\"https:\/\/www.instagram.com\/nayarafalcoski\/\">@nayarafalcoski<\/a><\/p>\n\n\n\n<p>E-mail: falecom@nayarafalcoski.com<\/p>\n\n\n\n<p>Contato comercial: (11) 99323-8809<\/p>\n\n\n\n<p><strong>Fotos: <\/strong>Brenda Campos<\/p>\n","protected":false},"excerpt":{"rendered":"<p>Premiada comunicadora explica como sua abordagem personalizada transforma a forma como empres\u00e1rios e profissionais se&#8230;<\/p>\n","protected":false},"author":2,"featured_media":19815,"comment_status":"closed","ping_status":"open","sticky":false,"template":"","format":"standard","meta":{"om_disable_all_campaigns":false,"_monsterinsights_skip_tracking":false,"_monsterinsights_sitenote_active":false,"_monsterinsights_sitenote_note":"","_monsterinsights_sitenote_category":0,"spay_email":""},"categories":[27,26,75],"tags":[139,1062,1061],"jetpack_featured_media_url":"https:\/\/vimagazine.com.br\/wp-content\/uploads\/2025\/08\/6cf22f05-5518-4f46-ade2-fafb8772bdbf_800x1199.jpeg","_links":{"self":[{"href":"https:\/\/vimagazine.com.br\/index.php?rest_route=\/wp\/v2\/posts\/19814"}],"collection":[{"href":"https:\/\/vimagazine.com.br\/index.php?rest_route=\/wp\/v2\/posts"}],"about":[{"href":"https:\/\/vimagazine.com.br\/index.php?rest_route=\/wp\/v2\/types\/post"}],"author":[{"embeddable":true,"href":"https:\/\/vimagazine.com.br\/index.php?rest_route=\/wp\/v2\/users\/2"}],"replies":[{"embeddable":true,"href":"https:\/\/vimagazine.com.br\/index.php?rest_route=%2Fwp%2Fv2%2Fcomments&post=19814"}],"version-history":[{"count":1,"href":"https:\/\/vimagazine.com.br\/index.php?rest_route=\/wp\/v2\/posts\/19814\/revisions"}],"predecessor-version":[{"id":19817,"href":"https:\/\/vimagazine.com.br\/index.php?rest_route=\/wp\/v2\/posts\/19814\/revisions\/19817"}],"wp:featuredmedia":[{"embeddable":true,"href":"https:\/\/vimagazine.com.br\/index.php?rest_route=\/wp\/v2\/media\/19815"}],"wp:attachment":[{"href":"https:\/\/vimagazine.com.br\/index.php?rest_route=%2Fwp%2Fv2%2Fmedia&parent=19814"}],"wp:term":[{"taxonomy":"category","embeddable":true,"href":"https:\/\/vimagazine.com.br\/index.php?rest_route=%2Fwp%2Fv2%2Fcategories&post=19814"},{"taxonomy":"post_tag","embeddable":true,"href":"https:\/\/vimagazine.com.br\/index.php?rest_route=%2Fwp%2Fv2%2Ftags&post=19814"}],"curies":[{"name":"wp","href":"https:\/\/api.w.org\/{rel}","templated":true}]}}