{"id":19818,"date":"2025-08-13T16:57:40","date_gmt":"2025-08-13T19:57:40","guid":{"rendered":"https:\/\/vimagazine.com.br\/?p=19818"},"modified":"2025-08-13T16:58:07","modified_gmt":"2025-08-13T19:58:07","slug":"internacional-e-amigo-reforcam-parceria-na-conmebol-libertadores","status":"publish","type":"post","link":"https:\/\/vimagazine.com.br\/?p=19818","title":{"rendered":"Internacional e Amigo refor\u00e7am parceria na CONMEBOL Libertadores"},"content":{"rendered":"\n<p class=\"has-text-align-center\"><\/p>\n\n\n\n<p><\/p>\n\n\n\n<p>Para o importante duelo contra o Flamengo, v\u00e1lido pelas oitavas de final da CONMEBOL Libertadores, o Internacional contar\u00e1 com a marca da Amigo estampada em seu uniforme. A empresa, que j\u00e1 esteve ao lado do clube na vitoriosa campanha do Campeonato Ga\u00facho, retorna \u00e0 omoplata da camisa colorada para os dois confrontos da competi\u00e7\u00e3o continental.<\/p>\n\n\n\n<p>A a\u00e7\u00e3o consolida a estrat\u00e9gia da Amigo de refor\u00e7ar sua marca e de se conectar com seus clientes em momentos de grande paix\u00e3o e significado. A parceria evidencia como a empresa, cujo principal produto \u00e9 a conex\u00e3o via internet, busca tamb\u00e9m conectar as pessoas \u00e0s suas emo\u00e7\u00f5es mais intensas, como as vividas no futebol.<\/p>\n\n\n\n<p>O Diretor de Neg\u00f3cios do Internacional, Alexandre Godoy, destacou o retorno da parceira em um momento decisivo. &#8220;A Amigo \u00e9 uma velha conhecida, que j\u00e1 provou do canh\u00e3o de awareness do Clube do Povo nas finais do Gauch\u00e3o e que retorna em um momento importante da temporada. Vamos seguir trabalhando com consist\u00eancia para gerar resultados para os parceiros do Clube&#8221;, salientou Godoy.<\/p>\n\n\n\n<p>A decis\u00e3o de estampar o uniforme colorado em uma fase crucial da Libertadores faz parte de um planejamento estrat\u00e9gico para aproximar ainda mais a marca do universo do futebol, como explica Michel Lotti, Diretor de Marketing da Brasil TecPar \/ Amigo. &#8220;Para a Amigo, estar presente nos jogos das oitavas de final da Copa Libertadores, ao lado de um clube do porte do Internacional, \u00e9 uma oportunidade \u00fanica de conectar nossa marca a um momento de alta emo\u00e7\u00e3o e visibilidade no cen\u00e1rio esportivo. O patroc\u00ednio na camisa refor\u00e7a nosso compromisso de sempre apoiar o esporte e nos aproximar do p\u00fablico, fortalecendo nossa presen\u00e7a em mercados estrat\u00e9gicos. Queremos que a paix\u00e3o do futebol se una \u00e0 nossa miss\u00e3o de entregar tecnologia e inova\u00e7\u00e3o para todo o Brasil&#8221;, afirmou Lotti.<\/p>\n\n\n\n<p>A Brasil TecPar, que atua em 9 estados brasileiros atendendo mais de 310 cidades, \u00e9 hoje uma das principais opera\u00e7\u00f5es de telecom do pa\u00eds. Atrav\u00e9s de suas marcas de mercado: Amigo, Blink, Justweb, Nova, Sempre Internet, OnNet, GGNet, \u00c1vato e ALT a companhia se aproxima da marca de 1 milh\u00e3o e cem mil acessos de banda larga fixa.<\/p>\n","protected":false},"excerpt":{"rendered":"<p>Para o importante duelo contra o Flamengo, v\u00e1lido pelas oitavas de final da CONMEBOL Libertadores,&#8230;<\/p>\n","protected":false},"author":2,"featured_media":19819,"comment_status":"closed","ping_status":"open","sticky":false,"template":"","format":"standard","meta":{"om_disable_all_campaigns":false,"_monsterinsights_skip_tracking":false,"_monsterinsights_sitenote_active":false,"_monsterinsights_sitenote_note":"","_monsterinsights_sitenote_category":0,"spay_email":""},"categories":[26,75],"tags":[1063],"jetpack_featured_media_url":"https:\/\/vimagazine.com.br\/wp-content\/uploads\/2025\/08\/ceb17f7a-a0be-4514-870e-80743f32f2a6_800x719.jpeg","_links":{"self":[{"href":"https:\/\/vimagazine.com.br\/index.php?rest_route=\/wp\/v2\/posts\/19818"}],"collection":[{"href":"https:\/\/vimagazine.com.br\/index.php?rest_route=\/wp\/v2\/posts"}],"about":[{"href":"https:\/\/vimagazine.com.br\/index.php?rest_route=\/wp\/v2\/types\/post"}],"author":[{"embeddable":true,"href":"https:\/\/vimagazine.com.br\/index.php?rest_route=\/wp\/v2\/users\/2"}],"replies":[{"embeddable":true,"href":"https:\/\/vimagazine.com.br\/index.php?rest_route=%2Fwp%2Fv2%2Fcomments&post=19818"}],"version-history":[{"count":2,"href":"https:\/\/vimagazine.com.br\/index.php?rest_route=\/wp\/v2\/posts\/19818\/revisions"}],"predecessor-version":[{"id":19821,"href":"https:\/\/vimagazine.com.br\/index.php?rest_route=\/wp\/v2\/posts\/19818\/revisions\/19821"}],"wp:featuredmedia":[{"embeddable":true,"href":"https:\/\/vimagazine.com.br\/index.php?rest_route=\/wp\/v2\/media\/19819"}],"wp:attachment":[{"href":"https:\/\/vimagazine.com.br\/index.php?rest_route=%2Fwp%2Fv2%2Fmedia&parent=19818"}],"wp:term":[{"taxonomy":"category","embeddable":true,"href":"https:\/\/vimagazine.com.br\/index.php?rest_route=%2Fwp%2Fv2%2Fcategories&post=19818"},{"taxonomy":"post_tag","embeddable":true,"href":"https:\/\/vimagazine.com.br\/index.php?rest_route=%2Fwp%2Fv2%2Ftags&post=19818"}],"curies":[{"name":"wp","href":"https:\/\/api.w.org\/{rel}","templated":true}]}}