{"id":19824,"date":"2025-08-14T17:16:55","date_gmt":"2025-08-14T20:16:55","guid":{"rendered":"https:\/\/vimagazine.com.br\/?p=19824"},"modified":"2025-08-14T17:16:57","modified_gmt":"2025-08-14T20:16:57","slug":"sebrae-ira-selecionar-100-startups-de-sc-para-expor-suas-solucoes-na-expoinovacao-2025","status":"publish","type":"post","link":"https:\/\/vimagazine.com.br\/?p=19824","title":{"rendered":"Sebrae ir\u00e1 selecionar 100 startups de SC para expor suas solu\u00e7\u00f5es na Expoinova\u00e7\u00e3o 2025"},"content":{"rendered":"\n<figure class=\"wp-block-image size-large\"><img width=\"1024\" height=\"683\" src=\"https:\/\/vimagazine.com.br\/wp-content\/uploads\/2025\/08\/WhatsApp-Image-2025-08-14-at-10.51.49-1024x683.jpeg\" alt=\"\" class=\"wp-image-19825\" srcset=\"https:\/\/vimagazine.com.br\/wp-content\/uploads\/2025\/08\/WhatsApp-Image-2025-08-14-at-10.51.49-1024x683.jpeg 1024w, https:\/\/vimagazine.com.br\/wp-content\/uploads\/2025\/08\/WhatsApp-Image-2025-08-14-at-10.51.49-300x200.jpeg 300w, https:\/\/vimagazine.com.br\/wp-content\/uploads\/2025\/08\/WhatsApp-Image-2025-08-14-at-10.51.49-768x512.jpeg 768w, https:\/\/vimagazine.com.br\/wp-content\/uploads\/2025\/08\/WhatsApp-Image-2025-08-14-at-10.51.49.jpeg 1200w\" sizes=\"(max-width: 1024px) 100vw, 1024px\" \/><\/figure>\n\n\n\n<p><em>Evento acontece nos dias 17 e 18 de setembro no Expocentro Edmundo Doubrawa<\/em><\/p>\n\n\n\n<p>Joinville conquistou, em 2025, um feito in\u00e9dito no cen\u00e1rio nacional da inova\u00e7\u00e3o. A cidade subiu 108 posi\u00e7\u00f5es no Global Startup Ecosystem Index 2025, ranking internacional promovido pela plataforma StartupBlink. Com esse avan\u00e7o, alcan\u00e7ou o 9\u00ba lugar entre os principais ecossistemas de startups do Brasil, ultrapassando capitais como Recife e Salvador, e assumindo a 423\u00aa coloca\u00e7\u00e3o global.<\/p>\n\n\n\n<p>Atualmente, segundo o Observat\u00f3rio Sebrae Startups, Joinville conta com 162 startups mapeadas, que atuam principalmente nos setores de Tecnologia da Informa\u00e7\u00e3o, Sa\u00fade e Bem-Estar, Gest\u00e3o e Consultoria e Educa\u00e7\u00e3o.<\/p>\n\n\n\n<p>Esse crescimento expressivo reflete o amadurecimento do ambiente de inova\u00e7\u00e3o na cidade e refor\u00e7a a import\u00e2ncia de eventos que promovem conex\u00f5es entre startups, investidores e o setor produtivo. Um exemplo disso \u00e9 a Expoinova\u00e7\u00e3o 2025, que acontece em setembro e contar\u00e1 com um espa\u00e7o exclusivo para o empreendedorismo inovador: o Espa\u00e7o Sebrae Startups.<\/p>\n\n\n\n<p>Nesta edi\u00e7\u00e3o, o Sebrae ir\u00e1 selecionar 100 startups para expor suas solu\u00e7\u00f5es ao p\u00fablico durante o evento, oferecendo 50% de subs\u00eddio na cota de participa\u00e7\u00e3o. A iniciativa consolida-se como uma das vitrines mais estrat\u00e9gicas de inova\u00e7\u00e3o e tecnologia da regi\u00e3o Sul.<\/p>\n\n\n\n<p>Participar do Espa\u00e7o Sebrae Startups \u00e9 uma oportunidade para empresas que buscam visibilidade, conex\u00f5es estrat\u00e9gicas e valida\u00e7\u00e3o de mercado. O evento re\u00fane um p\u00fablico qualificado, formado por investidores, especialistas, executivos e representantes de grandes empresas.<\/p>\n\n\n\n<p>Um exemplo desse movimento \u00e9 a Trataz \u2013 Tratamentos Otimizados de A a Z, startup joinvilense fundada em 2023 e voltada para o setor de sa\u00fade. A plataforma digital conecta profissionais, pacientes e familiares, utilizando ferramentas din\u00e2micas com gamifica\u00e7\u00e3o e intelig\u00eancia artificial para anamnese, acompanhamento, orienta\u00e7\u00e3o e continuidade do cuidado mesmo ap\u00f3s a alta hospitalar.<\/p>\n\n\n\n<p>Segundo a fundadora, Edilaine Tannouri, a ideia nasceu a partir da experi\u00eancia no consult\u00f3rio, onde muitos pacientes tinham dificuldade em seguir corretamente o tratamento em casa. A proposta da Trataz \u00e9 tornar esse processo mais din\u00e2mico e interativo, promovendo maior ades\u00e3o ao autocuidado, redu\u00e7\u00e3o de desist\u00eancias, menor recidiva e mais efici\u00eancia para os profissionais.<\/p>\n\n\n\n<p>A participa\u00e7\u00e3o na Expoinova\u00e7\u00e3o 2024 foi um marco para a trajet\u00f3ria da empresa:<\/p>\n\n\n\n<p>\u201cA maior vantagem foi a visibilidade, a autoridade e o networking, fundamentais para entrar em um mercado com tantas peculiaridades como \u00e9 o da sa\u00fade\u201d, destaca Edilaine.<\/p>\n\n\n\n<p>As startups interessadas em garantir sua participa\u00e7\u00e3o na Expoinova\u00e7\u00e3o 2025 podem se inscrever em: <a href=\"http:\/\/www.expoinovacao.com.br.\" title=\"www.expoinovacao.com.br.\">www.expoinovacao.com.br.<\/a><\/p>\n","protected":false},"excerpt":{"rendered":"<p>Evento acontece nos dias 17 e 18 de setembro no Expocentro Edmundo Doubrawa Joinville conquistou,&#8230;<\/p>\n","protected":false},"author":20,"featured_media":0,"comment_status":"closed","ping_status":"open","sticky":false,"template":"","format":"standard","meta":{"om_disable_all_campaigns":false,"_monsterinsights_skip_tracking":false,"_monsterinsights_sitenote_active":false,"_monsterinsights_sitenote_note":"","_monsterinsights_sitenote_category":0,"spay_email":""},"categories":[1],"tags":[],"jetpack_featured_media_url":"","_links":{"self":[{"href":"https:\/\/vimagazine.com.br\/index.php?rest_route=\/wp\/v2\/posts\/19824"}],"collection":[{"href":"https:\/\/vimagazine.com.br\/index.php?rest_route=\/wp\/v2\/posts"}],"about":[{"href":"https:\/\/vimagazine.com.br\/index.php?rest_route=\/wp\/v2\/types\/post"}],"author":[{"embeddable":true,"href":"https:\/\/vimagazine.com.br\/index.php?rest_route=\/wp\/v2\/users\/20"}],"replies":[{"embeddable":true,"href":"https:\/\/vimagazine.com.br\/index.php?rest_route=%2Fwp%2Fv2%2Fcomments&post=19824"}],"version-history":[{"count":1,"href":"https:\/\/vimagazine.com.br\/index.php?rest_route=\/wp\/v2\/posts\/19824\/revisions"}],"predecessor-version":[{"id":19826,"href":"https:\/\/vimagazine.com.br\/index.php?rest_route=\/wp\/v2\/posts\/19824\/revisions\/19826"}],"wp:attachment":[{"href":"https:\/\/vimagazine.com.br\/index.php?rest_route=%2Fwp%2Fv2%2Fmedia&parent=19824"}],"wp:term":[{"taxonomy":"category","embeddable":true,"href":"https:\/\/vimagazine.com.br\/index.php?rest_route=%2Fwp%2Fv2%2Fcategories&post=19824"},{"taxonomy":"post_tag","embeddable":true,"href":"https:\/\/vimagazine.com.br\/index.php?rest_route=%2Fwp%2Fv2%2Ftags&post=19824"}],"curies":[{"name":"wp","href":"https:\/\/api.w.org\/{rel}","templated":true}]}}