{"id":19876,"date":"2025-08-18T16:40:41","date_gmt":"2025-08-18T19:40:41","guid":{"rendered":"https:\/\/vimagazine.com.br\/?p=19876"},"modified":"2025-08-18T16:40:41","modified_gmt":"2025-08-18T19:40:41","slug":"vinveneto-2025-festa-da-cultura-italiana-em-joinville-sera-de-28-a-31-de-agosto-com-entrada-gratuita","status":"publish","type":"post","link":"https:\/\/vimagazine.com.br\/?p=19876","title":{"rendered":"VinVeneto 2025: festa da cultura italiana em Joinville ser\u00e1 de 28 a 31 de agosto, com entrada gratuita"},"content":{"rendered":"\n<figure class=\"wp-block-image size-large\"><img width=\"1024\" height=\"680\" src=\"https:\/\/vimagazine.com.br\/wp-content\/uploads\/2025\/08\/WhatsApp-Image-2025-08-18-at-16.11.03-1024x680.jpeg\" alt=\"\" class=\"wp-image-19877\" srcset=\"https:\/\/vimagazine.com.br\/wp-content\/uploads\/2025\/08\/WhatsApp-Image-2025-08-18-at-16.11.03-1024x680.jpeg 1024w, https:\/\/vimagazine.com.br\/wp-content\/uploads\/2025\/08\/WhatsApp-Image-2025-08-18-at-16.11.03-300x199.jpeg 300w, https:\/\/vimagazine.com.br\/wp-content\/uploads\/2025\/08\/WhatsApp-Image-2025-08-18-at-16.11.03-768x510.jpeg 768w, https:\/\/vimagazine.com.br\/wp-content\/uploads\/2025\/08\/WhatsApp-Image-2025-08-18-at-16.11.03.jpeg 1179w\" sizes=\"(max-width: 1024px) 100vw, 1024px\" \/><\/figure>\n\n\n\n<p><em>Evento chega \u00e0 16\u00aa edi\u00e7\u00e3o com programa\u00e7\u00e3o cultural, gastronomia t\u00edpica, desfiles e oficinas no ExpoCentro Edmundo Doubrawa<\/em><\/p>\n\n\n\n<p>De 28 a 31 de agosto, Joinville se transforma em um peda\u00e7o da It\u00e1lia para receber a 16\u00aa edi\u00e7\u00e3o da VinVeneto. Realizada no ExpoCentro Edmundo Doubrawa (Av. Jos\u00e9 Vieira, 315 \u2013 Am\u00e9rica), a festa tem entrada gratuita e o slogan \u201cIn Agosto l\u2019Italia \u00e8 qui\u201d, convidando o p\u00fablico a mergulhar nas tradi\u00e7\u00f5es e nos sabores herdados da imigra\u00e7\u00e3o italiana que marcou a hist\u00f3ria da regi\u00e3o.<\/p>\n\n\n\n<p>A VinVeneto nasceu com o objetivo de preservar e difundir o legado das fam\u00edlias de origem italiana que ajudaram a construir a cidade e as comunidades vizinhas. Ao longo dos anos, o evento se consolidou como um espa\u00e7o de encontro entre gera\u00e7\u00f5es, reunindo m\u00fasica, dan\u00e7a, gastronomia t\u00edpica e manifesta\u00e7\u00f5es art\u00edsticas.<\/p>\n\n\n\n<p>Entre as atra\u00e7\u00f5es mais esperadas est\u00e1 o tombo da polenta, que acontece em todos os dias do evento e j\u00e1 se tornou s\u00edmbolo da festa. O desfile oficial, com entidades que representam a italianidade local e regional, contar\u00e1 com a presen\u00e7a da Polentop\u00e9ia, do Grupo Colibri (Rio dos Cedros), do Isola del Sole (Curitiba) e de representantes dos c\u00edrculos italianos de Jaragu\u00e1 do Sul, Guaramirim, Schroeder e S\u00e3o Bento do Sul.<\/p>\n\n\n\n<p>A programa\u00e7\u00e3o tamb\u00e9m reserva espa\u00e7o para a literatura. Na abertura, 28\/8, haver\u00e1 o lan\u00e7amento p\u00f3stumo do livro de Moacir Luiz Bogo. Em 29\/8, ser\u00e1 a vez de Aylton Bogo apresentar sua obra \u201cO abra\u00e7o de Joinville: hist\u00f3ria, emo\u00e7\u00f5es e curiosidades sobre o resgate da VinVeneto\u201d, e do lan\u00e7amento da revista L\u2019Italia \u00e8 qui, de Elton Stolf, ampliando a conex\u00e3o da festa com a produ\u00e7\u00e3o cultural local.<\/p>\n\n\n\n<p>Oficinas de culin\u00e1ria \u2014 como A Arte da Massa Natural, La Dolce Vita e a Oficina de Mora \u2014, apresenta\u00e7\u00f5es de grupos de dan\u00e7a folcl\u00f3rica e atividades para a fam\u00edlia, como a Gincana cultural infantil, completam o card\u00e1pio de atra\u00e7\u00f5es.<\/p>\n\n\n\n<p>\u201cA VinVeneto \u00e9 um reencontro com as nossas ra\u00edzes e com a for\u00e7a das tradi\u00e7\u00f5es que nos formaram. Queremos que todos vivam um pedacinho da It\u00e1lia aqui em Joinville\u201d, afirma a organiza\u00e7\u00e3o.<\/p>\n\n\n\n<p>A 16\u00aa FESTA DA VINVENETO DE JOINVILLE \u00e9 um projeto cultural realizado pelo Circolo Italiano di Joinville e com apoio do Sistema Municipal de Desenvolvimento pela Cultura (Simdec).<\/p>\n\n\n\n<p>Servi\u00e7o<\/p>\n\n\n\n<p>O que: 16\u00aa edi\u00e7\u00e3o da VinVeneto<\/p>\n\n\n\n<p>Quando: 28 a 31 de agosto de 2025<\/p>\n\n\n\n<p>Onde: ExpoCentro Edmundo Doubrawa \u2013 Av. Jos\u00e9 Vieira, 315 \u2013 Am\u00e9rica, Joinville\/SC<\/p>\n\n\n\n<p>Entrada: gratuita<\/p>\n","protected":false},"excerpt":{"rendered":"<p>Evento chega \u00e0 16\u00aa edi\u00e7\u00e3o com programa\u00e7\u00e3o cultural, gastronomia t\u00edpica, desfiles e oficinas no ExpoCentro&#8230;<\/p>\n","protected":false},"author":20,"featured_media":0,"comment_status":"closed","ping_status":"open","sticky":false,"template":"","format":"standard","meta":{"om_disable_all_campaigns":false,"_monsterinsights_skip_tracking":false,"_monsterinsights_sitenote_active":false,"_monsterinsights_sitenote_note":"","_monsterinsights_sitenote_category":0,"spay_email":""},"categories":[1],"tags":[],"jetpack_featured_media_url":"","_links":{"self":[{"href":"https:\/\/vimagazine.com.br\/index.php?rest_route=\/wp\/v2\/posts\/19876"}],"collection":[{"href":"https:\/\/vimagazine.com.br\/index.php?rest_route=\/wp\/v2\/posts"}],"about":[{"href":"https:\/\/vimagazine.com.br\/index.php?rest_route=\/wp\/v2\/types\/post"}],"author":[{"embeddable":true,"href":"https:\/\/vimagazine.com.br\/index.php?rest_route=\/wp\/v2\/users\/20"}],"replies":[{"embeddable":true,"href":"https:\/\/vimagazine.com.br\/index.php?rest_route=%2Fwp%2Fv2%2Fcomments&post=19876"}],"version-history":[{"count":1,"href":"https:\/\/vimagazine.com.br\/index.php?rest_route=\/wp\/v2\/posts\/19876\/revisions"}],"predecessor-version":[{"id":19878,"href":"https:\/\/vimagazine.com.br\/index.php?rest_route=\/wp\/v2\/posts\/19876\/revisions\/19878"}],"wp:attachment":[{"href":"https:\/\/vimagazine.com.br\/index.php?rest_route=%2Fwp%2Fv2%2Fmedia&parent=19876"}],"wp:term":[{"taxonomy":"category","embeddable":true,"href":"https:\/\/vimagazine.com.br\/index.php?rest_route=%2Fwp%2Fv2%2Fcategories&post=19876"},{"taxonomy":"post_tag","embeddable":true,"href":"https:\/\/vimagazine.com.br\/index.php?rest_route=%2Fwp%2Fv2%2Ftags&post=19876"}],"curies":[{"name":"wp","href":"https:\/\/api.w.org\/{rel}","templated":true}]}}