{"id":19885,"date":"2025-08-19T15:21:48","date_gmt":"2025-08-19T18:21:48","guid":{"rendered":"https:\/\/vimagazine.com.br\/?p=19885"},"modified":"2025-08-19T15:21:49","modified_gmt":"2025-08-19T18:21:49","slug":"sebrae-e-abrasel-promovem-oficina-sobre-aplicacao-da-ia-em-restaurantes-e-bares","status":"publish","type":"post","link":"https:\/\/vimagazine.com.br\/?p=19885","title":{"rendered":"Sebrae e Abrasel promovem oficina sobre aplica\u00e7\u00e3o da IA em restaurantes e bares"},"content":{"rendered":"\n<figure class=\"wp-block-image size-full\"><img width=\"780\" height=\"470\" src=\"https:\/\/vimagazine.com.br\/wp-content\/uploads\/2025\/08\/WhatsApp-Image-2025-08-19-at-14.41.53.jpeg\" alt=\"\" class=\"wp-image-19886\" srcset=\"https:\/\/vimagazine.com.br\/wp-content\/uploads\/2025\/08\/WhatsApp-Image-2025-08-19-at-14.41.53.jpeg 780w, https:\/\/vimagazine.com.br\/wp-content\/uploads\/2025\/08\/WhatsApp-Image-2025-08-19-at-14.41.53-300x181.jpeg 300w, https:\/\/vimagazine.com.br\/wp-content\/uploads\/2025\/08\/WhatsApp-Image-2025-08-19-at-14.41.53-768x463.jpeg 768w\" sizes=\"(max-width: 780px) 100vw, 780px\" \/><\/figure>\n\n\n\n<p>Encontro ministrado por Junithi Ueda acontece no dia 4 de setembro, em Joinville<\/p>\n\n\n\n<p>Joinville recebe no dia 4 de setembro de 2025, no Mercure Joinville Prinz Hotel, a oficina \u201cO Poder da IA na Gest\u00e3o de Restaurantes e Neg\u00f3cios de Alimenta\u00e7\u00e3o\u201d, uma iniciativa do Sebrae em parceria com a Abrasel. O evento ser\u00e1 ministrado pelo especialista Junithi Ueda e \u00e9 voltado a empres\u00e1rios e gestores do setor de Alimentos e Bebidas que buscam inova\u00e7\u00e3o, produtividade e competitividade por meio do uso da tecnologia.<\/p>\n\n\n\n<p>Durante a programa\u00e7\u00e3o, os participantes ter\u00e3o acesso a conte\u00fados pr\u00e1ticos que demonstram como a Intelig\u00eancia Artificial pode atuar como aliada estrat\u00e9gica na gest\u00e3o de restaurantes e neg\u00f3cios de alimenta\u00e7\u00e3o. A oficina vai apresentar de forma clara como a IA pode ser aplicada no dia a dia de l\u00edderes e gestores, trazendo ganhos em produtividade, desempenho e na identifica\u00e7\u00e3o de novas oportunidades de crescimento.<\/p>\n\n\n\n<p>Outro destaque do encontro \u00e9 a possibilidade de os inscritos garantirem participa\u00e7\u00e3o na Miss\u00e3o T\u00e9cnica para o Summit Abrasel, que acontece no dia 23 de setembro em Florian\u00f3polis, ampliando ainda mais o acesso a experi\u00eancias, tend\u00eancias e conex\u00f5es valiosas para quem atua no setor.<\/p>\n\n\n\n<p>Com classifica\u00e7\u00e3o livre e vagas limitadas, a oficina ser\u00e1 realizada das 13h30 \u00e0s 16h30. As inscri\u00e7\u00f5es j\u00e1 est\u00e3o abertas e podem ser feitas pelo site oficial do evento.<\/p>\n\n\n\n<p>Agende-se<\/p>\n\n\n\n<p>Evento: O Poder da IA na Gest\u00e3o de Restaurantes e Neg\u00f3cios de Alimenta\u00e7\u00e3o<\/p>\n\n\n\n<p>Data: 4 de setembro de 2025<\/p>\n\n\n\n<p>Hor\u00e1rio: 13h30 \u00e0s 16h30<\/p>\n\n\n\n<p>Local: Mercure Joinville Prinz Hotel \u2013 R. Otto Boehm, 525 \u2013 Joinville\/SC<\/p>\n\n\n\n<p>Inscri\u00e7\u00f5es: <a href=\"http:\/\/sebrae.sc\/alimentos-joinville\" title=\"sebrae.sc\/alimentos-joinville\">sebrae.sc\/alimentos-joinville<\/a><\/p>\n","protected":false},"excerpt":{"rendered":"<p>Encontro ministrado por Junithi Ueda acontece no dia 4 de setembro, em Joinville Joinville recebe&#8230;<\/p>\n","protected":false},"author":20,"featured_media":0,"comment_status":"closed","ping_status":"open","sticky":false,"template":"","format":"standard","meta":{"om_disable_all_campaigns":false,"_monsterinsights_skip_tracking":false,"_monsterinsights_sitenote_active":false,"_monsterinsights_sitenote_note":"","_monsterinsights_sitenote_category":0,"spay_email":""},"categories":[1],"tags":[],"jetpack_featured_media_url":"","_links":{"self":[{"href":"https:\/\/vimagazine.com.br\/index.php?rest_route=\/wp\/v2\/posts\/19885"}],"collection":[{"href":"https:\/\/vimagazine.com.br\/index.php?rest_route=\/wp\/v2\/posts"}],"about":[{"href":"https:\/\/vimagazine.com.br\/index.php?rest_route=\/wp\/v2\/types\/post"}],"author":[{"embeddable":true,"href":"https:\/\/vimagazine.com.br\/index.php?rest_route=\/wp\/v2\/users\/20"}],"replies":[{"embeddable":true,"href":"https:\/\/vimagazine.com.br\/index.php?rest_route=%2Fwp%2Fv2%2Fcomments&post=19885"}],"version-history":[{"count":1,"href":"https:\/\/vimagazine.com.br\/index.php?rest_route=\/wp\/v2\/posts\/19885\/revisions"}],"predecessor-version":[{"id":19887,"href":"https:\/\/vimagazine.com.br\/index.php?rest_route=\/wp\/v2\/posts\/19885\/revisions\/19887"}],"wp:attachment":[{"href":"https:\/\/vimagazine.com.br\/index.php?rest_route=%2Fwp%2Fv2%2Fmedia&parent=19885"}],"wp:term":[{"taxonomy":"category","embeddable":true,"href":"https:\/\/vimagazine.com.br\/index.php?rest_route=%2Fwp%2Fv2%2Fcategories&post=19885"},{"taxonomy":"post_tag","embeddable":true,"href":"https:\/\/vimagazine.com.br\/index.php?rest_route=%2Fwp%2Fv2%2Ftags&post=19885"}],"curies":[{"name":"wp","href":"https:\/\/api.w.org\/{rel}","templated":true}]}}