{"id":19894,"date":"2025-08-23T07:55:55","date_gmt":"2025-08-23T10:55:55","guid":{"rendered":"https:\/\/vimagazine.com.br\/?p=19894"},"modified":"2025-08-23T08:13:30","modified_gmt":"2025-08-23T11:13:30","slug":"bruna-guimaraes-renasce-apos-lutar-contra-neuralgia-do-trigemeo-e-volta-ao-brasil-para-cirurgia-e-novo-projeto-internacional","status":"publish","type":"post","link":"https:\/\/vimagazine.com.br\/?p=19894","title":{"rendered":"<strong>Bruna Guimar\u00e3es renasce ap\u00f3s lutar contra Neuralgia do Trig\u00eameo e volta ao Brasil para cirurgia e novo projeto internacional<\/strong>"},"content":{"rendered":"\n<p class=\"has-text-align-center\"><em>Entre supera\u00e7\u00e3o, beleza e empreendedorismo, influenciadora mostra que \u00e9 poss\u00edvel transformar desafios em inspira\u00e7\u00e3o para mulheres no mundo todo<\/em><\/p>\n\n\n\n<p>Bruna Guimar\u00e3es, uma das personalidades mais influentes do universo da moda e da beleza, fez hist\u00f3ria ao representar a Austr\u00e1lia se tornando a primeira brasileira imigrante a participar de concursos de beleza do qual um deles foi o <strong>Miss Planet International 2024<\/strong>, retornou ao Brasil no \u00faltimo m\u00eas, ap\u00f3s 6 anos, para realizar uma s\u00e9rie de procedimentos est\u00e9ticos, incluindo um mini lifting facial \u2014 t\u00e9cnica que vem ganhando destaque ap\u00f3s ser adotada por celebridades como Anitta.<\/p>\n\n\n\n<figure class=\"wp-block-image size-large is-resized\"><img src=\"https:\/\/vimagazine.com.br\/wp-content\/uploads\/2025\/08\/6af4eafc-e352-428e-832b-9bb09d561a5a_800x1199-683x1024.jpeg\" alt=\"\" class=\"wp-image-19896\" width=\"840\" height=\"1259\" srcset=\"https:\/\/vimagazine.com.br\/wp-content\/uploads\/2025\/08\/6af4eafc-e352-428e-832b-9bb09d561a5a_800x1199-683x1024.jpeg 683w, https:\/\/vimagazine.com.br\/wp-content\/uploads\/2025\/08\/6af4eafc-e352-428e-832b-9bb09d561a5a_800x1199-200x300.jpeg 200w, https:\/\/vimagazine.com.br\/wp-content\/uploads\/2025\/08\/6af4eafc-e352-428e-832b-9bb09d561a5a_800x1199-768x1151.jpeg 768w, https:\/\/vimagazine.com.br\/wp-content\/uploads\/2025\/08\/6af4eafc-e352-428e-832b-9bb09d561a5a_800x1199.jpeg 800w\" sizes=\"(max-width: 840px) 100vw, 840px\" \/><\/figure>\n\n\n\n<p>A cirurgia foi conduzida pelo renomado cirurgi\u00e3o Dr. Rodrigo Bra, que j\u00e1 havia operado Bruna em 2019, antes de sua mudan\u00e7a para a Austr\u00e1lia. O procedimento, realizado na rec\u00e9m-inaugurada Cl\u00ednica <strong>Olimpo Ateli\u00ea Facial<\/strong>, na Vila Ol\u00edmpia, marcou sua estreia como a primeira paciente da unidade, dentro de um projeto inovador de turismo de beleza no Brasil, modelo j\u00e1 consolidado em pa\u00edses da Europa e da \u00c1sia.<\/p>\n\n\n\n<p>Bruna passou por um mini lifting e blefaroplastias superior e inferior, em uma cirurgia de aproximadamente seis horas. Apesar do pouco tempo para visitas pessoais, ela destacou a alegria em voltar ao pa\u00eds e aproveitou a viagem tamb\u00e9m para retomar seus trabalhos com uma nova linha de mega hair, agora com fios 100% brasileiros.<\/p>\n\n\n\n<p><strong><em>Supera\u00e7\u00e3o e novos caminhos<\/em><\/strong><\/p>\n\n\n\n<p>Bruna tamb\u00e9m compartilhou um lado pessoal pouco conhecido. Diagnosticada com <strong>Neuralgia do Trig\u00eameo<\/strong>, condi\u00e7\u00e3o rara que provoca dores intensas, ela enfrentou momentos delicados de sa\u00fade e perdas financeiras. \u201cPraticamente perdi tudo, n\u00e3o foi f\u00e1cil. Mas estou me reerguendo com mais garra e determina\u00e7\u00e3o. A doen\u00e7a me fortaleceu e me deu outro olhar para a vida. Hoje valorizo coisas simples, e isso tem me levado a lugares que nunca imaginei estar\u201d, revelou.<\/p>\n\n\n\n<p>Em sua despedida, organizou um encontro especial com amigos e familiares no Restaurante Da Fazenda, em Vila Prudente, refor\u00e7ando os la\u00e7os afetivos que mant\u00e9m no Brasil.<\/p>\n\n\n\n<p>De volta \u00e0 Austr\u00e1lia, Bruna se prepara para iniciar o curso de Marketing na Torrens University of Australia, somando \u00e0 sua forma\u00e7\u00e3o em Design. Paralelamente, lan\u00e7ou o projeto \u201c<strong>Want Style For You<\/strong>\u201d, que busca integrar empresas e profissionais de \u00e1reas como marketing digital e consultoria de imagem, fortalecendo a representa\u00e7\u00e3o de talentos da moda e da beleza no mercado global.<\/p>\n\n\n\n<p>O p\u00f3s-operat\u00f3rio de 20 dias foi supervisionado pela esteticista Aide Berthoche, pioneira em m\u00e9todos europeus de recupera\u00e7\u00e3o, com apoio da assistente Evelyn Rodrigues.<\/p>\n\n\n\n<p>Inspirando mulheres e profissionais da \u00e1rea, Bruna Guimar\u00e3es mostra que \u00e9 poss\u00edvel unir a busca pela beleza ao empreendedorismo, ao mesmo tempo em que valoriza suas ra\u00edzes brasileiras e amplia sua atua\u00e7\u00e3o internacional.<\/p>\n\n\n\n<p><strong><em>Redes<\/em><\/strong><\/p>\n\n\n\n<p><a href=\"https:\/\/www.instagram.com\/bruuguimaraesoficial\/\"><em>@bruuguimaraesoficial<\/em><\/a><\/p>\n\n\n\n<p><a href=\"https:\/\/www.instagram.com\/missbrunaguimaraes\/\">@missbrunaguimaraes<\/a><em><a href=\"https:\/\/www.instagram.com\/wantstylebeautyau\/\"><\/a><\/em><\/p>\n\n\n\n<p><em><a href=\"https:\/\/www.instagram.com\/wantstylebeautyau\/\">@wantstylebeautyau<\/a><\/em><em><\/em><\/p>\n\n\n\n<p><a href=\"https:\/\/www.instagram.com\/wantstyleforyou\/\"><em>@wantstyleforyou<\/em><\/a><\/p>\n\n\n\n<p><strong><em>Fotos cr\u00e9ditos:<\/em><\/strong><em> <\/em><a href=\"https:\/\/www.instagram.com\/photographique.studio\/\"><em>PHOTOGRAPHIQUE STUDIO<\/em><\/a><em><\/em><\/p>\n","protected":false},"excerpt":{"rendered":"<p>Entre supera\u00e7\u00e3o, beleza e empreendedorismo, influenciadora mostra que \u00e9 poss\u00edvel transformar desafios em inspira\u00e7\u00e3o para&#8230;<\/p>\n","protected":false},"author":2,"featured_media":19895,"comment_status":"closed","ping_status":"open","sticky":false,"template":"","format":"standard","meta":{"om_disable_all_campaigns":false,"_monsterinsights_skip_tracking":false,"_monsterinsights_sitenote_active":false,"_monsterinsights_sitenote_note":"","_monsterinsights_sitenote_category":0,"spay_email":""},"categories":[26,1],"tags":[1066],"jetpack_featured_media_url":"https:\/\/vimagazine.com.br\/wp-content\/uploads\/2025\/08\/MehVJYG4_800x1025.jpeg","_links":{"self":[{"href":"https:\/\/vimagazine.com.br\/index.php?rest_route=\/wp\/v2\/posts\/19894"}],"collection":[{"href":"https:\/\/vimagazine.com.br\/index.php?rest_route=\/wp\/v2\/posts"}],"about":[{"href":"https:\/\/vimagazine.com.br\/index.php?rest_route=\/wp\/v2\/types\/post"}],"author":[{"embeddable":true,"href":"https:\/\/vimagazine.com.br\/index.php?rest_route=\/wp\/v2\/users\/2"}],"replies":[{"embeddable":true,"href":"https:\/\/vimagazine.com.br\/index.php?rest_route=%2Fwp%2Fv2%2Fcomments&post=19894"}],"version-history":[{"count":1,"href":"https:\/\/vimagazine.com.br\/index.php?rest_route=\/wp\/v2\/posts\/19894\/revisions"}],"predecessor-version":[{"id":19897,"href":"https:\/\/vimagazine.com.br\/index.php?rest_route=\/wp\/v2\/posts\/19894\/revisions\/19897"}],"wp:featuredmedia":[{"embeddable":true,"href":"https:\/\/vimagazine.com.br\/index.php?rest_route=\/wp\/v2\/media\/19895"}],"wp:attachment":[{"href":"https:\/\/vimagazine.com.br\/index.php?rest_route=%2Fwp%2Fv2%2Fmedia&parent=19894"}],"wp:term":[{"taxonomy":"category","embeddable":true,"href":"https:\/\/vimagazine.com.br\/index.php?rest_route=%2Fwp%2Fv2%2Fcategories&post=19894"},{"taxonomy":"post_tag","embeddable":true,"href":"https:\/\/vimagazine.com.br\/index.php?rest_route=%2Fwp%2Fv2%2Ftags&post=19894"}],"curies":[{"name":"wp","href":"https:\/\/api.w.org\/{rel}","templated":true}]}}