{"id":19911,"date":"2025-08-25T19:09:43","date_gmt":"2025-08-25T22:09:43","guid":{"rendered":"https:\/\/vimagazine.com.br\/?p=19911"},"modified":"2025-08-25T19:09:45","modified_gmt":"2025-08-25T22:09:45","slug":"tombo-da-polenta-desfiles-e-musica-confira-a-programacao-completa-da-vinveneto-2025","status":"publish","type":"post","link":"https:\/\/vimagazine.com.br\/?p=19911","title":{"rendered":"Tombo da polenta, desfiles e m\u00fasica: confira a programa\u00e7\u00e3o completa da VinVeneto 2025"},"content":{"rendered":"\n<figure class=\"wp-block-image size-large\"><img width=\"1024\" height=\"675\" src=\"https:\/\/vimagazine.com.br\/wp-content\/uploads\/2025\/08\/WhatsApp-Image-2025-08-25-at-17.40.01-1024x675.jpeg\" alt=\"\" class=\"wp-image-19913\" srcset=\"https:\/\/vimagazine.com.br\/wp-content\/uploads\/2025\/08\/WhatsApp-Image-2025-08-25-at-17.40.01-1024x675.jpeg 1024w, https:\/\/vimagazine.com.br\/wp-content\/uploads\/2025\/08\/WhatsApp-Image-2025-08-25-at-17.40.01-300x198.jpeg 300w, https:\/\/vimagazine.com.br\/wp-content\/uploads\/2025\/08\/WhatsApp-Image-2025-08-25-at-17.40.01-768x506.jpeg 768w, https:\/\/vimagazine.com.br\/wp-content\/uploads\/2025\/08\/WhatsApp-Image-2025-08-25-at-17.40.01.jpeg 1179w\" sizes=\"(max-width: 1024px) 100vw, 1024px\" \/><\/figure>\n\n\n\n<p><em>De 28 a 31 de agosto, evento celebra a cultura italiana com atra\u00e7\u00f5es gratuitas para toda a fam\u00edlia no ExpoCentro Edmundo Doubrawa<\/em><\/p>\n\n\n\n<p>A VinVeneto 2025 est\u00e1 prestes a transformar Joinville em um grande palco da cultura italiana. De 28 a 31 de agosto, o ExpoCentro Edmundo Doubrawa recebe a 16\u00aa edi\u00e7\u00e3o da festa, que celebra a tradi\u00e7\u00e3o e a mem\u00f3ria dos imigrantes italianos com m\u00fasica, dan\u00e7a, gastronomia t\u00edpica e atividades culturais para todas as idades. E o melhor: a entrada \u00e9 gratuita.<\/p>\n\n\n\n<p>Entre as atra\u00e7\u00f5es mais emblem\u00e1ticas est\u00e1 o tombo da polenta, presente em todos os dias do evento, um espet\u00e1culo que une sabor e simbolismo, homenageando a culin\u00e1ria comunit\u00e1ria das antigas col\u00f4nias. Outro destaque \u00e9 o desfile oficial, que reunir\u00e1 a italianidade local e regional, com grupos como a Polentop\u00e9ia, o Grupo Colibri (Rio dos Cedros), o Isola del Sole (Curitiba) e representantes dos c\u00edrculos italianos de Jaragu\u00e1 do Sul, Guaramirim, Schroeder e S\u00e3o Bento do Sul.<\/p>\n\n\n\n<p>A programa\u00e7\u00e3o tamb\u00e9m valoriza a literatura e a mem\u00f3ria. No dia 28, ser\u00e1 lan\u00e7ado postumamente o livro de Moacir Luiz Bogo, importante preservador da hist\u00f3ria da imigra\u00e7\u00e3o italiana. No dia 29, o escritor Aylton Bogo apresentar\u00e1 sua obra \u201cO abra\u00e7o de Joinville: hist\u00f3ria, emo\u00e7\u00f5es e curiosidades sobre o resgate da VinVeneto\u201d, acompanhada do lan\u00e7amento da revista L\u2019Italia \u00e8 qui, de Elton Stolf.<\/p>\n\n\n\n<p>Al\u00e9m disso, oficinas como A Arte da Massa Natural, La Dolce Vita e a Oficina de Mora oferecem experi\u00eancias imersivas, enquanto a Gincana cultural infantil, apresenta\u00e7\u00f5es musicais e grupos de dan\u00e7a folcl\u00f3rica garantem o entretenimento de toda a fam\u00edlia.<\/p>\n\n\n\n<p>A 16\u00aa FESTA DA VINVENETO DE JOINVILLE \u00e9 um projeto cultural realizado pelo Circolo Italiano di Joinville e com apoio do Sistema Municipal de Desenvolvimento pela Cultura (Simdec). Aprovado pela Prefeitura Municipal de Joinville.<\/p>\n\n\n\n<p><\/p>\n\n\n\n<p>Programa\u00e7\u00e3o completa<\/p>\n\n\n\n<p>Quinta-feira (28\/08)<\/p>\n\n\n\n<p>Cerim\u00f4nia de abertura oficial &#8211; 19h<\/p>\n\n\n\n<p>Lan\u00e7amento p\u00f3stumo do livro de Moacir Luiz Bogo &#8211; 19h30<\/p>\n\n\n\n<p>Banda Famiglia Dalponte &#8211; 19h45<\/p>\n\n\n\n<p>Tombo da polenta &#8211; 20h<\/p>\n\n\n\n<p>Grupo de dan\u00e7a folcl\u00f3rica do Circolo Italiano di Joinville &#8211; 20h30<\/p>\n\n\n\n<p><\/p>\n\n\n\n<p>Sexta-feira (29\/08)<\/p>\n\n\n\n<p>Oficina A Arte da Massa Natural &#8211; 19h<\/p>\n\n\n\n<p>Banda Famiglia Dalponte &#8211; 19h \u00e0s 22h<\/p>\n\n\n\n<p>Tombo da polenta &#8211; 19h30<\/p>\n\n\n\n<p>Lan\u00e7amento do livro de Aylton Bogo &#8211; 19h30<\/p>\n\n\n\n<p>Oficina de dan\u00e7a italiana &#8211; 19h30<\/p>\n\n\n\n<p>Grupo de dan\u00e7a folcl\u00f3rica do Circolo Italiano di Joinville &#8211; 20h30<\/p>\n\n\n\n<p><\/p>\n\n\n\n<p>S\u00e1bado (30\/08)<\/p>\n\n\n\n<p>Desfile oficial da 16\u00aa VinVeneto, com participa\u00e7\u00e3o de entidades &#8211; 10h<\/p>\n\n\n\n<p>Tombo da polenta, com Carnevale di Venezia &#8211; 12h<\/p>\n\n\n\n<p>Apresenta\u00e7\u00e3o do grupo Carnevale di Venezia &#8211; 12h<\/p>\n\n\n\n<p>Banda Stela di Pietra &#8211; 12h<\/p>\n\n\n\n<p>Grupo Colibri, de Rio dos Cedros &#8211; 14h<\/p>\n\n\n\n<p>Grupo de dan\u00e7a folcl\u00f3rica Isola del Sole, de Curitiba &#8211; 14h05 a 14h35<\/p>\n\n\n\n<p>Apresenta\u00e7\u00e3o do grupo Polentop\u00e9ia &#8211; 15h<\/p>\n\n\n\n<p>Grupo Musical Alcides Dalri &#8211; 15h<\/p>\n\n\n\n<p>Oficina de La Dolce Vita (cultura italiana) &#8211; 15h<\/p>\n\n\n\n<p>Apresenta\u00e7\u00e3o do grupo Polentop\u00e9ia &#8211; 16h30<\/p>\n\n\n\n<p>Oficina A Arte da Massa Natural &#8211; 16h30<\/p>\n\n\n\n<p>Tombo da polenta &#8211; 19h<\/p>\n\n\n\n<p>Desfile de fantasias Carnevale di Venezia &#8211; 19h30<\/p>\n\n\n\n<p>Banda Stela di Pietra &#8211; 19h30<\/p>\n\n\n\n<p><\/p>\n\n\n\n<p>Domingo (31\/08)<\/p>\n\n\n\n<p>Gincana cultural infantil &#8211; 10h<\/p>\n\n\n\n<p>Oficina de Mora &#8211; 11h<\/p>\n\n\n\n<p>Apresenta\u00e7\u00e3o do grupo Carnavale di Venezia &#8211; 11h<\/p>\n\n\n\n<p>Banda Famiglia Dalponte &#8211; 11h30<\/p>\n\n\n\n<p>Tombo da polenta &#8211; 12h<\/p>\n\n\n\n<p>Grupo de dan\u00e7a folcl\u00f3rica do Circolo Italiano di Joinville &#8211; 13h<\/p>\n\n\n\n<p>Oficina La Dolce Vita (cultura italiana) &#8211; 14h30<\/p>\n\n\n\n<p>Apresenta\u00e7\u00e3o da Orquestra Municipal de Guabiruba &#8211; 15h<\/p>\n\n\n\n<p>Oficina A Arte da Massa Natural &#8211; 16h<\/p>\n\n\n\n<p>Apresenta\u00e7\u00e3o musical &#8211; 16h30<\/p>\n\n\n\n<p>Encerramento &#8211; 18h<\/p>\n\n\n\n<p>Agende-se<\/p>\n\n\n\n<p>O que: 16\u00aa edi\u00e7\u00e3o da VinVeneto<\/p>\n\n\n\n<p>Quando: 28 a 31 de agosto de 2025<\/p>\n\n\n\n<p>Onde: ExpoCentro Edmundo Doubrawa \u2013 Av. Jos\u00e9 Vieira, 315 \u2013 Am\u00e9rica, Joinville\/SC<\/p>\n\n\n\n<p>Entrada: gratuita<\/p>\n\n\n\n<p>&nbsp;Hor\u00e1rios<\/p>\n\n\n\n<p>* Quinta (28\/08): 18h\u201322h<\/p>\n\n\n\n<p>* Sexta (29\/08): 18h\u201322h<\/p>\n\n\n\n<p>* S\u00e1bado (30\/08): 10h\u201322h<\/p>\n\n\n\n<p>* Domingo (31\/08): 10h\u201318h<\/p>\n","protected":false},"excerpt":{"rendered":"<p>De 28 a 31 de agosto, evento celebra a cultura italiana com atra\u00e7\u00f5es gratuitas para&#8230;<\/p>\n","protected":false},"author":20,"featured_media":0,"comment_status":"closed","ping_status":"open","sticky":false,"template":"","format":"standard","meta":{"om_disable_all_campaigns":false,"_monsterinsights_skip_tracking":false,"_monsterinsights_sitenote_active":false,"_monsterinsights_sitenote_note":"","_monsterinsights_sitenote_category":0,"spay_email":""},"categories":[1],"tags":[],"jetpack_featured_media_url":"","_links":{"self":[{"href":"https:\/\/vimagazine.com.br\/index.php?rest_route=\/wp\/v2\/posts\/19911"}],"collection":[{"href":"https:\/\/vimagazine.com.br\/index.php?rest_route=\/wp\/v2\/posts"}],"about":[{"href":"https:\/\/vimagazine.com.br\/index.php?rest_route=\/wp\/v2\/types\/post"}],"author":[{"embeddable":true,"href":"https:\/\/vimagazine.com.br\/index.php?rest_route=\/wp\/v2\/users\/20"}],"replies":[{"embeddable":true,"href":"https:\/\/vimagazine.com.br\/index.php?rest_route=%2Fwp%2Fv2%2Fcomments&post=19911"}],"version-history":[{"count":1,"href":"https:\/\/vimagazine.com.br\/index.php?rest_route=\/wp\/v2\/posts\/19911\/revisions"}],"predecessor-version":[{"id":19914,"href":"https:\/\/vimagazine.com.br\/index.php?rest_route=\/wp\/v2\/posts\/19911\/revisions\/19914"}],"wp:attachment":[{"href":"https:\/\/vimagazine.com.br\/index.php?rest_route=%2Fwp%2Fv2%2Fmedia&parent=19911"}],"wp:term":[{"taxonomy":"category","embeddable":true,"href":"https:\/\/vimagazine.com.br\/index.php?rest_route=%2Fwp%2Fv2%2Fcategories&post=19911"},{"taxonomy":"post_tag","embeddable":true,"href":"https:\/\/vimagazine.com.br\/index.php?rest_route=%2Fwp%2Fv2%2Ftags&post=19911"}],"curies":[{"name":"wp","href":"https:\/\/api.w.org\/{rel}","templated":true}]}}