{"id":19915,"date":"2025-08-26T09:47:20","date_gmt":"2025-08-26T12:47:20","guid":{"rendered":"https:\/\/vimagazine.com.br\/?p=19915"},"modified":"2025-08-26T09:47:21","modified_gmt":"2025-08-26T12:47:21","slug":"fabi-frota-exibe-sensualidade-e-muito-samba-no-pe-em-festa-da-colorado-do-bras-onde-recebeu-a-faixa-de-musa-do-carnaval-2026","status":"publish","type":"post","link":"https:\/\/vimagazine.com.br\/?p=19915","title":{"rendered":"Fabi Frota exibe sensualidade e muito samba no p\u00e9 em festa da Colorado do Br\u00e1s onde recebeu a faixa de Musa do Carnaval 2026"},"content":{"rendered":"\n<figure class=\"wp-block-image aligncenter size-large is-resized\"><img src=\"https:\/\/vimagazine.com.br\/wp-content\/uploads\/2025\/08\/Alexandre-e-Fabi-Frota-com-os-filhos-1024x650.jpg\" alt=\"\" class=\"wp-image-19916\" width=\"523\" height=\"332\" srcset=\"https:\/\/vimagazine.com.br\/wp-content\/uploads\/2025\/08\/Alexandre-e-Fabi-Frota-com-os-filhos-1024x650.jpg 1024w, https:\/\/vimagazine.com.br\/wp-content\/uploads\/2025\/08\/Alexandre-e-Fabi-Frota-com-os-filhos-300x190.jpg 300w, https:\/\/vimagazine.com.br\/wp-content\/uploads\/2025\/08\/Alexandre-e-Fabi-Frota-com-os-filhos-768x488.jpg 768w, https:\/\/vimagazine.com.br\/wp-content\/uploads\/2025\/08\/Alexandre-e-Fabi-Frota-com-os-filhos.jpg 1282w\" sizes=\"(max-width: 523px) 100vw, 523px\" \/><\/figure>\n\n\n\n<figure class=\"wp-block-image aligncenter size-large is-resized\"><img src=\"https:\/\/vimagazine.com.br\/wp-content\/uploads\/2025\/08\/Fabi-Frota-04-787x1024.jpg\" alt=\"\" class=\"wp-image-19917\" width=\"457\" height=\"594\" srcset=\"https:\/\/vimagazine.com.br\/wp-content\/uploads\/2025\/08\/Fabi-Frota-04-787x1024.jpg 787w, https:\/\/vimagazine.com.br\/wp-content\/uploads\/2025\/08\/Fabi-Frota-04-231x300.jpg 231w, https:\/\/vimagazine.com.br\/wp-content\/uploads\/2025\/08\/Fabi-Frota-04-768x1000.jpg 768w, https:\/\/vimagazine.com.br\/wp-content\/uploads\/2025\/08\/Fabi-Frota-04-1180x1536.jpg 1180w, https:\/\/vimagazine.com.br\/wp-content\/uploads\/2025\/08\/Fabi-Frota-04-1024x1333.jpg 1024w, https:\/\/vimagazine.com.br\/wp-content\/uploads\/2025\/08\/Fabi-Frota-04.jpg 1383w\" sizes=\"(max-width: 457px) 100vw, 457px\" \/><\/figure>\n\n\n\n<figure class=\"wp-block-image aligncenter size-large is-resized\"><img src=\"https:\/\/vimagazine.com.br\/wp-content\/uploads\/2025\/08\/Alexandre-e-Fabi-Frota-com-o-ator-Taiguara-Nazareth-e-o-Presidente-Ka-com-a-esposa-Karyn-1024x755.jpg\" alt=\"\" class=\"wp-image-19918\" width=\"498\" height=\"367\" srcset=\"https:\/\/vimagazine.com.br\/wp-content\/uploads\/2025\/08\/Alexandre-e-Fabi-Frota-com-o-ator-Taiguara-Nazareth-e-o-Presidente-Ka-com-a-esposa-Karyn-1024x755.jpg 1024w, https:\/\/vimagazine.com.br\/wp-content\/uploads\/2025\/08\/Alexandre-e-Fabi-Frota-com-o-ator-Taiguara-Nazareth-e-o-Presidente-Ka-com-a-esposa-Karyn-300x221.jpg 300w, https:\/\/vimagazine.com.br\/wp-content\/uploads\/2025\/08\/Alexandre-e-Fabi-Frota-com-o-ator-Taiguara-Nazareth-e-o-Presidente-Ka-com-a-esposa-Karyn-768x566.jpg 768w, https:\/\/vimagazine.com.br\/wp-content\/uploads\/2025\/08\/Alexandre-e-Fabi-Frota-com-o-ator-Taiguara-Nazareth-e-o-Presidente-Ka-com-a-esposa-Karyn-1536x1132.jpg 1536w, https:\/\/vimagazine.com.br\/wp-content\/uploads\/2025\/08\/Alexandre-e-Fabi-Frota-com-o-ator-Taiguara-Nazareth-e-o-Presidente-Ka-com-a-esposa-Karyn.jpg 1800w\" sizes=\"(max-width: 498px) 100vw, 498px\" \/><\/figure>\n\n\n\n<p>Na tarde deste domingo (24), a Escola de Samba Colorado do Br\u00e1s realizou na Arena Portuguesa no Canind\u00e9 em S\u00e3o Paulo, um grande evento onde recebeu toda a sua comunidade e convidados, com direito a um saboroso almo\u00e7o e com o show da bateria da agremia\u00e7\u00e3o.<\/p>\n\n\n\n<p>Na ocasi\u00e3o aconteceu a apresenta\u00e7\u00e3o do Samba Enredo que embalar\u00e1 o desfile do carnaval de 2026, atrav\u00e9s do enredo &#8220;A Bruxa est\u00e1 Solta&#8221; que est\u00e1 sendo desenvolvido pelo carnavalesco&nbsp;<strong>David Eslavick<\/strong>. Tamb\u00e9m foi apresentado para a comunidade oficialmente a atriz e musa fitness&nbsp;<strong>Fabi Frota<\/strong>&nbsp;que passa a ser a nova Musa 2026, onde desfilar\u00e1 como destaque de ch\u00e3o.<\/p>\n\n\n\n<p>Fabi Frota chegou acompanhada do marid\u00e3o&nbsp;<strong>Alexandre Frota<\/strong>&nbsp;o qual d\u00e1 muito incentivo para a sua amada e tamb\u00e9m ao lado dos filhos&nbsp;<strong>Enzo<\/strong>&nbsp;e da pequena&nbsp;<strong>Bella Frota&nbsp;<\/strong>de 6 aninhos que j\u00e1 vem demonstrando tamb\u00e9m gostar das batidas desta que \u00e9 considerada a principal festa popular brasileira, o nosso Carnaval.<\/p>\n\n\n\n<p>Quem tamb\u00e9m marcou presen\u00e7a no evento e fez quest\u00e3o de prestigiar os amigos, foi o ator&nbsp;<strong>Taiguara Nazareth<\/strong>, o qual j\u00e1 participou de diversas novelas da Globo e que tamb\u00e9m participou ao lado de Alexandre Frota na 1\u00aa edi\u00e7\u00e3o do reality &#8216;Casa dos Artistas&#8217; , exibida em 2001 no SBT.<\/p>\n\n\n\n<p>Durante o evento Fabi recebeu a faixa de Musa diretamente das m\u00e3os do Presidente Ka, o qual estava acompanhado de sua esposa Karyn Fernandez.&nbsp; A beldade se pronunciou. &#8220;Estou muito feliz de estar fazendo parte dessa hist\u00f3ria, vou me dedicar muito e torcer muito para tudo dar certo&#8221;. Al\u00e9m de desfilar pela agremia\u00e7\u00e3o Paulistana, o Carnaval da Fabi ser\u00e1 de muitos eventos paralelos.<\/p>\n\n\n\n<p>No carnaval deste ano a agremia\u00e7\u00e3o vermelha e branca do bairro do Br\u00e1s, ficou na d\u00e9cima colocada no Grupo Especial e para o carnaval de 2026 ela ser\u00e1 a segunda escola a adentrar na passarela do samba na sexta-feira, dia 13 de fevereiro, sendo a primeira noite dos desfiles do grupo especial, onde busca o seu primeiro t\u00edtulo.<\/p>\n\n\n\n<p><strong>Cr\u00e9dito das Fotos: Milene Cardoso \/ Divulga\u00e7\u00e3o<\/strong><\/p>\n","protected":false},"excerpt":{"rendered":"<p>Na tarde deste domingo (24), a Escola de Samba Colorado do Br\u00e1s realizou na Arena&#8230;<\/p>\n","protected":false},"author":19,"featured_media":19919,"comment_status":"closed","ping_status":"open","sticky":false,"template":"","format":"standard","meta":{"om_disable_all_campaigns":false,"_monsterinsights_skip_tracking":false,"_monsterinsights_sitenote_active":false,"_monsterinsights_sitenote_note":"","_monsterinsights_sitenote_category":0,"spay_email":""},"categories":[1],"tags":[],"jetpack_featured_media_url":"https:\/\/vimagazine.com.br\/wp-content\/uploads\/2025\/08\/Fabi-Frota-com-o-Casal-de-Mestre-Sala-e-Porta-Bandeira.jpg","_links":{"self":[{"href":"https:\/\/vimagazine.com.br\/index.php?rest_route=\/wp\/v2\/posts\/19915"}],"collection":[{"href":"https:\/\/vimagazine.com.br\/index.php?rest_route=\/wp\/v2\/posts"}],"about":[{"href":"https:\/\/vimagazine.com.br\/index.php?rest_route=\/wp\/v2\/types\/post"}],"author":[{"embeddable":true,"href":"https:\/\/vimagazine.com.br\/index.php?rest_route=\/wp\/v2\/users\/19"}],"replies":[{"embeddable":true,"href":"https:\/\/vimagazine.com.br\/index.php?rest_route=%2Fwp%2Fv2%2Fcomments&post=19915"}],"version-history":[{"count":1,"href":"https:\/\/vimagazine.com.br\/index.php?rest_route=\/wp\/v2\/posts\/19915\/revisions"}],"predecessor-version":[{"id":19920,"href":"https:\/\/vimagazine.com.br\/index.php?rest_route=\/wp\/v2\/posts\/19915\/revisions\/19920"}],"wp:featuredmedia":[{"embeddable":true,"href":"https:\/\/vimagazine.com.br\/index.php?rest_route=\/wp\/v2\/media\/19919"}],"wp:attachment":[{"href":"https:\/\/vimagazine.com.br\/index.php?rest_route=%2Fwp%2Fv2%2Fmedia&parent=19915"}],"wp:term":[{"taxonomy":"category","embeddable":true,"href":"https:\/\/vimagazine.com.br\/index.php?rest_route=%2Fwp%2Fv2%2Fcategories&post=19915"},{"taxonomy":"post_tag","embeddable":true,"href":"https:\/\/vimagazine.com.br\/index.php?rest_route=%2Fwp%2Fv2%2Ftags&post=19915"}],"curies":[{"name":"wp","href":"https:\/\/api.w.org\/{rel}","templated":true}]}}