{"id":19925,"date":"2025-08-26T21:18:24","date_gmt":"2025-08-27T00:18:24","guid":{"rendered":"https:\/\/vimagazine.com.br\/?p=19925"},"modified":"2025-08-26T21:19:18","modified_gmt":"2025-08-27T00:19:18","slug":"%ef%bf%bcalltech-realiza-o-dia-d-2025-o-maior-evento-de-vendas-de-maquinas-operatrizes-on-line-do-mundo","status":"publish","type":"post","link":"https:\/\/vimagazine.com.br\/?p=19925","title":{"rendered":"Alltech realiza o Dia D 2025, o maior evento de vendas de m\u00e1quinas operatrizes on-line do mundo"},"content":{"rendered":"\n<p><\/p>\n\n\n\n<p><\/p>\n\n\n\n<p>O Grupo Alltech anuncia a 5\u00aa edi\u00e7\u00e3o do <strong>Dia D<\/strong>, reconhecido como o maior evento de vendas de m\u00e1quinas operatrizes on-line do mundo. Marcado para o dia <strong>17 de setembro de 2025<\/strong>, o encontro ter\u00e1 <strong>12 horas de transmiss\u00e3o ao vivo<\/strong> diretamente da unidade de Joinville (SC) e promete reunir milhares de decisores da ind\u00fastria brasileira em um formato in\u00e9dito que combina <strong>conte\u00fado de alto impacto, networking estrat\u00e9gico e vendas em tempo real<\/strong> de m\u00e1quinas CNC, tornos, centros de usinagem, dobradeiras, injetoras e solu\u00e7\u00f5es completas para o ch\u00e3o de f\u00e1brica.<\/p>\n\n\n\n<p>Mais do que um evento comercial, o <strong>Dia D Alltech<\/strong> tornou-se uma vitrine de inova\u00e7\u00e3o e competitividade para a ind\u00fastria nacional. Em apenas um dia, <strong>CEOs, diretores e l\u00edderes industriais<\/strong> ter\u00e3o acesso a palestras, talk shows e podcasts com grandes especialistas do setor, al\u00e9m de condi\u00e7\u00f5es comerciais exclusivas para modernizar seu parque fabril e impulsionar a produtividade.<\/p>\n\n\n\n<p>A \u00faltima edi\u00e7\u00e3o comprovou a relev\u00e2ncia do encontro para o mercado:<\/p>\n\n\n\n<ul><li><strong>+3.000 visualiza\u00e7\u00f5es totais<\/strong> na live;<br><br><\/li><li><strong>+1.800 visualiza\u00e7\u00f5es \u00fanicas<\/strong> de empresas com CNPJ;<br><br><\/li><li><strong>+100 clientes presenciais<\/strong> no showroom;<br><br><\/li><li><strong>+3,4 milh\u00f5es de impress\u00f5es<\/strong> em m\u00eddia digital.<br><br><\/li><\/ul>\n\n\n\n<p>Esses n\u00fameros evidenciam o poder de alcance do evento e refor\u00e7am o posicionamento da Alltech como uma das empresas mais inovadoras do setor industrial. Com 24 anos de atua\u00e7\u00e3o, a companhia j\u00e1 comercializou mais de <strong>6 mil m\u00e1quinas em todo o Brasil<\/strong> e se tornou pioneira ao lan\u00e7ar a <strong>primeira m\u00e1quina CNC com intelig\u00eancia artificial nativa no mundo<\/strong>, um marco para a manufatura inteligente.<\/p>\n\n\n\n<p>A programa\u00e7\u00e3o do Dia D 2025 traz nomes de peso da ind\u00fastria nacional, confirmando a relev\u00e2ncia do encontro. Entre os destaques est\u00e3o:<\/p>\n\n\n\n<ul><li><strong>10h | Podcast Papo de Ind\u00fastria<\/strong> \u2013 Darino Moreira (Fabbrica)<br><br><\/li><li><strong>11h | Talk Show CEO<\/strong> \u2013 Sheila Tolfo (BMW)<br><br><\/li><li><strong>13h | Podcast Papo de Ind\u00fastria<\/strong> \u2013 Daniel de Aviz (FIESC\/SESI\/SENAI SC)<br><br><\/li><li><strong>14h | Talk Show CEO<\/strong> \u2013 Sandro Trentin (Shulz)<br><br><\/li><li><strong>16h | Talk Show<\/strong> \u2013 Fernando Rizzo (Tupy) \u00e0 confirmar<br><br><\/li><li><strong>18h | Live Principal<\/strong> \u2013 Jean Cardoso (CEO Alltech)<br><br><\/li><\/ul>\n\n\n\n<p>Para Jean Cardoso, CEO da Alltech, o Dia D representa um verdadeiro movimento coletivo em prol da produtividade nacional: <em>\u201c\u00c9 um dia em que juntamos for\u00e7as com fornecedores, time t\u00e9cnico, engenharia, vendas e financeiro para proporcionar um literal \u2018dia de guerra\u2019, uma luta contra a falta de competitividade da ind\u00fastria brasileira\u201d<\/em>.<\/p>\n\n\n\n<h3><\/h3>\n\n\n\n<p>\ud83d\udcc5 <strong>Data<\/strong>: 17 de setembro de 2025<br>&nbsp;\ud83d\udccd <strong>Local<\/strong>: Showroom Alltech \u2013 Joinville (SC)<br>&nbsp;\u25b6\ufe0f <strong>Transmiss\u00e3o<\/strong>: ao vivo no YouTube (exclusiva para inscritos)<\/p>\n","protected":false},"excerpt":{"rendered":"<p>O Grupo Alltech anuncia a 5\u00aa edi\u00e7\u00e3o do Dia D, reconhecido como o maior evento&#8230;<\/p>\n","protected":false},"author":1,"featured_media":19926,"comment_status":"closed","ping_status":"open","sticky":false,"template":"","format":"standard","meta":{"om_disable_all_campaigns":false,"_monsterinsights_skip_tracking":false,"_monsterinsights_sitenote_active":false,"_monsterinsights_sitenote_note":"","_monsterinsights_sitenote_category":0,"spay_email":""},"categories":[27],"tags":[],"jetpack_featured_media_url":"https:\/\/vimagazine.com.br\/wp-content\/uploads\/2025\/08\/WhatsApp-Image-2025-08-26-at-10.19.45.jpeg","_links":{"self":[{"href":"https:\/\/vimagazine.com.br\/index.php?rest_route=\/wp\/v2\/posts\/19925"}],"collection":[{"href":"https:\/\/vimagazine.com.br\/index.php?rest_route=\/wp\/v2\/posts"}],"about":[{"href":"https:\/\/vimagazine.com.br\/index.php?rest_route=\/wp\/v2\/types\/post"}],"author":[{"embeddable":true,"href":"https:\/\/vimagazine.com.br\/index.php?rest_route=\/wp\/v2\/users\/1"}],"replies":[{"embeddable":true,"href":"https:\/\/vimagazine.com.br\/index.php?rest_route=%2Fwp%2Fv2%2Fcomments&post=19925"}],"version-history":[{"count":2,"href":"https:\/\/vimagazine.com.br\/index.php?rest_route=\/wp\/v2\/posts\/19925\/revisions"}],"predecessor-version":[{"id":19928,"href":"https:\/\/vimagazine.com.br\/index.php?rest_route=\/wp\/v2\/posts\/19925\/revisions\/19928"}],"wp:featuredmedia":[{"embeddable":true,"href":"https:\/\/vimagazine.com.br\/index.php?rest_route=\/wp\/v2\/media\/19926"}],"wp:attachment":[{"href":"https:\/\/vimagazine.com.br\/index.php?rest_route=%2Fwp%2Fv2%2Fmedia&parent=19925"}],"wp:term":[{"taxonomy":"category","embeddable":true,"href":"https:\/\/vimagazine.com.br\/index.php?rest_route=%2Fwp%2Fv2%2Fcategories&post=19925"},{"taxonomy":"post_tag","embeddable":true,"href":"https:\/\/vimagazine.com.br\/index.php?rest_route=%2Fwp%2Fv2%2Ftags&post=19925"}],"curies":[{"name":"wp","href":"https:\/\/api.w.org\/{rel}","templated":true}]}}