{"id":19932,"date":"2025-08-27T11:53:26","date_gmt":"2025-08-27T14:53:26","guid":{"rendered":"https:\/\/vimagazine.com.br\/?p=19932"},"modified":"2025-08-27T11:53:26","modified_gmt":"2025-08-27T14:53:26","slug":"desfile-oficial-da-vinveneto-2025-vai-colorir-a-beira-rio-neste-sabado","status":"publish","type":"post","link":"https:\/\/vimagazine.com.br\/?p=19932","title":{"rendered":"Desfile oficial da VinVeneto 2025 vai colorir a Beira Rio neste s\u00e1bado"},"content":{"rendered":"\n<figure class=\"wp-block-image size-large\"><img width=\"1024\" height=\"682\" src=\"https:\/\/vimagazine.com.br\/wp-content\/uploads\/2025\/08\/WhatsApp-Image-2025-08-27-at-11.07.29-1024x682.jpeg\" alt=\"\" class=\"wp-image-19933\" srcset=\"https:\/\/vimagazine.com.br\/wp-content\/uploads\/2025\/08\/WhatsApp-Image-2025-08-27-at-11.07.29-1024x682.jpeg 1024w, https:\/\/vimagazine.com.br\/wp-content\/uploads\/2025\/08\/WhatsApp-Image-2025-08-27-at-11.07.29-300x200.jpeg 300w, https:\/\/vimagazine.com.br\/wp-content\/uploads\/2025\/08\/WhatsApp-Image-2025-08-27-at-11.07.29-768x512.jpeg 768w, https:\/\/vimagazine.com.br\/wp-content\/uploads\/2025\/08\/WhatsApp-Image-2025-08-27-at-11.07.29-1536x1023.jpeg 1536w, https:\/\/vimagazine.com.br\/wp-content\/uploads\/2025\/08\/WhatsApp-Image-2025-08-27-at-11.07.29.jpeg 1600w\" sizes=\"(max-width: 1024px) 100vw, 1024px\" \/><\/figure>\n\n\n\n<p>Neste s\u00e1bado, 30 de agosto, a partir das 10h da manh\u00e3, Joinville ser\u00e1 tomada pela alegria, pelas cores e pelos s\u00edmbolos da tradi\u00e7\u00e3o italiana durante o Desfile Oficial da 16\u00aa VinVeneto. O cortejo acontecer\u00e1 na regi\u00e3o do ExpoCentro Edmundo Doubrawa e promete emocionar o p\u00fablico com um espet\u00e1culo de cultura, m\u00fasica e italianidade.<\/p>\n\n\n\n<p>O desfile reunir\u00e1 grupos culturais e entidades representativas de Joinville e de cidades vizinhas, como Rio dos Cedros, Jaragu\u00e1 do Sul, Guaramirim, Schroeder, S\u00e3o Bento do Sul e Curitiba, refor\u00e7ando a for\u00e7a da imigra\u00e7\u00e3o italiana em toda a regi\u00e3o Sul do Brasil. Entre os confirmados est\u00e3o o Grupo Colibri (Rio dos Cedros), o Isola del Sole (Curitiba) e o irreverente Polentop\u00e9ia, al\u00e9m da participa\u00e7\u00e3o de representantes dos c\u00edrculos italianos locais.<\/p>\n\n\n\n<p>A grande atra\u00e7\u00e3o deste ano ser\u00e1 novamente o grupo Carnevale di Venezia, de Nova Veneza, que conquistou o p\u00fablico na edi\u00e7\u00e3o de 2024 e retorna ap\u00f3s o enorme sucesso. Inspirado na celebra\u00e7\u00e3o italiana do s\u00e9culo XVI, o grupo traz para Joinville um espet\u00e1culo repleto de paix\u00e3o, mist\u00e9rio e magia, marcado por trajes complexos e m\u00e1scaras enigm\u00e1ticas. Muito diferente dos carnavais brasileiros, o Carnevale di Venezia resgata a aura m\u00edstica que tornou famosa a festa italiana em todo o mundo.<\/p>\n\n\n\n<p>Neste ano, o desfile ganha um atrativo especial: uma ala aberta ao p\u00fablico, que permitir\u00e1 que fam\u00edlias e descendentes de imigrantes possam participar ativamente da homenagem, levando seus sobrenomes, bandeiras e s\u00edmbolos que resgatam hist\u00f3rias de gera\u00e7\u00f5es.<\/p>\n\n\n\n<p>\u201cA proposta \u00e9 abrir espa\u00e7o para que a comunidade se reconhe\u00e7a nesse grande encontro de italianidade. Mais do que um desfile, ser\u00e1 um momento de pertencimento e de celebra\u00e7\u00e3o da nossa heran\u00e7a cultural\u201d, afirma Marli Venturi, presidente do Circolo Italiano di Joinville.<\/p>\n\n\n\n<p>O desfile faz parte da programa\u00e7\u00e3o da VinVeneto 2025, que acontece de 28 a 31 de agosto, com entrada gratuita no ExpoCentro Edmundo Doubrawa, em Joinville. Al\u00e9m do desfile, a festa oferece atra\u00e7\u00f5es como o tradicional Tombo da Polenta, apresenta\u00e7\u00f5es musicais e folcl\u00f3ricas, oficinas culturais e atividades para toda a fam\u00edlia.<\/p>\n\n\n\n<p>A 16\u00aa FESTA DA VINVENETO DE JOINVILLE \u00e9 um projeto cultural realizado pelo Circolo Italiano di Joinville, com apoio do Sistema Municipal de Desenvolvimento pela Cultura (Simdec). Aprovado pela Prefeitura Municipal de Joinville.<\/p>\n\n\n\n<p>Servi\u00e7o<\/p>\n\n\n\n<p>O qu\u00ea: Desfile oficial da 16\u00aa VinVeneto<\/p>\n\n\n\n<p>Quando: S\u00e1bado, 30 de agosto, \u00e0s 10h<\/p>\n\n\n\n<p>Onde: Regi\u00e3o do ExpoCentro Edmundo Doubrawa \u2013 Av. Jos\u00e9 Vieira, 315 \u2013 Am\u00e9rica, Joinville\/SC<\/p>\n\n\n\n<p>Entrada: gratuita<\/p>\n","protected":false},"excerpt":{"rendered":"<p>Neste s\u00e1bado, 30 de agosto, a partir das 10h da manh\u00e3, Joinville ser\u00e1 tomada pela&#8230;<\/p>\n","protected":false},"author":20,"featured_media":0,"comment_status":"closed","ping_status":"open","sticky":false,"template":"","format":"standard","meta":{"om_disable_all_campaigns":false,"_monsterinsights_skip_tracking":false,"_monsterinsights_sitenote_active":false,"_monsterinsights_sitenote_note":"","_monsterinsights_sitenote_category":0,"spay_email":""},"categories":[1],"tags":[],"jetpack_featured_media_url":"","_links":{"self":[{"href":"https:\/\/vimagazine.com.br\/index.php?rest_route=\/wp\/v2\/posts\/19932"}],"collection":[{"href":"https:\/\/vimagazine.com.br\/index.php?rest_route=\/wp\/v2\/posts"}],"about":[{"href":"https:\/\/vimagazine.com.br\/index.php?rest_route=\/wp\/v2\/types\/post"}],"author":[{"embeddable":true,"href":"https:\/\/vimagazine.com.br\/index.php?rest_route=\/wp\/v2\/users\/20"}],"replies":[{"embeddable":true,"href":"https:\/\/vimagazine.com.br\/index.php?rest_route=%2Fwp%2Fv2%2Fcomments&post=19932"}],"version-history":[{"count":1,"href":"https:\/\/vimagazine.com.br\/index.php?rest_route=\/wp\/v2\/posts\/19932\/revisions"}],"predecessor-version":[{"id":19934,"href":"https:\/\/vimagazine.com.br\/index.php?rest_route=\/wp\/v2\/posts\/19932\/revisions\/19934"}],"wp:attachment":[{"href":"https:\/\/vimagazine.com.br\/index.php?rest_route=%2Fwp%2Fv2%2Fmedia&parent=19932"}],"wp:term":[{"taxonomy":"category","embeddable":true,"href":"https:\/\/vimagazine.com.br\/index.php?rest_route=%2Fwp%2Fv2%2Fcategories&post=19932"},{"taxonomy":"post_tag","embeddable":true,"href":"https:\/\/vimagazine.com.br\/index.php?rest_route=%2Fwp%2Fv2%2Ftags&post=19932"}],"curies":[{"name":"wp","href":"https:\/\/api.w.org\/{rel}","templated":true}]}}