{"id":2001,"date":"2021-12-21T18:13:39","date_gmt":"2021-12-21T21:13:39","guid":{"rendered":"https:\/\/vimagazine.com.br\/?p=2001"},"modified":"2021-12-21T18:20:28","modified_gmt":"2021-12-21T21:20:28","slug":"o-avanco-do-empreendedorismo-feminino","status":"publish","type":"post","link":"https:\/\/vimagazine.com.br\/?p=2001","title":{"rendered":"O avan\u00e7o do empreendedorismo feminino"},"content":{"rendered":"\n<p>Hoje quero falar sobre o <em><strong>empreendedorismo feminino<\/strong><\/em>, um movimento que re\u00fane neg\u00f3cios idealizados e comandados por mulheres em busca de crescimento.<\/p>\n\n\n\n<p>As empresas comandadas por mulheres est\u00e3o crescendo em todo o mundo, contribuindo para a renda familiar e para o crescimento da economia. No entanto, as mulheres enfrentam algumas restri\u00e7\u00f5es como o tempo, fam\u00edlia, entre outras, que exige muito mais esfor\u00e7o para expandir seus neg\u00f3cios.<\/p>\n\n\n\n<p><em>Mulheres empreendedoras<\/em> contribuem significativamente para o crescimento econ\u00f4mico e a redu\u00e7\u00e3o da pobreza em todo o mundo. No Brasil, por exemplo, as empresas pertencentes a mulheres j\u00e1 s\u00e3o em torno de 38% segundo o Estad\u00e3o (2019), s\u00e3o diretamente respons\u00e1veis \u200b\u200bpor milh\u00f5es de empregos. Nos pa\u00edses em desenvolvimento, o empreendedorismo feminino tamb\u00e9m est\u00e1 aumentando &#8211; h\u00e1 cerca de 8 a 10 milh\u00f5es de pequenas e m\u00e9dias empresas (PMEs) formais com pelo menos uma propriet\u00e1ria.<\/p>\n\n\n\n<figure class=\"wp-block-image size-large\"><img width=\"1024\" height=\"683\" src=\"https:\/\/vimagazine.com.br\/wp-content\/uploads\/2021\/12\/business-g7e1d1b2a1_1920-1024x683.jpg\" alt=\"\" class=\"wp-image-2002\" srcset=\"https:\/\/vimagazine.com.br\/wp-content\/uploads\/2021\/12\/business-g7e1d1b2a1_1920-1024x683.jpg 1024w, https:\/\/vimagazine.com.br\/wp-content\/uploads\/2021\/12\/business-g7e1d1b2a1_1920-300x200.jpg 300w, https:\/\/vimagazine.com.br\/wp-content\/uploads\/2021\/12\/business-g7e1d1b2a1_1920-768x512.jpg 768w, https:\/\/vimagazine.com.br\/wp-content\/uploads\/2021\/12\/business-g7e1d1b2a1_1920-1536x1024.jpg 1536w, https:\/\/vimagazine.com.br\/wp-content\/uploads\/2021\/12\/business-g7e1d1b2a1_1920.jpg 1920w\" sizes=\"(max-width: 1024px) 100vw, 1024px\" \/><\/figure>\n\n\n\n<p>Embora as mulheres estejam fazendo grandes avan\u00e7os, muitas vezes necessitam da combina\u00e7\u00e3o de educa\u00e7\u00e3o, habilidades e experi\u00eancia de trabalho necess\u00e1ria para apoiar o desenvolvimento de neg\u00f3cios altamente produtivos.<\/p>\n\n\n\n<p><strong><a href=\"https:\/\/www.cobrefacil.com.br\/blog\/frases-empreendedorismo-feminino\" target=\"_blank\" rel=\"noreferrer noopener\" title=\"https:\/\/www.cobrefacil.com.br\/blog\/frases-empreendedorismo-feminino\">&#8220;Alguns fracassos s\u00e3o inevit\u00e1veis. \u00c9 imposs\u00edvel viver sem fracassar em alguma coisa, a n\u00e3o ser que voc\u00ea viva tomando tanto cuidado com tudo que voc\u00ea simplesmente n\u00e3o viva.\u201d<\/a><\/strong><\/p>\n\n\n\n<p><em>Da J. K. Rowling, escritora brit\u00e2nica conhecida pela s\u00e9rie de livros &#8220;Harry Potter&#8221;, que vendeu mais de 500 milh\u00f5es de c\u00f3pias.<\/em><\/p>\n\n\n\n<p>Os empreendedores masculinos, por exemplo, t\u00eam mais chances do que as empreendedoras de ter trabalhado CLT antes de iniciar um neg\u00f3cio, por mais que nos dias de hoje, esta situa\u00e7\u00e3o tem mudado muito, as mulheres t\u00eam tomado conta significativamente de fun\u00e7\u00f5es que a pouco tempo atr\u00e1s somente homens ocupavam.<\/p>\n\n\n\n<p>Personalidades como Camila Farani e Luiza Helena Trajano colocam o Brasil em destaque mundial de empreendedoras de sucesso, inspirando mais mulheres a assumir posi\u00e7\u00f5es de destaque no mundo dos neg\u00f3cios.<\/p>\n\n\n\n<p>Isso porque o perfil empreendedor n\u00e3o se restringe \u00e0s pessoas que abrem seu pr\u00f3prio neg\u00f3cio, mas, sim, \u00e0quelas que t\u00eam uma postura focada com determina\u00e7\u00e3o, coragem e inova\u00e7\u00e3o.<\/p>\n\n\n\n<p><a href=\"https:\/\/www.sebrae.com.br\/sites\/PortalSebrae\" target=\"_blank\" rel=\"noreferrer noopener\">\u201cSer empreendedor significa ser um realizador, que produz novas ideias atrav\u00e9s da congru\u00eancia entre criatividade e imagina\u00e7\u00e3o. \u201d (sebrae)<\/a><\/p>\n\n\n\n<p>Mas o empreendedorismo feminino vai al\u00e9m, representando uma quebra de paradigmas quanto \u00e0 capacidade de lideran\u00e7a da mulher.<\/p>\n\n\n\n<p>\u00c9 por esse motivo que o empreendedorismo feminino vem ganhando for\u00e7a de v\u00e1rios \u00f3rg\u00e3os de todo o planeta<\/p>\n\n\n\n<p>O empreendedorismo feminino colabora para a constru\u00e7\u00e3o de uma sociedade mais justa, gerando oportunidades de lideran\u00e7a para as mulheres.<\/p>\n\n\n\n<p>Assumir o pr\u00f3prio neg\u00f3cio \u00e9 uma forma de empoderamento e ascens\u00e3o para cargos de lideran\u00e7a, com o potencial de mudar a realidade das empreendedoras.<\/p>\n\n\n\n<p>Outro ponto que mostra a relev\u00e2ncia do empreendedorismo feminino aparece em um levantamento do Sebrae, que revela que as brasileiras empreendem, principalmente, devido \u00e0 necessidade de ter outra fonte de renda ou para adquirir a independ\u00eancia financeira.<\/p>\n\n\n\n<p>Ou seja, os ganhos com o pr\u00f3prio neg\u00f3cio ajudam as mulheres a sustentar suas fam\u00edlias, diminuindo ou acabando com sua depend\u00eancia financeira quanto aos companheiros, por exemplo.<\/p>\n\n\n\n<p>Estimular o empreendedorismo feminino \u00e9 necess\u00e1rio porque a presen\u00e7a das mulheres em cargos de lideran\u00e7a resulta em melhorias na sociedade, economia e nas empresas.<\/p>\n\n\n\n<figure class=\"wp-block-image size-large\"><img width=\"1024\" height=\"682\" src=\"https:\/\/vimagazine.com.br\/wp-content\/uploads\/2021\/12\/business-gec662a581_1920-1024x682.jpg\" alt=\"\" class=\"wp-image-2003\" srcset=\"https:\/\/vimagazine.com.br\/wp-content\/uploads\/2021\/12\/business-gec662a581_1920-1024x682.jpg 1024w, https:\/\/vimagazine.com.br\/wp-content\/uploads\/2021\/12\/business-gec662a581_1920-300x200.jpg 300w, https:\/\/vimagazine.com.br\/wp-content\/uploads\/2021\/12\/business-gec662a581_1920-768x512.jpg 768w, https:\/\/vimagazine.com.br\/wp-content\/uploads\/2021\/12\/business-gec662a581_1920-1536x1023.jpg 1536w, https:\/\/vimagazine.com.br\/wp-content\/uploads\/2021\/12\/business-gec662a581_1920.jpg 1920w\" sizes=\"(max-width: 1024px) 100vw, 1024px\" \/><\/figure>\n\n\n\n<p>Principais dados do empreendedorismo no Brasil<\/p>\n\n\n\n<p>Em 2019, estudo realizado pela consultoria McKinsey, em parceria com o evento Brazil at Silicon Valley, classificou o Brasil como um pa\u00eds de empreendedores ao notar que 39% da popula\u00e7\u00e3o economicamente ativa (PEA) possui sua pr\u00f3pria empresa. Segundo um relat\u00f3rio produzido pela MindMiners, 59% dos empreendedores brasileiros s\u00e3o homens, e 41% s\u00e3o mulheres.<\/p>\n\n\n\n<p>Quanto \u00e0 faixa et\u00e1ria, eles se dividem assim:<\/p>\n\n\n\n<p>32% entre 18 e 24 anos<\/p>\n\n\n\n<p>30% de 25 a 30 anos<\/p>\n\n\n\n<p>27% t\u00eam entre 31 e 40 anos<\/p>\n\n\n\n<p>11% t\u00eam 41 anos ou mais.<\/p>\n\n\n\n<p>A maior parte (42%) dos neg\u00f3cios atua no online e offline, enquanto outros 38% s\u00f3 t\u00eam presen\u00e7a f\u00edsica e 20%, somente online.<\/p>\n\n\n\n<p>A principal motiva\u00e7\u00e3o citada para abrir a pr\u00f3pria empresa foi ter mais liberdade e\/ou autonomia (57%), seguida pela percep\u00e7\u00e3o de uma oportunidade (53%).<\/p>\n\n\n\n<p>Uma parcela expressiva (35%) tamb\u00e9m empreende para deixar de ser empregado, por frustra\u00e7\u00e3o com o mercado de trabalho (19%) e por necessidade (18%).<\/p>\n\n\n\n<p>An\u00e1lises do Sebrae revelam que o pa\u00eds conta com 9,3 milh\u00f5es de mulheres \u00e0 frente de uma empresa, sendo que 45% delas s\u00e3o chefes de fam\u00edlia, ou seja, t\u00eam a principal renda em seus lares.<\/p>\n\n\n\n<p>Em compara\u00e7\u00e3o com os homens que empreendem, elas possuem escolaridade 16% superior, por\u00e9m, seus neg\u00f3cios faturam 22% menos.<\/p>\n\n\n\n<p>Para se ter uma ideia, em 2018, os empreendedores registraram rendimento mensal m\u00e9dio de R$ 2.344, ao passo que as empreendedoras faturaram, em m\u00e9dia, R$ 1.831 por m\u00eas.<\/p>\n\n\n\n<p>As mulheres representam 48% dos microempreendedores individuais (MEI) no pa\u00eds, se destacando em setores como beleza, moda e alimenta\u00e7\u00e3o.<\/p>\n\n\n\n<p>Com tantos neg\u00f3cios de impacto idealizados por mulheres, fica dif\u00edcil eleger os mais promissores.<\/p>\n\n\n\n<p>Mas vale citar algumas lideran\u00e7as que t\u00eam colocado o Brasil em evid\u00eancia no universo do empreendedorismo, como Luiza Helena Trajano e Camila Farani.<\/p>\n\n\n\n<figure class=\"wp-container-2 wp-block-gallery-1 wp-block-gallery columns-1 is-cropped\"><ul class=\"blocks-gallery-grid\"><li class=\"blocks-gallery-item\"><figure><img width=\"1024\" height=\"682\" src=\"https:\/\/vimagazine.com.br\/wp-content\/uploads\/2021\/12\/computer-g85f7810c2_1920-1024x682.jpg\" alt=\"\" data-id=\"2006\" data-full-url=\"https:\/\/vimagazine.com.br\/wp-content\/uploads\/2021\/12\/computer-g85f7810c2_1920.jpg\" data-link=\"https:\/\/vimagazine.com.br\/?attachment_id=2006\" class=\"wp-image-2006\" srcset=\"https:\/\/vimagazine.com.br\/wp-content\/uploads\/2021\/12\/computer-g85f7810c2_1920-1024x682.jpg 1024w, https:\/\/vimagazine.com.br\/wp-content\/uploads\/2021\/12\/computer-g85f7810c2_1920-300x200.jpg 300w, https:\/\/vimagazine.com.br\/wp-content\/uploads\/2021\/12\/computer-g85f7810c2_1920-768x512.jpg 768w, https:\/\/vimagazine.com.br\/wp-content\/uploads\/2021\/12\/computer-g85f7810c2_1920-1536x1023.jpg 1536w, https:\/\/vimagazine.com.br\/wp-content\/uploads\/2021\/12\/computer-g85f7810c2_1920.jpg 1920w\" sizes=\"(max-width: 1024px) 100vw, 1024px\" \/><\/figure><\/li><\/ul><\/figure>\n\n\n\n<p>\u00c0 frente do Magazine Luiza, a empres\u00e1ria Luiza Helena Trajano come\u00e7ou como balconista na companhia, que pertencia a seus tios desde a d\u00e9cada de 1950.<\/p>\n\n\n\n<p>Sonhando em comprar presentes de Natal para a fam\u00edlia, Luiza, ent\u00e3o com 12 anos, decidiu trabalhar na loja dos tios e conseguiu realizar esse primeiro desejo.<\/p>\n\n\n\n<p>A menina continuou se esfor\u00e7ando, fez faculdade de Administra\u00e7\u00e3o de Empresas e, em 1991, iniciou a empreitada como gestora, sempre apostando em inova\u00e7\u00f5es.<\/p>\n\n\n\n<p>Uma de suas ideias foi inserir computadores nas lojas para que os clientes pudessem encomendar produtos indispon\u00edveis nas prateleiras, ainda em 1992, quando as m\u00e1quinas eram raridade.<\/p>\n\n\n\n<p>Camila Farani \u00e9 outra empres\u00e1ria de sucesso que deu os primeiros passos na companhia da fam\u00edlia \u2013 uma pequena tabacaria.<\/p>\n\n\n\n<p>Aos 21 anos, Camila sugeriu que a m\u00e3e inclu\u00edsse, no card\u00e1pio, coquet\u00e9is feitos com caf\u00e9, al\u00e9m da vers\u00e3o mais simples da bebida.<\/p>\n\n\n\n<p>O resultado foi um aumento expressivo nas vendas e a forma\u00e7\u00e3o de uma sociedade com a m\u00e3e, sua primeira oportunidade de empreender.<\/p>\n\n\n\n<p>Mais tarde, Camila fundou a G2 Capital, focada em investimentos para empresas de tecnologia, ajudando v\u00e1rios empreendedores a potencializar seu neg\u00f3cio.<\/p>\n\n\n\n<p>Enquanto os empreendedores em geral apontam a liberdade como principal motivo para abrir seu neg\u00f3cio, as mulheres brasileiras acabam tomando essa decis\u00e3o por necessidade, para complementar a renda ou alcan\u00e7ar a independ\u00eancia financeira.<\/p>\n\n\n\n<p>Isso porque, muitas vezes, elas precisam assumir o sustento da fam\u00edlia.<\/p>\n\n\n\n<p>Como mencionado acima, as empreendedoras ainda recebem menos que os homens e, segundo o Sebrae, t\u00eam menor acesso a linhas de cr\u00e9dito para estruturar e expandir seu neg\u00f3cio.<\/p>\n\n\n\n<p>Outros desafios est\u00e3o relacionados \u00e0 maternidade, que exige maior flexibilidade no trabalho.<\/p>\n\n\n\n<p>Dados da Rede Mulher Empreendedora (RME) revelam que 53% das empreendedoras brasileiras s\u00e3o m\u00e3es, sendo que a maioria busca por hor\u00e1rios flex\u00edveis que permitam conciliar as tarefas dom\u00e9sticas e a vida profissional, exigindo muito esfor\u00e7o e dedica\u00e7\u00e3o.<\/p>\n\n\n\n<p>Muitas empreendedoras tamb\u00e9m tomam esse caminho devido ao pouco espa\u00e7o em cargos de chefia no mercado tradicional.<\/p>\n\n\n\n<p>Apesar dos desafios, muitas mulheres est\u00e3o tomando a frente e fazendo a diferen\u00e7a, atrav\u00e9s da cria\u00e7\u00e3o de neg\u00f3cios de impacto social e econ\u00f4mico.<\/p>\n\n\n\n<p>Por esse motivo, as mulheres devem ser apoiadas, pela sua capacidade em empreender!<\/p>\n\n\n\n<p>Se gostou deixe seu coment\u00e1rio e compartilhe com seus amigos<\/p>\n\n\n\n<p>Um forte abra\u00e7o e sucesso!<\/p>\n\n\n\n<p><\/p>\n\n\n\n<p>Por: <strong>Jo\u00e3o Ricardo Zimmermann<\/strong><\/p>\n\n\n\n<p><strong>YouTube: <\/strong><a href=\"https:\/\/www.youtube.com\/c\/liderancasemenrolacao\" target=\"_blank\" rel=\"noreferrer noopener\" title=\"Lideran\u00e7a Sem Enrola\u00e7\u00e3o\">Lideran\u00e7a Sem Enrola\u00e7\u00e3o<\/a><\/p>\n\n\n\n<p><strong>Instagram: <\/strong>@joaoricardozimmermann<\/p>\n","protected":false},"excerpt":{"rendered":"<p>Hoje quero falar sobre o empreendedorismo feminino, um movimento que re\u00fane neg\u00f3cios idealizados e comandados&#8230;<\/p>\n","protected":false},"author":7,"featured_media":2005,"comment_status":"closed","ping_status":"open","sticky":false,"template":"","format":"standard","meta":{"om_disable_all_campaigns":false,"_monsterinsights_skip_tracking":false,"_monsterinsights_sitenote_active":false,"_monsterinsights_sitenote_note":"","_monsterinsights_sitenote_category":0,"spay_email":""},"categories":[75],"tags":[143,192,193,195,194],"jetpack_featured_media_url":"https:\/\/vimagazine.com.br\/wp-content\/uploads\/2021\/12\/business-g603ad39ad_1920-1.jpg","_links":{"self":[{"href":"https:\/\/vimagazine.com.br\/index.php?rest_route=\/wp\/v2\/posts\/2001"}],"collection":[{"href":"https:\/\/vimagazine.com.br\/index.php?rest_route=\/wp\/v2\/posts"}],"about":[{"href":"https:\/\/vimagazine.com.br\/index.php?rest_route=\/wp\/v2\/types\/post"}],"author":[{"embeddable":true,"href":"https:\/\/vimagazine.com.br\/index.php?rest_route=\/wp\/v2\/users\/7"}],"replies":[{"embeddable":true,"href":"https:\/\/vimagazine.com.br\/index.php?rest_route=%2Fwp%2Fv2%2Fcomments&post=2001"}],"version-history":[{"count":1,"href":"https:\/\/vimagazine.com.br\/index.php?rest_route=\/wp\/v2\/posts\/2001\/revisions"}],"predecessor-version":[{"id":2007,"href":"https:\/\/vimagazine.com.br\/index.php?rest_route=\/wp\/v2\/posts\/2001\/revisions\/2007"}],"wp:featuredmedia":[{"embeddable":true,"href":"https:\/\/vimagazine.com.br\/index.php?rest_route=\/wp\/v2\/media\/2005"}],"wp:attachment":[{"href":"https:\/\/vimagazine.com.br\/index.php?rest_route=%2Fwp%2Fv2%2Fmedia&parent=2001"}],"wp:term":[{"taxonomy":"category","embeddable":true,"href":"https:\/\/vimagazine.com.br\/index.php?rest_route=%2Fwp%2Fv2%2Fcategories&post=2001"},{"taxonomy":"post_tag","embeddable":true,"href":"https:\/\/vimagazine.com.br\/index.php?rest_route=%2Fwp%2Fv2%2Ftags&post=2001"}],"curies":[{"name":"wp","href":"https:\/\/api.w.org\/{rel}","templated":true}]}}