{"id":20156,"date":"2025-09-18T09:00:53","date_gmt":"2025-09-18T12:00:53","guid":{"rendered":"https:\/\/vimagazine.com.br\/?p=20156"},"modified":"2025-09-18T09:02:09","modified_gmt":"2025-09-18T12:02:09","slug":"isa-lima-a-voz-e-a-forca-de-uma-nova-geracao","status":"publish","type":"post","link":"https:\/\/vimagazine.com.br\/?p=20156","title":{"rendered":"Isa Lima: A Voz e a For\u00e7a de uma Nova Gera\u00e7\u00e3o!"},"content":{"rendered":"\n<p>Quem entrou na <strong><em><a href=\"https:\/\/www.instagram.com\/giucota\/\" title=\"Vibe Com Giu Cota\">Vibe Com Giu Cota<\/a><\/em><\/strong>, foi a contora e atriz <strong><em><a href=\"https:\/\/www.instagram.com\/isa.limaoficial\/\" title=\"Isa Lima\">Isa Lima<\/a><\/em><\/strong>, com19 anos, nasceu em Guarulhos, S\u00e3o Paulo, e j\u00e1 mostra que seu nome vai longe. Cantora e atriz em ascens\u00e3o, ela integra o elenco da popular novelinha do <strong><em>Kwai<\/em><\/strong>, onde soma mais de 2 milh\u00f5es de seguidores. <\/p>\n\n\n\n<figure class=\"wp-block-image size-large is-resized\"><img src=\"https:\/\/vimagazine.com.br\/wp-content\/uploads\/2025\/09\/photo_1_2025-09-18_08-24-24-682x1024.jpg\" alt=\"\" class=\"wp-image-20157\" width=\"843\" height=\"1266\" srcset=\"https:\/\/vimagazine.com.br\/wp-content\/uploads\/2025\/09\/photo_1_2025-09-18_08-24-24-682x1024.jpg 682w, https:\/\/vimagazine.com.br\/wp-content\/uploads\/2025\/09\/photo_1_2025-09-18_08-24-24-200x300.jpg 200w, https:\/\/vimagazine.com.br\/wp-content\/uploads\/2025\/09\/photo_1_2025-09-18_08-24-24-768x1154.jpg 768w, https:\/\/vimagazine.com.br\/wp-content\/uploads\/2025\/09\/photo_1_2025-09-18_08-24-24.jpg 852w\" sizes=\"(max-width: 843px) 100vw, 843px\" \/><figcaption><strong><em><a href=\"https:\/\/www.instagram.com\/isa.limaoficial\/\" title=\"Isa Lima\">Isa Lima<\/a><\/em><\/strong> &#8211; Foto Divulga\u00e7\u00e3o<\/figcaption><\/figure>\n\n\n\n<p><\/p>\n\n\n\n<p>No <strong><em>Instagram<\/em><\/strong>, sua trajet\u00f3ria tamb\u00e9m \u00e9 acompanhada de perto: j\u00e1 s\u00e3o mais de 100 mil pessoas ligadas em seu carisma, talento e autenticidade.<\/p>\n\n\n\n<figure class=\"wp-container-2 wp-block-gallery-1 wp-block-gallery has-nested-images columns-default is-cropped\">\n<figure class=\"wp-block-image size-large\"><img width=\"682\" height=\"1024\" data-id=\"20158\"  src=\"https:\/\/vimagazine.com.br\/wp-content\/uploads\/2025\/09\/photo_7_2025-09-18_08-24-24.jpg\" alt=\"\" class=\"wp-image-20158\" srcset=\"https:\/\/vimagazine.com.br\/wp-content\/uploads\/2025\/09\/photo_7_2025-09-18_08-24-24.jpg 682w, https:\/\/vimagazine.com.br\/wp-content\/uploads\/2025\/09\/photo_7_2025-09-18_08-24-24-200x300.jpg 200w\" sizes=\"(max-width: 682px) 100vw, 682px\" \/><figcaption>Isa Lima<\/figcaption><\/figure>\n\n\n\n<figure class=\"wp-block-image size-large\"><img width=\"828\" height=\"867\" data-id=\"20160\"  src=\"https:\/\/vimagazine.com.br\/wp-content\/uploads\/2025\/09\/photo_8_2025-09-18_08-24-24.jpg\" alt=\"\" class=\"wp-image-20160\" srcset=\"https:\/\/vimagazine.com.br\/wp-content\/uploads\/2025\/09\/photo_8_2025-09-18_08-24-24.jpg 828w, https:\/\/vimagazine.com.br\/wp-content\/uploads\/2025\/09\/photo_8_2025-09-18_08-24-24-287x300.jpg 287w, https:\/\/vimagazine.com.br\/wp-content\/uploads\/2025\/09\/photo_8_2025-09-18_08-24-24-768x804.jpg 768w\" sizes=\"(max-width: 828px) 100vw, 828px\" \/><figcaption>Isa Lima &#8211; E Seus Bailarinos Oficiais &#8211; Adores Silva e Kauan Ferreira. <\/figcaption><\/figure>\n\n\n\n<figure class=\"wp-block-image size-large\"><img width=\"682\" height=\"1024\" data-id=\"20159\"  src=\"https:\/\/vimagazine.com.br\/wp-content\/uploads\/2025\/09\/photo_3_2025-09-18_08-22-58-682x1024.jpg\" alt=\"\" class=\"wp-image-20159\" srcset=\"https:\/\/vimagazine.com.br\/wp-content\/uploads\/2025\/09\/photo_3_2025-09-18_08-22-58-682x1024.jpg 682w, https:\/\/vimagazine.com.br\/wp-content\/uploads\/2025\/09\/photo_3_2025-09-18_08-22-58-200x300.jpg 200w, https:\/\/vimagazine.com.br\/wp-content\/uploads\/2025\/09\/photo_3_2025-09-18_08-22-58-768x1154.jpg 768w, https:\/\/vimagazine.com.br\/wp-content\/uploads\/2025\/09\/photo_3_2025-09-18_08-22-58.jpg 852w\" sizes=\"(max-width: 682px) 100vw, 682px\" \/><figcaption>Isa Lima<\/figcaption><\/figure>\n<\/figure>\n\n\n\n<p>Al\u00e9m de brilhar nos palcos e nas telas, Isa tamb\u00e9m se dedica aos estudos. Atualmente cursa o segundo semestre de Psicologia, mostrando que seu interesse vai al\u00e9m da arte ela busca compreender as pessoas e transformar realidades. Determinada e resiliente, se define como uma verdadeira guerreira, que n\u00e3o mede esfor\u00e7os para realizar seus sonhos.<br>E quem quiser sentir de perto a energia dessa jovem estrela j\u00e1 tem data marcada: no dia 28 de setembro, \u00e0s 12h, acontece a tardezinha , na <strong><em>Kids Record<\/em><\/strong> <strong><em>com a Isa<\/em><\/strong> e convidados <strong><em>(Four friends, Sophia Vit\u00f3ria, G\u00eameas Domingues, Giu cota, Helo\u00edsa Dourado, Dennis Costa, Geovana Castro, Kim &amp; Lory, Clarinha Alves, Star Group<\/em><\/strong>)<\/p>\n\n\n\n<p>Apresentado : <strong><em>Tonny Santana<\/em><\/strong>, na <strong><em>Rua Coelho Lisboa, 608<\/em><\/strong>, ao lado de amigos e convidados especiais. Uma oportunidade \u00fanica de se aproximar de quem promete encantar o Brasil e, qui\u00e7\u00e1, o mundo.<\/p>\n\n\n\n<figure class=\"wp-container-4 wp-block-gallery-3 wp-block-gallery has-nested-images columns-default is-cropped\">\n<figure class=\"wp-block-image size-large\"><img width=\"1280\" height=\"720\" data-id=\"20161\"  src=\"https:\/\/vimagazine.com.br\/wp-content\/uploads\/2025\/09\/photo_5_2025-09-18_08-24-24.jpg\" alt=\"\" class=\"wp-image-20161\" srcset=\"https:\/\/vimagazine.com.br\/wp-content\/uploads\/2025\/09\/photo_5_2025-09-18_08-24-24.jpg 1280w, https:\/\/vimagazine.com.br\/wp-content\/uploads\/2025\/09\/photo_5_2025-09-18_08-24-24-300x169.jpg 300w, https:\/\/vimagazine.com.br\/wp-content\/uploads\/2025\/09\/photo_5_2025-09-18_08-24-24-1024x576.jpg 1024w, https:\/\/vimagazine.com.br\/wp-content\/uploads\/2025\/09\/photo_5_2025-09-18_08-24-24-768x432.jpg 768w\" sizes=\"(max-width: 1280px) 100vw, 1280px\" \/><figcaption>Isa Lima e seus bailarinos<\/figcaption><\/figure>\n\n\n\n<figure class=\"wp-block-image size-large\"><img width=\"1280\" height=\"720\" data-id=\"20162\"  src=\"https:\/\/vimagazine.com.br\/wp-content\/uploads\/2025\/09\/photo_4_2025-09-18_08-22-58.jpg\" alt=\"\" class=\"wp-image-20162\" srcset=\"https:\/\/vimagazine.com.br\/wp-content\/uploads\/2025\/09\/photo_4_2025-09-18_08-22-58.jpg 1280w, https:\/\/vimagazine.com.br\/wp-content\/uploads\/2025\/09\/photo_4_2025-09-18_08-22-58-300x169.jpg 300w, https:\/\/vimagazine.com.br\/wp-content\/uploads\/2025\/09\/photo_4_2025-09-18_08-22-58-1024x576.jpg 1024w, https:\/\/vimagazine.com.br\/wp-content\/uploads\/2025\/09\/photo_4_2025-09-18_08-22-58-768x432.jpg 768w\" sizes=\"(max-width: 1280px) 100vw, 1280px\" \/><figcaption>Isa Lima e seus bailarinos<\/figcaption><\/figure>\n<\/figure>\n\n\n\n<p>Isa, me concedeu uma entrevista:<\/p>\n\n\n\n<p><strong><em>Giu Cota:<\/em><\/strong> Isa, voc\u00ea tem apenas 19 anos, mas j\u00e1 enfrenta muitos desafios na carreira musical. Qual foi o momento mais dif\u00edcil at\u00e9 agora e o que te fez continuar?<br><em><strong>Isa Lima:<\/strong><\/em> Iniciar minha carreira musical foi, sem d\u00favida, o momento mais desafiador da minha vida. Enfrentei n\u00e3o apenas dificuldades t\u00e9cnicas e financeiras, mas tamb\u00e9m a falta de apoio de muitas pessoas. Poucos acreditavam no meu potencial, e isso me fez questionar se eu realmente conseguiria seguir em frente. O que mais me marcou foi a decep\u00e7\u00e3o com algu\u00e9m que eu admirava muito. Eu sonhava em ter o apoio dessa pessoa, mas ouvi justamente dela que eu n\u00e3o iria conseguir. Doeu, mas transformei essa dor em combust\u00edvel. Hoje olho para tr\u00e1s com orgulho, porque n\u00e3o desisti e cada obst\u00e1culo me deixou mais forte e fiel ao meu prop\u00f3sito.<\/p>\n\n\n\n<p><strong><em>Giu Cota:<\/em><\/strong> A sua voz j\u00e1 emociona quem te ouve de perto. O que voc\u00ea espera transmitir para o p\u00fablico quando canta?<br><strong><em>Isa Lima:<\/em><\/strong> Quando eu canto, meu maior desejo \u00e9 tocar as pessoas de verdade. Quero transmitir alegria, confian\u00e7a e mostrar que ningu\u00e9m deve acreditar quando dizem que voc\u00ea n\u00e3o \u00e9 capaz. A m\u00fasica tem esse poder: de transformar, de fortalecer, de fazer algu\u00e9m se sentir visto e ouvido. Cada nota que eu solto carrega essa mensagem \u2014 de que existe uma for\u00e7a dentro de cada um de n\u00f3s. Se minha voz despertar isso em algu\u00e9m, j\u00e1 valeu a pena.<\/p>\n\n\n\n<p><br><strong><em>Giu Cota:<\/em><\/strong> Se pudesse escolher um palco dos sonhos para se apresentar, em qualquer lugar do mundo, qual seria e por qu\u00ea?<br><strong><em>Isa Lima:<\/em><\/strong> Talvez esperem que eu diga Rock in Rio ou Madison Square Garden, mas, para mim, cada palco em que eu subo, do mais simples ao mais grandioso, j\u00e1 \u00e9 um palco dos sonhos. O que importa n\u00e3o \u00e9 o tamanho, e sim a conex\u00e3o com o p\u00fablico. Esse \u00e9 o verdadeiro presente da m\u00fasica.<\/p>\n\n\n\n<p>Acompanhe sempre a minha coluna <strong><em>#NaVibeComGiuCot<\/em><\/strong>a \u00a0na\u00a0<strong><em><a href=\"https:\/\/www.instagram.com\/vi_magazine_\/\" title=\"#ViMagazine\">#ViMagazine<\/a><\/em><\/strong>\u00a0para mais conte\u00fados exclusivos! para dicas exclusivas e entrevistas que fazem a diferen\u00e7a na sua vida!<\/p>\n\n\n\n<h1>#GiuCota #Podcast #PodCota<\/h1>\n\n\n\n<h1>#Humor #Informacao #Diversao<\/h1>\n\n\n\n<h1>#IsaLima #CantoraRevela\u00e7\u00e3o<\/h1>\n\n\n\n<h1>#AtrizEmAscens\u00e3o<\/h1>\n\n\n\n<h1>#JuventudeQueInspira<\/h1>\n\n\n\n<p><strong><em>Giu Cota<br>Colunista<\/em><\/strong><\/p>\n","protected":false},"excerpt":{"rendered":"<p>Quem entrou na Vibe Com Giu Cota, foi a contora e atriz Isa Lima, com19&#8230;<\/p>\n","protected":false},"author":37,"featured_media":0,"comment_status":"closed","ping_status":"open","sticky":false,"template":"","format":"standard","meta":{"om_disable_all_campaigns":false,"_monsterinsights_skip_tracking":false,"_monsterinsights_sitenote_active":false,"_monsterinsights_sitenote_note":"","_monsterinsights_sitenote_category":0,"spay_email":""},"categories":[1],"tags":[],"jetpack_featured_media_url":"","_links":{"self":[{"href":"https:\/\/vimagazine.com.br\/index.php?rest_route=\/wp\/v2\/posts\/20156"}],"collection":[{"href":"https:\/\/vimagazine.com.br\/index.php?rest_route=\/wp\/v2\/posts"}],"about":[{"href":"https:\/\/vimagazine.com.br\/index.php?rest_route=\/wp\/v2\/types\/post"}],"author":[{"embeddable":true,"href":"https:\/\/vimagazine.com.br\/index.php?rest_route=\/wp\/v2\/users\/37"}],"replies":[{"embeddable":true,"href":"https:\/\/vimagazine.com.br\/index.php?rest_route=%2Fwp%2Fv2%2Fcomments&post=20156"}],"version-history":[{"count":3,"href":"https:\/\/vimagazine.com.br\/index.php?rest_route=\/wp\/v2\/posts\/20156\/revisions"}],"predecessor-version":[{"id":20165,"href":"https:\/\/vimagazine.com.br\/index.php?rest_route=\/wp\/v2\/posts\/20156\/revisions\/20165"}],"wp:attachment":[{"href":"https:\/\/vimagazine.com.br\/index.php?rest_route=%2Fwp%2Fv2%2Fmedia&parent=20156"}],"wp:term":[{"taxonomy":"category","embeddable":true,"href":"https:\/\/vimagazine.com.br\/index.php?rest_route=%2Fwp%2Fv2%2Fcategories&post=20156"},{"taxonomy":"post_tag","embeddable":true,"href":"https:\/\/vimagazine.com.br\/index.php?rest_route=%2Fwp%2Fv2%2Ftags&post=20156"}],"curies":[{"name":"wp","href":"https:\/\/api.w.org\/{rel}","templated":true}]}}