{"id":2051,"date":"2021-12-23T09:53:29","date_gmt":"2021-12-23T12:53:29","guid":{"rendered":"https:\/\/vimagazine.com.br\/?p=2051"},"modified":"2021-12-23T09:56:13","modified_gmt":"2021-12-23T12:56:13","slug":"comunicado-oficial","status":"publish","type":"post","link":"https:\/\/vimagazine.com.br\/?p=2051","title":{"rendered":"COMUNICADO OFICIAL"},"content":{"rendered":"\n<p style=\"font-size:22px\"><\/p>\n\n\n\n<figure class=\"wp-container-2 wp-block-gallery-1 wp-block-gallery columns-3 is-cropped\"><ul class=\"blocks-gallery-grid\"><li class=\"blocks-gallery-item\"><figure><img width=\"1024\" height=\"942\" src=\"https:\/\/vimagazine.com.br\/wp-content\/uploads\/2021\/12\/IMG_20211223_073531-1024x942.jpg\" alt=\"\" data-id=\"2052\" data-full-url=\"https:\/\/vimagazine.com.br\/wp-content\/uploads\/2021\/12\/IMG_20211223_073531.jpg\" data-link=\"https:\/\/vimagazine.com.br\/?attachment_id=2052\" class=\"wp-image-2052\" srcset=\"https:\/\/vimagazine.com.br\/wp-content\/uploads\/2021\/12\/IMG_20211223_073531-1024x942.jpg 1024w, https:\/\/vimagazine.com.br\/wp-content\/uploads\/2021\/12\/IMG_20211223_073531-300x276.jpg 300w, https:\/\/vimagazine.com.br\/wp-content\/uploads\/2021\/12\/IMG_20211223_073531-768x706.jpg 768w, https:\/\/vimagazine.com.br\/wp-content\/uploads\/2021\/12\/IMG_20211223_073531.jpg 1080w\" sizes=\"(max-width: 1024px) 100vw, 1024px\" \/><\/figure><\/li><li class=\"blocks-gallery-item\"><figure><img width=\"1024\" height=\"558\" src=\"https:\/\/vimagazine.com.br\/wp-content\/uploads\/2021\/12\/IMG_20211223_073556-1024x558.jpg\" alt=\"\" data-id=\"2053\" data-full-url=\"https:\/\/vimagazine.com.br\/wp-content\/uploads\/2021\/12\/IMG_20211223_073556.jpg\" data-link=\"https:\/\/vimagazine.com.br\/?attachment_id=2053\" class=\"wp-image-2053\" srcset=\"https:\/\/vimagazine.com.br\/wp-content\/uploads\/2021\/12\/IMG_20211223_073556-1024x558.jpg 1024w, https:\/\/vimagazine.com.br\/wp-content\/uploads\/2021\/12\/IMG_20211223_073556-300x164.jpg 300w, https:\/\/vimagazine.com.br\/wp-content\/uploads\/2021\/12\/IMG_20211223_073556-768x419.jpg 768w, https:\/\/vimagazine.com.br\/wp-content\/uploads\/2021\/12\/IMG_20211223_073556.jpg 1080w\" sizes=\"(max-width: 1024px) 100vw, 1024px\" \/><\/figure><\/li><li class=\"blocks-gallery-item\"><figure><img width=\"1024\" height=\"741\" src=\"https:\/\/vimagazine.com.br\/wp-content\/uploads\/2021\/12\/IMG_20211223_073611-1024x741.jpg\" alt=\"\" data-id=\"2054\" data-full-url=\"https:\/\/vimagazine.com.br\/wp-content\/uploads\/2021\/12\/IMG_20211223_073611.jpg\" data-link=\"https:\/\/vimagazine.com.br\/?attachment_id=2054\" class=\"wp-image-2054\" srcset=\"https:\/\/vimagazine.com.br\/wp-content\/uploads\/2021\/12\/IMG_20211223_073611-1024x741.jpg 1024w, https:\/\/vimagazine.com.br\/wp-content\/uploads\/2021\/12\/IMG_20211223_073611-300x217.jpg 300w, https:\/\/vimagazine.com.br\/wp-content\/uploads\/2021\/12\/IMG_20211223_073611-768x555.jpg 768w, https:\/\/vimagazine.com.br\/wp-content\/uploads\/2021\/12\/IMG_20211223_073611.jpg 1080w\" sizes=\"(max-width: 1024px) 100vw, 1024px\" \/><\/figure><\/li><\/ul><\/figure>\n\n\n\n<p style=\"font-size:10px\">Fotos: Digulga\u00e7\u00e3o<\/p>\n\n\n\n<p style=\"font-size:22px\"><strong>Adiamento da Festa Pomerana, prevista para o per\u00edodo de 12 a 23 de janeiro<\/strong><\/p>\n\n\n\n<p style=\"font-size:14px\">N\u00e3o era o que gostar\u00edamos de anunciar. N\u00e3o foi o que nos propusemos. Mas, tem horas em que as decis\u00f5es n\u00e3o ficam restritas a poucas m\u00e3os. Existem outras tantas que fazem com que, em muitos momentos, tenhamos que parar, ponderar e dar voz a decis\u00f5es que transcendem vontades e s\u00e3o baseadas em outros pilares: zelo, responsabilidade e bom senso. E assim, em vez de levarmos nossos Festbitter \u00e0s ruas para divulgarem boas-novas, temos um comunicado<br>extremamente doloroso e prudente a ser feito.<br>\u00c9 com muita tristeza, mas tamb\u00e9m baseado na responsabilidade e no zelo com a vida de cada um dos pomerodenses e dos milhares de visitantes que costumam nos visitar todos os anos para ver de perto o nosso modo de ser e viver que tanto agrada o mundo, optamos por uma dif\u00edcil decis\u00e3o. Atentos aos rumos da pandemia e aos poss\u00edveis riscos causados \u00e0 comunidade de Pomerode e aos turistas, n\u00f3s comunicamos o adiamento da Festa Pomerana, prevista para<br>o per\u00edodo de 12 a 23 de janeiro.<br>Ao longo dos \u00faltimos meses, uma multid\u00e3o de pomerodenses apaixonados pela tradi\u00e7\u00e3o germ\u00e2nica atuou para fazer a Festa Pomerana acontecer. Em sua 38\u00aa edi\u00e7\u00e3o, seria um grande reencontro, com novidades; competi\u00e7\u00f5es, provas, gastronomia e alegria j\u00e1 conhecidas\u2026 mas o mundo inteiro tem visto o andamento da dissemina\u00e7\u00e3o da nova variante de Covid-19 e colocar uma \u00fanica vida em risco n\u00e3o \u00e9 o desejo da comiss\u00e3o organizadora.<br>A Festa Pomerana mexe com a nossa autoestima. Refor\u00e7a os nossos la\u00e7os. Reitera a nossa paix\u00e3o por Pomerode. Mas a vida \u00e9 preciosa e o nosso maior bem. T\u00e3o logo possamos nos reunir, faremos a melhor e mais hist\u00f3rica de todas as edi\u00e7\u00f5es.<br>A todos o nosso agradecimento pela compreens\u00e3o;<\/p>\n\n\n\n<figure class=\"wp-block-image size-large\"><img width=\"1024\" height=\"556\" src=\"https:\/\/vimagazine.com.br\/wp-content\/uploads\/2021\/12\/IMG_20211223_073627-1024x556.jpg\" alt=\"\" class=\"wp-image-2056\" srcset=\"https:\/\/vimagazine.com.br\/wp-content\/uploads\/2021\/12\/IMG_20211223_073627-1024x556.jpg 1024w, https:\/\/vimagazine.com.br\/wp-content\/uploads\/2021\/12\/IMG_20211223_073627-300x163.jpg 300w, https:\/\/vimagazine.com.br\/wp-content\/uploads\/2021\/12\/IMG_20211223_073627-768x417.jpg 768w, https:\/\/vimagazine.com.br\/wp-content\/uploads\/2021\/12\/IMG_20211223_073627.jpg 1080w\" sizes=\"(max-width: 1024px) 100vw, 1024px\" \/><\/figure>\n\n\n\n<p><br><\/p>\n\n\n\n<p style=\"font-size:12px\">Por: Hiram Delagnolli<\/p>\n","protected":false},"excerpt":{"rendered":"<p>Fotos: Digulga\u00e7\u00e3o Adiamento da Festa Pomerana, prevista para o per\u00edodo de 12 a 23 de&#8230;<\/p>\n","protected":false},"author":35,"featured_media":2055,"comment_status":"closed","ping_status":"open","sticky":false,"template":"","format":"standard","meta":{"om_disable_all_campaigns":false,"_monsterinsights_skip_tracking":false,"_monsterinsights_sitenote_active":false,"_monsterinsights_sitenote_note":"","_monsterinsights_sitenote_category":0,"spay_email":""},"categories":[27],"tags":[],"jetpack_featured_media_url":"https:\/\/vimagazine.com.br\/wp-content\/uploads\/2021\/12\/IMG_20211223_073851.jpg","_links":{"self":[{"href":"https:\/\/vimagazine.com.br\/index.php?rest_route=\/wp\/v2\/posts\/2051"}],"collection":[{"href":"https:\/\/vimagazine.com.br\/index.php?rest_route=\/wp\/v2\/posts"}],"about":[{"href":"https:\/\/vimagazine.com.br\/index.php?rest_route=\/wp\/v2\/types\/post"}],"author":[{"embeddable":true,"href":"https:\/\/vimagazine.com.br\/index.php?rest_route=\/wp\/v2\/users\/35"}],"replies":[{"embeddable":true,"href":"https:\/\/vimagazine.com.br\/index.php?rest_route=%2Fwp%2Fv2%2Fcomments&post=2051"}],"version-history":[{"count":3,"href":"https:\/\/vimagazine.com.br\/index.php?rest_route=\/wp\/v2\/posts\/2051\/revisions"}],"predecessor-version":[{"id":2060,"href":"https:\/\/vimagazine.com.br\/index.php?rest_route=\/wp\/v2\/posts\/2051\/revisions\/2060"}],"wp:featuredmedia":[{"embeddable":true,"href":"https:\/\/vimagazine.com.br\/index.php?rest_route=\/wp\/v2\/media\/2055"}],"wp:attachment":[{"href":"https:\/\/vimagazine.com.br\/index.php?rest_route=%2Fwp%2Fv2%2Fmedia&parent=2051"}],"wp:term":[{"taxonomy":"category","embeddable":true,"href":"https:\/\/vimagazine.com.br\/index.php?rest_route=%2Fwp%2Fv2%2Fcategories&post=2051"},{"taxonomy":"post_tag","embeddable":true,"href":"https:\/\/vimagazine.com.br\/index.php?rest_route=%2Fwp%2Fv2%2Ftags&post=2051"}],"curies":[{"name":"wp","href":"https:\/\/api.w.org\/{rel}","templated":true}]}}