{"id":2099,"date":"2021-12-28T12:45:16","date_gmt":"2021-12-28T15:45:16","guid":{"rendered":"https:\/\/vimagazine.com.br\/?p=2099"},"modified":"2021-12-28T12:46:50","modified_gmt":"2021-12-28T15:46:50","slug":"festa-marca-o-lancamento-do-tenis-sustentavel-da-grif-save-the-forest-no-brasil","status":"publish","type":"post","link":"https:\/\/vimagazine.com.br\/?p=2099","title":{"rendered":"Festa marca o lan\u00e7amento do t\u00eanis sustent\u00e1vel da Grif Save The Forest no Brasil"},"content":{"rendered":"\n<p style=\"font-size:14px\">Uma grande festa marcou o lan\u00e7amento dos t\u00eanis da grife de Londres,&nbsp;<strong>Save The Forest<\/strong>, no LaBelle Praia Brava, em Itaja\u00ed SC. Os convidados puderam conferir com exclusividade dois novos t\u00eanis, o Save S15 Wild e o Save 22, todos feitos de materiais sustent\u00e1veis.<\/p>\n\n\n\n<p style=\"font-size:18px\"><strong>Produtor de moda Djoo Ferrari comemora volta ao Brasil com festa no LaBelle Barra Sul<\/strong><\/p>\n\n\n\n<p style=\"font-size:14px\">Depois de um tempo morando na Europa, o produtor de moda Djoo Ferrari retorna ao Brasil para lan\u00e7ar no pa\u00eds alguns projetos. No dia 3 de dezembro, ele recebe amigos, empres\u00e1rios, imprensa e formadores de opini\u00e3o em uma festa&nbsp;<em>priv\u00e9<\/em>, no Labelle Barra Sul, em Balne\u00e1rio Cambori\u00fa. O dess code ser\u00e1 black and gold.<br>Djoo retorna com muitas ideias e projetos que ir\u00e1 lan\u00e7ar em breve no Brasil. A festa tem como objetivo fazer network e reencontrar parceiros de trabalho e comerciais.<br>Na Europa fez editoriais de moda para revistas como Vogue RG, Vogue, Trend Magazine (USA), Fashion Couture Magazine (Italia), Unit, In Lakesh (Canad\u00e1), clipes para cantores consagrados como Calema Sombras, Lucas Lucco,&nbsp;Chelsy Shantel ft Gerilson Israel, Kelson Moster Wanted, Barbara Bandeira, Pablo Vitar, Sara Whithe para o Grammy,&nbsp;fashion filme e desfiles para grifes como Prada, Versace, Armani, Acqua di Parma, Gucci, Onono, Rober Dognani, Walerio Araujo,&nbsp;e muito mais.<br><\/p>\n\n\n\n<figure class=\"wp-container-2 wp-block-gallery-1 wp-block-gallery columns-3\"><ul class=\"blocks-gallery-grid\"><li class=\"blocks-gallery-item\"><figure><img width=\"300\" height=\"199\" src=\"https:\/\/vimagazine.com.br\/wp-content\/uploads\/2021\/12\/Djoo-Ferrari-e-a-psicologa-Lourethe-Ribeiro-300x199.jpeg\" alt=\"\" data-id=\"2100\" data-full-url=\"https:\/\/vimagazine.com.br\/wp-content\/uploads\/2021\/12\/Djoo-Ferrari-e-a-psicologa-Lourethe-Ribeiro.jpeg\" data-link=\"https:\/\/vimagazine.com.br\/?attachment_id=2100\" class=\"wp-image-2100\" srcset=\"https:\/\/vimagazine.com.br\/wp-content\/uploads\/2021\/12\/Djoo-Ferrari-e-a-psicologa-Lourethe-Ribeiro-300x199.jpeg 300w, https:\/\/vimagazine.com.br\/wp-content\/uploads\/2021\/12\/Djoo-Ferrari-e-a-psicologa-Lourethe-Ribeiro-1024x681.jpeg 1024w, https:\/\/vimagazine.com.br\/wp-content\/uploads\/2021\/12\/Djoo-Ferrari-e-a-psicologa-Lourethe-Ribeiro-768x511.jpeg 768w, https:\/\/vimagazine.com.br\/wp-content\/uploads\/2021\/12\/Djoo-Ferrari-e-a-psicologa-Lourethe-Ribeiro.jpeg 1280w\" sizes=\"(max-width: 300px) 100vw, 300px\" \/><\/figure><\/li><li class=\"blocks-gallery-item\"><figure><img width=\"300\" height=\"199\" src=\"https:\/\/vimagazine.com.br\/wp-content\/uploads\/2021\/12\/Douglas-Franch-Ceo-da-Save-The-Forest-e-Denis-Martins-Franch-300x199.jpeg\" alt=\"\" data-id=\"2101\" data-full-url=\"https:\/\/vimagazine.com.br\/wp-content\/uploads\/2021\/12\/Douglas-Franch-Ceo-da-Save-The-Forest-e-Denis-Martins-Franch.jpeg\" data-link=\"https:\/\/vimagazine.com.br\/?attachment_id=2101\" class=\"wp-image-2101\" srcset=\"https:\/\/vimagazine.com.br\/wp-content\/uploads\/2021\/12\/Douglas-Franch-Ceo-da-Save-The-Forest-e-Denis-Martins-Franch-300x199.jpeg 300w, https:\/\/vimagazine.com.br\/wp-content\/uploads\/2021\/12\/Douglas-Franch-Ceo-da-Save-The-Forest-e-Denis-Martins-Franch-1024x681.jpeg 1024w, https:\/\/vimagazine.com.br\/wp-content\/uploads\/2021\/12\/Douglas-Franch-Ceo-da-Save-The-Forest-e-Denis-Martins-Franch-768x511.jpeg 768w, https:\/\/vimagazine.com.br\/wp-content\/uploads\/2021\/12\/Douglas-Franch-Ceo-da-Save-The-Forest-e-Denis-Martins-Franch.jpeg 1280w\" sizes=\"(max-width: 300px) 100vw, 300px\" \/><\/figure><\/li><li class=\"blocks-gallery-item\"><figure><img width=\"300\" height=\"199\" src=\"https:\/\/vimagazine.com.br\/wp-content\/uploads\/2021\/12\/Doulgas-Franch-a-advogada-Miriam-Valandro-a-empresaria-Ana-Neves-Denis-Martins-Franch-300x199.jpeg\" alt=\"\" data-id=\"2103\" data-full-url=\"https:\/\/vimagazine.com.br\/wp-content\/uploads\/2021\/12\/Doulgas-Franch-a-advogada-Miriam-Valandro-a-empresaria-Ana-Neves-Denis-Martins-Franch.jpeg\" data-link=\"https:\/\/vimagazine.com.br\/?attachment_id=2103\" class=\"wp-image-2103\" srcset=\"https:\/\/vimagazine.com.br\/wp-content\/uploads\/2021\/12\/Doulgas-Franch-a-advogada-Miriam-Valandro-a-empresaria-Ana-Neves-Denis-Martins-Franch-300x199.jpeg 300w, https:\/\/vimagazine.com.br\/wp-content\/uploads\/2021\/12\/Doulgas-Franch-a-advogada-Miriam-Valandro-a-empresaria-Ana-Neves-Denis-Martins-Franch-1024x681.jpeg 1024w, https:\/\/vimagazine.com.br\/wp-content\/uploads\/2021\/12\/Doulgas-Franch-a-advogada-Miriam-Valandro-a-empresaria-Ana-Neves-Denis-Martins-Franch-768x511.jpeg 768w, https:\/\/vimagazine.com.br\/wp-content\/uploads\/2021\/12\/Doulgas-Franch-a-advogada-Miriam-Valandro-a-empresaria-Ana-Neves-Denis-Martins-Franch.jpeg 1280w\" sizes=\"(max-width: 300px) 100vw, 300px\" \/><\/figure><\/li><li class=\"blocks-gallery-item\"><figure><img width=\"300\" height=\"199\" src=\"https:\/\/vimagazine.com.br\/wp-content\/uploads\/2021\/12\/Save-The-Forest-lanca-tenis-sustentaveisWhatsApp-Image-2021-12-13-at-11.04.56-1-300x199.jpeg\" alt=\"\" data-id=\"2104\" data-full-url=\"https:\/\/vimagazine.com.br\/wp-content\/uploads\/2021\/12\/Save-The-Forest-lanca-tenis-sustentaveisWhatsApp-Image-2021-12-13-at-11.04.56-1.jpeg\" data-link=\"https:\/\/vimagazine.com.br\/?attachment_id=2104\" class=\"wp-image-2104\" srcset=\"https:\/\/vimagazine.com.br\/wp-content\/uploads\/2021\/12\/Save-The-Forest-lanca-tenis-sustentaveisWhatsApp-Image-2021-12-13-at-11.04.56-1-300x199.jpeg 300w, https:\/\/vimagazine.com.br\/wp-content\/uploads\/2021\/12\/Save-The-Forest-lanca-tenis-sustentaveisWhatsApp-Image-2021-12-13-at-11.04.56-1-1024x681.jpeg 1024w, https:\/\/vimagazine.com.br\/wp-content\/uploads\/2021\/12\/Save-The-Forest-lanca-tenis-sustentaveisWhatsApp-Image-2021-12-13-at-11.04.56-1-768x511.jpeg 768w, https:\/\/vimagazine.com.br\/wp-content\/uploads\/2021\/12\/Save-The-Forest-lanca-tenis-sustentaveisWhatsApp-Image-2021-12-13-at-11.04.56-1.jpeg 1280w\" sizes=\"(max-width: 300px) 100vw, 300px\" \/><\/figure><\/li><li class=\"blocks-gallery-item\"><figure><img width=\"300\" height=\"199\" src=\"https:\/\/vimagazine.com.br\/wp-content\/uploads\/2021\/12\/Save-The-Forest-lanca-tenis-sustentaveisWhatsApp-Image-2021-12-13-at-11.04.56-2-300x199.jpeg\" alt=\"\" data-id=\"2105\" data-full-url=\"https:\/\/vimagazine.com.br\/wp-content\/uploads\/2021\/12\/Save-The-Forest-lanca-tenis-sustentaveisWhatsApp-Image-2021-12-13-at-11.04.56-2.jpeg\" data-link=\"https:\/\/vimagazine.com.br\/?attachment_id=2105\" class=\"wp-image-2105\" srcset=\"https:\/\/vimagazine.com.br\/wp-content\/uploads\/2021\/12\/Save-The-Forest-lanca-tenis-sustentaveisWhatsApp-Image-2021-12-13-at-11.04.56-2-300x199.jpeg 300w, https:\/\/vimagazine.com.br\/wp-content\/uploads\/2021\/12\/Save-The-Forest-lanca-tenis-sustentaveisWhatsApp-Image-2021-12-13-at-11.04.56-2-1024x681.jpeg 1024w, https:\/\/vimagazine.com.br\/wp-content\/uploads\/2021\/12\/Save-The-Forest-lanca-tenis-sustentaveisWhatsApp-Image-2021-12-13-at-11.04.56-2-768x511.jpeg 768w, https:\/\/vimagazine.com.br\/wp-content\/uploads\/2021\/12\/Save-The-Forest-lanca-tenis-sustentaveisWhatsApp-Image-2021-12-13-at-11.04.56-2.jpeg 1280w\" sizes=\"(max-width: 300px) 100vw, 300px\" \/><\/figure><\/li><li class=\"blocks-gallery-item\"><figure><img width=\"300\" height=\"199\" src=\"https:\/\/vimagazine.com.br\/wp-content\/uploads\/2021\/12\/Save-The-Forest-lanca-tenis-sustentaveisWhatsApp-Image-2021-12-13-at-11.04.56-300x199.jpeg\" alt=\"\" data-id=\"2106\" data-full-url=\"https:\/\/vimagazine.com.br\/wp-content\/uploads\/2021\/12\/Save-The-Forest-lanca-tenis-sustentaveisWhatsApp-Image-2021-12-13-at-11.04.56.jpeg\" data-link=\"https:\/\/vimagazine.com.br\/?attachment_id=2106\" class=\"wp-image-2106\" srcset=\"https:\/\/vimagazine.com.br\/wp-content\/uploads\/2021\/12\/Save-The-Forest-lanca-tenis-sustentaveisWhatsApp-Image-2021-12-13-at-11.04.56-300x199.jpeg 300w, https:\/\/vimagazine.com.br\/wp-content\/uploads\/2021\/12\/Save-The-Forest-lanca-tenis-sustentaveisWhatsApp-Image-2021-12-13-at-11.04.56-1024x681.jpeg 1024w, https:\/\/vimagazine.com.br\/wp-content\/uploads\/2021\/12\/Save-The-Forest-lanca-tenis-sustentaveisWhatsApp-Image-2021-12-13-at-11.04.56-768x511.jpeg 768w, https:\/\/vimagazine.com.br\/wp-content\/uploads\/2021\/12\/Save-The-Forest-lanca-tenis-sustentaveisWhatsApp-Image-2021-12-13-at-11.04.56.jpeg 1280w\" sizes=\"(max-width: 300px) 100vw, 300px\" \/><\/figure><\/li><\/ul><\/figure>\n\n\n\n<p style=\"font-size:14px\">A marca que nasceu em Londres e que produz no Brasil, sua linha de t\u00eanis&nbsp;<strong>Save The Forest<\/strong>,&nbsp;\u00e9 um novo conceito de elabora\u00e7\u00e3o de produtos sustent\u00e1veis, compostos de produtos de fontes renov\u00e1veis e materiais de reuso. Suas principais mat\u00e9rias primas s\u00e3o todas de manejo sustent\u00e1vel. Os produtos s\u00e3o fabricados em borracha natural da Amaz\u00f4nia, oriundos de polos de extrativismos sustent\u00e1veis, mesclando com materiais de reuso, como a borracha reutiliz\u00e1vel da ind\u00fastria de pneus e os tecidos de reuso.<br><br>A&nbsp;<strong>Save The Forest<\/strong>&nbsp;\u00e9 membro do Origens Brasil, rede que conecta empresas a cadeias produtivas sustent\u00e1veis em \u00e1reas priorit\u00e1rias de conserva\u00e7\u00e3o na Amaz\u00f4nia, gerando valor para os povos ind\u00edgenas e popula\u00e7\u00f5es tradicionais que vivem da floresta &#8211; os verdadeiros guardi\u00f5es do nosso patrim\u00f4nio socioambiental. A Rede Origens Brasil, viabiliza neg\u00f3cios em prol da floresta em p\u00e9 com garantia de origem, rastreabilidade transpar\u00eancia e promovendo o com\u00e9rcio \u00e9tico.<\/p>\n\n\n\n<p><\/p>\n\n\n\n<p style=\"font-size:18px\"><strong>Sobre Djoo Ferrari<\/strong><br><\/p>\n\n\n\n<figure class=\"wp-block-image size-full\"><img width=\"331\" height=\"357\" src=\"https:\/\/vimagazine.com.br\/wp-content\/uploads\/2021\/12\/Djoo.png\" alt=\"\" class=\"wp-image-2107\" srcset=\"https:\/\/vimagazine.com.br\/wp-content\/uploads\/2021\/12\/Djoo.png 331w, https:\/\/vimagazine.com.br\/wp-content\/uploads\/2021\/12\/Djoo-278x300.png 278w\" sizes=\"(max-width: 331px) 100vw, 331px\" \/><\/figure>\n\n\n\n<p style=\"font-size:14px\">Estilista, T\u00e9cnico em Estilismo e Coordenador de Moda, Gestor em Confec\u00e7\u00e3o de Moda e Produtor de Moda. Leva em seu curr\u00edculo grandes editoriais de moda em revistas como: Vogue RG, Vogue, Trend Magazine (USA), Fashion Couture Magazine (It\u00e1lia), UNIT, In LAKESH (Canad\u00e1) entre outras. Premiado internacionalmente como um dos melhores produtores de moda do mundo. Foi premiado pelo The World Fashion e tamb\u00e9m ganhou o QEP pela Federation of European Photographers (FEP), na Espanha. Natural de Santa Catarina, residente entre Lisboa e Balne\u00e1rio Cambori\u00fa. Atua nos neg\u00f3cios da moda, eventos e em promo\u00e7\u00e3o de marcas, produtos e artistas.<br><br>A marca comercializa seus produtos on-line pelo site&nbsp;<a href=\"https:\/\/mail.hostinger.com\/#NOP\">https:\/\/www.savetheforestoficial.com.br<\/a>, ou pelas m\u00eddias sociais da marca.<br><br><\/p>\n\n\n\n<p style=\"font-size:11px\">Fotos: <strong>Daniel Mafra<\/strong><\/p>\n","protected":false},"excerpt":{"rendered":"<p>Uma grande festa marcou o lan\u00e7amento dos t\u00eanis da grife de Londres,&nbsp;Save The Forest, no&#8230;<\/p>\n","protected":false},"author":1,"featured_media":2105,"comment_status":"closed","ping_status":"open","sticky":false,"template":"","format":"standard","meta":{"om_disable_all_campaigns":false,"_monsterinsights_skip_tracking":false,"_monsterinsights_sitenote_active":false,"_monsterinsights_sitenote_note":"","_monsterinsights_sitenote_category":0,"spay_email":""},"categories":[26],"tags":[146,102,79,63,201,200],"jetpack_featured_media_url":"https:\/\/vimagazine.com.br\/wp-content\/uploads\/2021\/12\/Save-The-Forest-lanca-tenis-sustentaveisWhatsApp-Image-2021-12-13-at-11.04.56-2.jpeg","_links":{"self":[{"href":"https:\/\/vimagazine.com.br\/index.php?rest_route=\/wp\/v2\/posts\/2099"}],"collection":[{"href":"https:\/\/vimagazine.com.br\/index.php?rest_route=\/wp\/v2\/posts"}],"about":[{"href":"https:\/\/vimagazine.com.br\/index.php?rest_route=\/wp\/v2\/types\/post"}],"author":[{"embeddable":true,"href":"https:\/\/vimagazine.com.br\/index.php?rest_route=\/wp\/v2\/users\/1"}],"replies":[{"embeddable":true,"href":"https:\/\/vimagazine.com.br\/index.php?rest_route=%2Fwp%2Fv2%2Fcomments&post=2099"}],"version-history":[{"count":3,"href":"https:\/\/vimagazine.com.br\/index.php?rest_route=\/wp\/v2\/posts\/2099\/revisions"}],"predecessor-version":[{"id":2110,"href":"https:\/\/vimagazine.com.br\/index.php?rest_route=\/wp\/v2\/posts\/2099\/revisions\/2110"}],"wp:featuredmedia":[{"embeddable":true,"href":"https:\/\/vimagazine.com.br\/index.php?rest_route=\/wp\/v2\/media\/2105"}],"wp:attachment":[{"href":"https:\/\/vimagazine.com.br\/index.php?rest_route=%2Fwp%2Fv2%2Fmedia&parent=2099"}],"wp:term":[{"taxonomy":"category","embeddable":true,"href":"https:\/\/vimagazine.com.br\/index.php?rest_route=%2Fwp%2Fv2%2Fcategories&post=2099"},{"taxonomy":"post_tag","embeddable":true,"href":"https:\/\/vimagazine.com.br\/index.php?rest_route=%2Fwp%2Fv2%2Ftags&post=2099"}],"curies":[{"name":"wp","href":"https:\/\/api.w.org\/{rel}","templated":true}]}}