{"id":21075,"date":"2025-12-01T23:35:16","date_gmt":"2025-12-02T02:35:16","guid":{"rendered":"https:\/\/vimagazine.com.br\/?p=21075"},"modified":"2025-12-01T23:47:30","modified_gmt":"2025-12-02T02:47:30","slug":"ana-laura-atshuck-de-mafra-sc-e-coroada-miss-teen-brasil-no-miss-universe-beauty-2025","status":"publish","type":"post","link":"https:\/\/vimagazine.com.br\/?p=21075","title":{"rendered":"Ana Laura Atshuck de Mafra (SC) \u00e9 coroada Miss  Teen Brasil no Miss Universe Beauty 2025"},"content":{"rendered":"\n<p><\/p>\n\n\n\n<p class=\"has-medium-font-size\"><strong>Evento realizado em Balne\u00e1rio Cambori\u00fa celebrou talentos de v\u00e1rios estados e Ana Laura homenageou a cultura tropeira do Norte Catarinense.<\/strong><\/p>\n\n\n\n<p><\/p>\n\n\n\n<p style=\"font-size:16px\"><strong>Por: Viviane de Oliveira<\/strong><\/p>\n\n\n\n<p>Balne\u00e1rio Cambori\u00fa foi palco, nos dias <strong>29 e 30 de novembro<\/strong>, do <strong>Miss Universe Beauty 2025<\/strong>, evento que reuniu representantes de v\u00e1rias regi\u00f5es do Brasil no <strong>Marambaia Hotel<\/strong>. O concurso, reconhecido por valorizar a beleza, a eleg\u00e2ncia e a representatividade cultural, contou com categorias que v\u00e3o do <strong>infantil ao adulto<\/strong>, destacando novos talentos e hist\u00f3rias inspiradoras.<\/p>\n\n\n\n<p><\/p>\n\n\n\n<figure class=\"wp-container-2 wp-block-gallery-1 wp-block-gallery has-nested-images columns-default is-cropped\">\n<figure class=\"wp-block-image size-large\"><img width=\"324\" height=\"577\" data-id=\"21098\"  src=\"https:\/\/vimagazine.com.br\/wp-content\/uploads\/2025\/12\/6-Ana-Laura-Atshuck_-Vi-MAGAZINE-1.jpg\" alt=\"\" class=\"wp-image-21098\" srcset=\"https:\/\/vimagazine.com.br\/wp-content\/uploads\/2025\/12\/6-Ana-Laura-Atshuck_-Vi-MAGAZINE-1.jpg 324w, https:\/\/vimagazine.com.br\/wp-content\/uploads\/2025\/12\/6-Ana-Laura-Atshuck_-Vi-MAGAZINE-1-168x300.jpg 168w\" sizes=\"(max-width: 324px) 100vw, 324px\" \/><\/figure>\n\n\n\n<figure class=\"wp-block-image size-large\"><img width=\"476\" height=\"628\" data-id=\"21097\"  src=\"https:\/\/vimagazine.com.br\/wp-content\/uploads\/2025\/12\/2-Ana-Laura-Atshuck_-Vi-MAGAZINE-1.jpg\" alt=\"\" class=\"wp-image-21097\" srcset=\"https:\/\/vimagazine.com.br\/wp-content\/uploads\/2025\/12\/2-Ana-Laura-Atshuck_-Vi-MAGAZINE-1.jpg 476w, https:\/\/vimagazine.com.br\/wp-content\/uploads\/2025\/12\/2-Ana-Laura-Atshuck_-Vi-MAGAZINE-1-227x300.jpg 227w\" sizes=\"(max-width: 476px) 100vw, 476px\" \/><\/figure>\n<\/figure>\n\n\n\n<p><\/p>\n\n\n\n<p class=\"has-medium-font-size\"><strong>Traje T\u00edpico &#8211; Representando o Norte Catarinense com a Cultura dos Tropeiros<\/strong> <\/p>\n\n\n\n<p><\/p>\n\n\n\n<p>Na categoria <strong>Teen<\/strong>, o grande destaque foi <strong>Ana Laura Atshuck<\/strong>, que entrou representando o <strong>Norte Catarinense<\/strong>, vinda da cidade de <strong>Mafra<\/strong>, e saiu consagrada como a <strong>nova Miss Brasil Teen<\/strong>. Competindo com fortes candidatas de diversos estados, Ana Laura mostrou dom\u00ednio de palco, eleg\u00e2ncia e profundo conhecimento sobre sua pr\u00f3pria identidade cultural.<\/p>\n\n\n\n<p>Durante o desfile de <strong>traje t\u00edpico<\/strong>, Ana Laura emocionou o p\u00fablico ao apresentar uma homenagem aut\u00eantica e impec\u00e1vel \u00e0 <strong>cultura dos tropeiros<\/strong> \u2014 homens corajosos que atravessaram matas, abriram estradas, transportaram mercadorias e levaram consigo sonhos, esperan\u00e7a e o esp\u00edrito de um povo em movimento.<\/p>\n\n\n\n<p><\/p>\n\n\n\n<figure class=\"wp-container-4 wp-block-gallery-3 wp-block-gallery has-nested-images columns-3 is-cropped\">\n<figure class=\"wp-block-image size-medium\"><img width=\"158\" height=\"300\" data-id=\"21101\"  src=\"https:\/\/vimagazine.com.br\/wp-content\/uploads\/2025\/12\/ANA_2-158x300.jpg\" alt=\"\" class=\"wp-image-21101\" srcset=\"https:\/\/vimagazine.com.br\/wp-content\/uploads\/2025\/12\/ANA_2-158x300.jpg 158w, https:\/\/vimagazine.com.br\/wp-content\/uploads\/2025\/12\/ANA_2.jpg 470w\" sizes=\"(max-width: 158px) 100vw, 158px\" \/><\/figure>\n\n\n\n<figure class=\"wp-block-image size-large\"><img width=\"457\" height=\"1024\" data-id=\"21080\"  src=\"https:\/\/vimagazine.com.br\/wp-content\/uploads\/2025\/12\/WhatsApp-Image-2025-12-01-at-21.30.24-3-457x1024.jpeg\" alt=\"\" class=\"wp-image-21080\" srcset=\"https:\/\/vimagazine.com.br\/wp-content\/uploads\/2025\/12\/WhatsApp-Image-2025-12-01-at-21.30.24-3-457x1024.jpeg 457w, https:\/\/vimagazine.com.br\/wp-content\/uploads\/2025\/12\/WhatsApp-Image-2025-12-01-at-21.30.24-3-134x300.jpeg 134w, https:\/\/vimagazine.com.br\/wp-content\/uploads\/2025\/12\/WhatsApp-Image-2025-12-01-at-21.30.24-3-686x1536.jpeg 686w, https:\/\/vimagazine.com.br\/wp-content\/uploads\/2025\/12\/WhatsApp-Image-2025-12-01-at-21.30.24-3.jpeg 736w\" sizes=\"(max-width: 457px) 100vw, 457px\" \/><\/figure>\n\n\n\n<figure class=\"wp-block-image size-large\"><img width=\"547\" height=\"935\" data-id=\"21110\"  src=\"https:\/\/vimagazine.com.br\/wp-content\/uploads\/2025\/12\/Captura-de-tela-2025-12-01-230409-1.jpg\" alt=\"\" class=\"wp-image-21110\" srcset=\"https:\/\/vimagazine.com.br\/wp-content\/uploads\/2025\/12\/Captura-de-tela-2025-12-01-230409-1.jpg 547w, https:\/\/vimagazine.com.br\/wp-content\/uploads\/2025\/12\/Captura-de-tela-2025-12-01-230409-1-176x300.jpg 176w\" sizes=\"(max-width: 547px) 100vw, 547px\" \/><\/figure>\n\n\n\n<figure class=\"wp-block-image size-large\"><img width=\"576\" height=\"1024\" data-id=\"21081\"  src=\"https:\/\/vimagazine.com.br\/wp-content\/uploads\/2025\/12\/WhatsApp-Image-2025-12-01-at-21.30.23-2-576x1024.jpeg\" alt=\"\" class=\"wp-image-21081\" srcset=\"https:\/\/vimagazine.com.br\/wp-content\/uploads\/2025\/12\/WhatsApp-Image-2025-12-01-at-21.30.23-2-576x1024.jpeg 576w, https:\/\/vimagazine.com.br\/wp-content\/uploads\/2025\/12\/WhatsApp-Image-2025-12-01-at-21.30.23-2-169x300.jpeg 169w, https:\/\/vimagazine.com.br\/wp-content\/uploads\/2025\/12\/WhatsApp-Image-2025-12-01-at-21.30.23-2-768x1365.jpeg 768w, https:\/\/vimagazine.com.br\/wp-content\/uploads\/2025\/12\/WhatsApp-Image-2025-12-01-at-21.30.23-2.jpeg 836w\" sizes=\"(max-width: 576px) 100vw, 576px\" \/><\/figure>\n<\/figure>\n\n\n\n<p><\/p>\n\n\n\n<p class=\"has-medium-font-size\"><strong>O Figurino <\/strong><\/p>\n\n\n\n<p><\/p>\n\n\n\n<p>Seu figurino de traje t\u00edpico, <strong>idealizado por ela mesma<\/strong>, ficou exatamente como Ana Laura havia sonhado. A produ\u00e7\u00e3o teve o apoio de <strong>Viviane de Oliveira<\/strong>, jornalista e agente de modelos, que auxiliou diretamente na cria\u00e7\u00e3o do look e dos acess\u00f3rios. J\u00e1 o <strong>chap\u00e9u<\/strong>, feito <strong>em croch\u00ea pelas m\u00e3os de Viviane<\/strong>, tornou-se uma pe\u00e7a-chave na composi\u00e7\u00e3o, agregando autenticidade e contribuindo para que o traje alcan\u00e7asse um resultado <strong>perfeito<\/strong>.<\/p>\n\n\n\n<p>Representando, em cada detalhe, a bravura dos tropeiros que percorriam trilhas sob sol, chuva e poeira, sustentados apenas pela coragem e determina\u00e7\u00e3o que marcaram essa parte fundamental da hist\u00f3ria do Sul do Brasil. Elaborado e fiel \u00e0s ra\u00edzes culturais, o figurino, vestido pela Miss Ana Laura, encantou pela for\u00e7a simb\u00f3lica e pela precis\u00e3o est\u00e9tica.<\/p>\n\n\n\n<p><\/p>\n\n\n\n<p class=\"has-medium-font-size\"><strong>Glamour e Eleg\u00e2ncia<\/strong><\/p>\n\n\n\n<p>No desfile de <strong>traje social<\/strong>, Ana Laura brilhou novamente, exibindo <strong>glamour, eleg\u00e2ncia e sofistica\u00e7\u00e3o<\/strong>, atributos que refor\u00e7aram sua seguran\u00e7a e personalidade na passarela.<\/p>\n\n\n\n<figure class=\"wp-container-6 wp-block-gallery-5 wp-block-gallery has-nested-images columns-default is-cropped\">\n<figure class=\"wp-block-image size-large\"><img width=\"711\" height=\"1082\" data-id=\"21090\"  src=\"https:\/\/vimagazine.com.br\/wp-content\/uploads\/2025\/12\/WhatsApp-Image-2025-12-01-at-21.30.56.jpeg\" alt=\"\" class=\"wp-image-21090\" srcset=\"https:\/\/vimagazine.com.br\/wp-content\/uploads\/2025\/12\/WhatsApp-Image-2025-12-01-at-21.30.56.jpeg 711w, https:\/\/vimagazine.com.br\/wp-content\/uploads\/2025\/12\/WhatsApp-Image-2025-12-01-at-21.30.56-197x300.jpeg 197w, https:\/\/vimagazine.com.br\/wp-content\/uploads\/2025\/12\/WhatsApp-Image-2025-12-01-at-21.30.56-673x1024.jpeg 673w\" sizes=\"(max-width: 711px) 100vw, 711px\" \/><\/figure>\n\n\n\n<figure class=\"wp-block-image size-large\"><img width=\"735\" height=\"1280\" data-id=\"21078\"  src=\"https:\/\/vimagazine.com.br\/wp-content\/uploads\/2025\/12\/WhatsApp-Image-2025-12-01-at-09.39.50.jpeg\" alt=\"\" class=\"wp-image-21078\" srcset=\"https:\/\/vimagazine.com.br\/wp-content\/uploads\/2025\/12\/WhatsApp-Image-2025-12-01-at-09.39.50.jpeg 735w, https:\/\/vimagazine.com.br\/wp-content\/uploads\/2025\/12\/WhatsApp-Image-2025-12-01-at-09.39.50-172x300.jpeg 172w, https:\/\/vimagazine.com.br\/wp-content\/uploads\/2025\/12\/WhatsApp-Image-2025-12-01-at-09.39.50-588x1024.jpeg 588w\" sizes=\"(max-width: 735px) 100vw, 735px\" \/><\/figure>\n<\/figure>\n\n\n\n<p><\/p>\n\n\n\n<figure class=\"wp-container-8 wp-block-gallery-7 wp-block-gallery has-nested-images columns-default is-cropped\">\n<figure class=\"wp-block-image size-large\"><img width=\"901\" height=\"1516\" data-id=\"21086\"  src=\"https:\/\/vimagazine.com.br\/wp-content\/uploads\/2025\/12\/WhatsApp-Image-2025-12-01-at-21.30.35.jpeg\" alt=\"\" class=\"wp-image-21086\" srcset=\"https:\/\/vimagazine.com.br\/wp-content\/uploads\/2025\/12\/WhatsApp-Image-2025-12-01-at-21.30.35.jpeg 901w, https:\/\/vimagazine.com.br\/wp-content\/uploads\/2025\/12\/WhatsApp-Image-2025-12-01-at-21.30.35-178x300.jpeg 178w, https:\/\/vimagazine.com.br\/wp-content\/uploads\/2025\/12\/WhatsApp-Image-2025-12-01-at-21.30.35-609x1024.jpeg 609w, https:\/\/vimagazine.com.br\/wp-content\/uploads\/2025\/12\/WhatsApp-Image-2025-12-01-at-21.30.35-768x1292.jpeg 768w\" sizes=\"(max-width: 901px) 100vw, 901px\" \/><\/figure>\n\n\n\n<figure class=\"wp-block-image size-large\"><img width=\"911\" height=\"1256\" data-id=\"21077\"  src=\"https:\/\/vimagazine.com.br\/wp-content\/uploads\/2025\/12\/WhatsApp-Image-2025-12-01-at-21.30.34.jpeg\" alt=\"\" class=\"wp-image-21077\" srcset=\"https:\/\/vimagazine.com.br\/wp-content\/uploads\/2025\/12\/WhatsApp-Image-2025-12-01-at-21.30.34.jpeg 911w, https:\/\/vimagazine.com.br\/wp-content\/uploads\/2025\/12\/WhatsApp-Image-2025-12-01-at-21.30.34-218x300.jpeg 218w, https:\/\/vimagazine.com.br\/wp-content\/uploads\/2025\/12\/WhatsApp-Image-2025-12-01-at-21.30.34-743x1024.jpeg 743w, https:\/\/vimagazine.com.br\/wp-content\/uploads\/2025\/12\/WhatsApp-Image-2025-12-01-at-21.30.34-768x1059.jpeg 768w\" sizes=\"(max-width: 911px) 100vw, 911px\" \/><\/figure>\n<\/figure>\n\n\n\n<p><\/p>\n\n\n\n<p class=\"has-medium-font-size\"><strong>O Grande Final <\/strong><\/p>\n\n\n\n<p>A disputa na categoria Teen foi <strong>acirrada<\/strong> e repleta de emo\u00e7\u00e3o. Todas as candidatas demonstraram grande preparo, beleza, postura e personalidade, tornando o resultado ainda mais desafiador para os jurados. Entre nomes fortes vindos de diferentes estados, o <strong>segundo lugar<\/strong> ficou para <strong>Vit\u00f3ria Milit\u00e3o<\/strong>, representante de S\u00e3o Paulo, que encantou o p\u00fablico com sua performance. Em meio a um grupo t\u00e3o talentoso, a conquista de Ana Laura se tornou ainda mais especial: ela foi <strong>coroada Miss Brasil Teen<\/strong> em um momento marcado por brilho, respeito e reconhecimento ao esfor\u00e7o de todas as participantes.<\/p>\n\n\n\n<p><\/p>\n\n\n\n<p><\/p>\n\n\n\n<figure class=\"wp-container-10 wp-block-gallery-9 wp-block-gallery has-nested-images columns-2 is-cropped\">\n<figure class=\"wp-block-image size-large\"><img width=\"1079\" height=\"1498\" data-id=\"21094\"  src=\"https:\/\/vimagazine.com.br\/wp-content\/uploads\/2025\/12\/WhatsApp-Image-2025-12-01-at-21.30.58.jpeg\" alt=\"\" class=\"wp-image-21094\" srcset=\"https:\/\/vimagazine.com.br\/wp-content\/uploads\/2025\/12\/WhatsApp-Image-2025-12-01-at-21.30.58.jpeg 1079w, https:\/\/vimagazine.com.br\/wp-content\/uploads\/2025\/12\/WhatsApp-Image-2025-12-01-at-21.30.58-216x300.jpeg 216w, https:\/\/vimagazine.com.br\/wp-content\/uploads\/2025\/12\/WhatsApp-Image-2025-12-01-at-21.30.58-738x1024.jpeg 738w, https:\/\/vimagazine.com.br\/wp-content\/uploads\/2025\/12\/WhatsApp-Image-2025-12-01-at-21.30.58-768x1066.jpeg 768w, https:\/\/vimagazine.com.br\/wp-content\/uploads\/2025\/12\/WhatsApp-Image-2025-12-01-at-21.30.58-1024x1422.jpeg 1024w\" sizes=\"(max-width: 1079px) 100vw, 1079px\" \/><figcaption>Vencedores 2025  das demais categorias <\/figcaption><\/figure>\n\n\n\n<figure class=\"wp-block-image size-large\"><img width=\"1032\" height=\"1092\" data-id=\"21095\"  src=\"https:\/\/vimagazine.com.br\/wp-content\/uploads\/2025\/12\/WhatsApp-Image-2025-12-01-at-21.30.37.jpeg\" alt=\"\" class=\"wp-image-21095\" srcset=\"https:\/\/vimagazine.com.br\/wp-content\/uploads\/2025\/12\/WhatsApp-Image-2025-12-01-at-21.30.37.jpeg 1032w, https:\/\/vimagazine.com.br\/wp-content\/uploads\/2025\/12\/WhatsApp-Image-2025-12-01-at-21.30.37-284x300.jpeg 284w, https:\/\/vimagazine.com.br\/wp-content\/uploads\/2025\/12\/WhatsApp-Image-2025-12-01-at-21.30.37-968x1024.jpeg 968w, https:\/\/vimagazine.com.br\/wp-content\/uploads\/2025\/12\/WhatsApp-Image-2025-12-01-at-21.30.37-768x813.jpeg 768w, https:\/\/vimagazine.com.br\/wp-content\/uploads\/2025\/12\/WhatsApp-Image-2025-12-01-at-21.30.37-1024x1084.jpeg 1024w\" sizes=\"(max-width: 1032px) 100vw, 1032px\" \/><figcaption>Vit\u00f3ria Milit\u00e3o &#8211; Segundo Lugar<\/figcaption><\/figure>\n\n\n\n<figure class=\"wp-block-image size-large\"><img width=\"637\" height=\"892\" data-id=\"21093\"  src=\"https:\/\/vimagazine.com.br\/wp-content\/uploads\/2025\/12\/FINAL.jpg\" alt=\"\" class=\"wp-image-21093\" srcset=\"https:\/\/vimagazine.com.br\/wp-content\/uploads\/2025\/12\/FINAL.jpg 637w, https:\/\/vimagazine.com.br\/wp-content\/uploads\/2025\/12\/FINAL-214x300.jpg 214w\" sizes=\"(max-width: 637px) 100vw, 637px\" \/><\/figure>\n<\/figure>\n\n\n\n<p><\/p>\n\n\n\n<p><\/p>\n\n\n\n<p class=\"has-text-align-center has-medium-font-size\"><strong>Sobre Ana Laura <\/strong><\/p>\n\n\n\n<p>A jovem tem uma trajet\u00f3ria precoce e consistente no mundo da moda. Com apenas <strong>um ano e meio<\/strong>, Ana Laura participou de seu primeiro desfile. Aos <strong>oito anos<\/strong>, conquistou o t\u00edtulo de <strong>Miss Santa Catarina Mirim<\/strong> e, no mesmo per\u00edodo, passou a integrar a <strong>Vi Model<\/strong>, onde aperfei\u00e7oou sua performance na passarela e se destacou em eventos de grande porte em cidades como <strong>S\u00e3o Paulo<\/strong>, <strong>Balne\u00e1rio Cambori\u00fa<\/strong>., detre outras.<\/p>\n\n\n\n<p>Hoje, aos <strong>17 anos<\/strong>, al\u00e9m da carreira de modelo, Ana Laura atua na \u00e1rea da <strong>educa\u00e7\u00e3o<\/strong> e desenvolve um <strong>projeto social voltado ao ensino infantil<\/strong>. Determinada e dedicada, ela se preparou intensamente para o Miss Universe Beauty 2025 \u2014 e sua vit\u00f3ria confirma o talento e a paix\u00e3o que carrega pela passarela.<\/p>\n\n\n\n<p>Com sua performance segura e inspiradora, Ana Laura Atshuck agora representa n\u00e3o apenas Santa Catarina, mas todo o Brasil na categoria Teen, levando consigo a for\u00e7a de sua hist\u00f3ria, a riqueza cultural de Santa Catarina e a forte representa\u00e7\u00e3o dos tropeiros, al\u00e9m e claro do brilho de quem nasceu para desfilar.<\/p>\n\n\n\n<p><\/p>\n\n\n\n<figure class=\"wp-container-12 wp-block-gallery-11 wp-block-gallery has-nested-images columns-default is-cropped\">\n<figure class=\"wp-block-image\"><img width=\"926\" height=\"1348\" data-id=\"21107\"  src=\"https:\/\/vimagazine.com.br\/wp-content\/uploads\/2025\/12\/WhatsApp-Image-2025-12-01-at-23.20.27.jpeg\" alt=\"\" class=\"wp-image-21107\" srcset=\"https:\/\/vimagazine.com.br\/wp-content\/uploads\/2025\/12\/WhatsApp-Image-2025-12-01-at-23.20.27.jpeg 926w, https:\/\/vimagazine.com.br\/wp-content\/uploads\/2025\/12\/WhatsApp-Image-2025-12-01-at-23.20.27-206x300.jpeg 206w, https:\/\/vimagazine.com.br\/wp-content\/uploads\/2025\/12\/WhatsApp-Image-2025-12-01-at-23.20.27-703x1024.jpeg 703w, https:\/\/vimagazine.com.br\/wp-content\/uploads\/2025\/12\/WhatsApp-Image-2025-12-01-at-23.20.27-768x1118.jpeg 768w\" sizes=\"(max-width: 926px) 100vw, 926px\" \/><\/figure>\n\n\n\n<figure class=\"wp-block-image size-large\"><img width=\"778\" height=\"868\" data-id=\"21106\"  src=\"https:\/\/vimagazine.com.br\/wp-content\/uploads\/2025\/12\/WhatsApp-Image-2025-12-01-at-23.20.26.jpeg\" alt=\"\" class=\"wp-image-21106\" srcset=\"https:\/\/vimagazine.com.br\/wp-content\/uploads\/2025\/12\/WhatsApp-Image-2025-12-01-at-23.20.26.jpeg 778w, https:\/\/vimagazine.com.br\/wp-content\/uploads\/2025\/12\/WhatsApp-Image-2025-12-01-at-23.20.26-269x300.jpeg 269w, https:\/\/vimagazine.com.br\/wp-content\/uploads\/2025\/12\/WhatsApp-Image-2025-12-01-at-23.20.26-768x857.jpeg 768w\" sizes=\"(max-width: 778px) 100vw, 778px\" \/><\/figure>\n<\/figure>\n\n\n\n<p><\/p>\n\n\n\n<p><\/p>\n\n\n\n<p><\/p>\n\n\n\n<p class=\"has-text-align-center has-medium-font-size\"><strong>Sobre o Miss Universe Beauty 2025<\/strong><\/p>\n\n\n\n<p class=\"has-text-align-center\"><\/p>\n\n\n\n<p>O concurso \u00e9 organizado pela <strong>Kabeto Produ\u00e7\u00f5es<\/strong>, liderado pelo produtor e coordenador <strong>Kabeto<\/strong>, que conduz o Miss Universe Brasil com categorias para todas as idades: <strong>Infantil, Teen e Adulta<\/strong>, promovendo inclus\u00e3o, diversidade e oportunidades para novos talentos do pa\u00eds.<\/p>\n\n\n\n<p><\/p>\n\n\n\n<figure class=\"wp-block-image aligncenter size-large is-resized\"><img src=\"https:\/\/vimagazine.com.br\/wp-content\/uploads\/2025\/12\/WhatsApp-Image-2025-12-01-at-21.30.38-781x1024.jpeg\" alt=\"\" class=\"wp-image-21076\" width=\"391\" height=\"512\" srcset=\"https:\/\/vimagazine.com.br\/wp-content\/uploads\/2025\/12\/WhatsApp-Image-2025-12-01-at-21.30.38-781x1024.jpeg 781w, https:\/\/vimagazine.com.br\/wp-content\/uploads\/2025\/12\/WhatsApp-Image-2025-12-01-at-21.30.38-229x300.jpeg 229w, https:\/\/vimagazine.com.br\/wp-content\/uploads\/2025\/12\/WhatsApp-Image-2025-12-01-at-21.30.38-768x1007.jpeg 768w, https:\/\/vimagazine.com.br\/wp-content\/uploads\/2025\/12\/WhatsApp-Image-2025-12-01-at-21.30.38-1024x1343.jpeg 1024w, https:\/\/vimagazine.com.br\/wp-content\/uploads\/2025\/12\/WhatsApp-Image-2025-12-01-at-21.30.38.jpeg 1080w\" sizes=\"(max-width: 391px) 100vw, 391px\" \/><\/figure>\n\n\n\n<p>Fotos: Divulga\u00e7\u00e3o<\/p>\n","protected":false},"excerpt":{"rendered":"<p>Evento realizado em Balne\u00e1rio Cambori\u00fa celebrou talentos de v\u00e1rios estados e Ana Laura homenageou a&#8230;<\/p>\n","protected":false},"author":1,"featured_media":21117,"comment_status":"closed","ping_status":"open","sticky":false,"template":"","format":"standard","meta":{"om_disable_all_campaigns":false,"_monsterinsights_skip_tracking":false,"_monsterinsights_sitenote_active":false,"_monsterinsights_sitenote_note":"","_monsterinsights_sitenote_category":0,"spay_email":""},"categories":[26],"tags":[],"jetpack_featured_media_url":"https:\/\/vimagazine.com.br\/wp-content\/uploads\/2025\/12\/WhatsApp-Image-2025-12-01-at-09.39.49-2-1.jpeg","_links":{"self":[{"href":"https:\/\/vimagazine.com.br\/index.php?rest_route=\/wp\/v2\/posts\/21075"}],"collection":[{"href":"https:\/\/vimagazine.com.br\/index.php?rest_route=\/wp\/v2\/posts"}],"about":[{"href":"https:\/\/vimagazine.com.br\/index.php?rest_route=\/wp\/v2\/types\/post"}],"author":[{"embeddable":true,"href":"https:\/\/vimagazine.com.br\/index.php?rest_route=\/wp\/v2\/users\/1"}],"replies":[{"embeddable":true,"href":"https:\/\/vimagazine.com.br\/index.php?rest_route=%2Fwp%2Fv2%2Fcomments&post=21075"}],"version-history":[{"count":2,"href":"https:\/\/vimagazine.com.br\/index.php?rest_route=\/wp\/v2\/posts\/21075\/revisions"}],"predecessor-version":[{"id":21118,"href":"https:\/\/vimagazine.com.br\/index.php?rest_route=\/wp\/v2\/posts\/21075\/revisions\/21118"}],"wp:featuredmedia":[{"embeddable":true,"href":"https:\/\/vimagazine.com.br\/index.php?rest_route=\/wp\/v2\/media\/21117"}],"wp:attachment":[{"href":"https:\/\/vimagazine.com.br\/index.php?rest_route=%2Fwp%2Fv2%2Fmedia&parent=21075"}],"wp:term":[{"taxonomy":"category","embeddable":true,"href":"https:\/\/vimagazine.com.br\/index.php?rest_route=%2Fwp%2Fv2%2Fcategories&post=21075"},{"taxonomy":"post_tag","embeddable":true,"href":"https:\/\/vimagazine.com.br\/index.php?rest_route=%2Fwp%2Fv2%2Ftags&post=21075"}],"curies":[{"name":"wp","href":"https:\/\/api.w.org\/{rel}","templated":true}]}}