{"id":21119,"date":"2025-12-02T09:40:28","date_gmt":"2025-12-02T12:40:28","guid":{"rendered":"https:\/\/vimagazine.com.br\/?p=21119"},"modified":"2025-12-02T09:41:27","modified_gmt":"2025-12-02T12:41:27","slug":"felippe-prates-participa-de-encontro-com-emmanuel-macron-em-missao-empresarial-na-franca","status":"publish","type":"post","link":"https:\/\/vimagazine.com.br\/?p=21119","title":{"rendered":"FELIPPE PRATES PARTICIPA DE ENCONTRO COM EMMANUEL MACRON EM MISS\u00c3O EMPRESARIAL NA FRAN\u00c7A"},"content":{"rendered":"\n<p><\/p>\n\n\n\n<p><\/p>\n\n\n\n<p class=\"has-medium-font-size\"><strong>CEO da Novalogic integrou comitiva do LIDE em debate sobre o acordo Mercosul\u2013Uni\u00e3o Europeia<\/strong><\/p>\n\n\n\n<p>O CEO da Novalogic, Felippe Prates, participou da miss\u00e3o empresarial brasileira que se reuniu com o presidente da Fran\u00e7a, Emmanuel Macron, durante f\u00f3rum promovido pelo Grupo LIDE, realizado em Paris. O encontro reuniu lideran\u00e7as empresariais e pol\u00edticas para discutir avan\u00e7os nas negocia\u00e7\u00f5es do acordo entre o Mercosul e a Uni\u00e3o Europeia, considerado um dos mais relevantes para o com\u00e9rcio internacional brasileiro nas \u00faltimas d\u00e9cadas.<\/p>\n\n\n\n<p>A comitiva contou tamb\u00e9m com a presen\u00e7a do Presidente do LIDE SC e RS, Delton Batista, e do Presidente do LIDE Global, Jo\u00e3o Doria, que acompanharam as agendas voltadas ao fortalecimento das rela\u00e7\u00f5es econ\u00f4micas entre Am\u00e9rica do Sul e Europa.<\/p>\n\n\n\n<p>Segundo Prates, o encontro refor\u00e7ou o alinhamento pol\u00edtico e empresarial em torno da necessidade de conclus\u00e3o do acordo.<\/p>\n\n\n\n<p>\u201cVimos aqui a uni\u00e3o de esfor\u00e7os para a assinatura do acordo. Como representantes de Santa Catarina e do Brasil, estamos dispostos a colaborar e a aproximar ainda mais as duas na\u00e7\u00f5es, ampliando oportunidades para nossos setores produtivos\u201d, afirmou Prates.<\/p>\n\n\n\n<p>Jo\u00e3o Doria destacou o potencial impacto econ\u00f4mico do tratado para diversos segmentos.<\/p>\n\n\n\n<p>\u201cEstou confiante de que o acordo possa ser finalizado e assinado at\u00e9 20 de dezembro. \u00c9 um novo horizonte n\u00e3o s\u00f3 para o agro brasileiro, mas para exportadores de commodities, servi\u00e7os e tecnologia, com perspectiva de ampliar substancialmente os neg\u00f3cios\u201d, declarou.<\/p>\n\n\n\n<p>Negociado h\u00e1 mais de duas d\u00e9cadas, o acordo entre Mercosul e Uni\u00e3o Europeia cria uma das maiores \u00e1reas de livre com\u00e9rcio do mundo, envolvendo mais de 700 milh\u00f5es de consumidores. O tratado prev\u00ea avan\u00e7os em temas como di\u00e1logo pol\u00edtico, alinhamento regulat\u00f3rio, facilita\u00e7\u00e3o de investimentos, abertura de mercados, coopera\u00e7\u00e3o e pr\u00e1ticas de com\u00e9rcio sustent\u00e1vel.<\/p>\n\n\n\n<p>A Uni\u00e3o Europeia \u00e9 atualmente o segundo maior parceiro comercial do Mercosul, respondendo por bilh\u00f5es em trocas anuais, especialmente nos setores industrial, agropecu\u00e1rio, energ\u00e9tico e de tecnologia.<\/p>\n\n\n\n<p class=\"has-medium-font-size\"><strong>Sobre a Novalogic<\/strong><\/p>\n\n\n\n<p><br>Com vis\u00e3o global e foco em alta performance, a Novalogic se consolida como um dos principais players latino-americanos em infraestrutura de miss\u00e3o cr\u00edtica, reconhecida por sua excel\u00eancia t\u00e9cnica, sustentabilidade e capacidade de operar ambientes de alta complexidade. Os pilares de inova\u00e7\u00e3o, efici\u00eancia energ\u00e9tica e confiabilidade impulsionam o crescimento acelerado do grupo, que em 2026 completa 20 anos de atua\u00e7\u00e3o.<\/p>\n","protected":false},"excerpt":{"rendered":"<p>CEO da Novalogic integrou comitiva do LIDE em debate sobre o acordo Mercosul\u2013Uni\u00e3o Europeia O&#8230;<\/p>\n","protected":false},"author":1,"featured_media":21122,"comment_status":"closed","ping_status":"open","sticky":false,"template":"","format":"standard","meta":{"om_disable_all_campaigns":false,"_monsterinsights_skip_tracking":false,"_monsterinsights_sitenote_active":false,"_monsterinsights_sitenote_note":"","_monsterinsights_sitenote_category":0,"spay_email":""},"categories":[27],"tags":[],"jetpack_featured_media_url":"https:\/\/vimagazine.com.br\/wp-content\/uploads\/2025\/12\/WhatsApp-Image-2025-12-02-at-09.26.27-1.jpeg","_links":{"self":[{"href":"https:\/\/vimagazine.com.br\/index.php?rest_route=\/wp\/v2\/posts\/21119"}],"collection":[{"href":"https:\/\/vimagazine.com.br\/index.php?rest_route=\/wp\/v2\/posts"}],"about":[{"href":"https:\/\/vimagazine.com.br\/index.php?rest_route=\/wp\/v2\/types\/post"}],"author":[{"embeddable":true,"href":"https:\/\/vimagazine.com.br\/index.php?rest_route=\/wp\/v2\/users\/1"}],"replies":[{"embeddable":true,"href":"https:\/\/vimagazine.com.br\/index.php?rest_route=%2Fwp%2Fv2%2Fcomments&post=21119"}],"version-history":[{"count":1,"href":"https:\/\/vimagazine.com.br\/index.php?rest_route=\/wp\/v2\/posts\/21119\/revisions"}],"predecessor-version":[{"id":21121,"href":"https:\/\/vimagazine.com.br\/index.php?rest_route=\/wp\/v2\/posts\/21119\/revisions\/21121"}],"wp:featuredmedia":[{"embeddable":true,"href":"https:\/\/vimagazine.com.br\/index.php?rest_route=\/wp\/v2\/media\/21122"}],"wp:attachment":[{"href":"https:\/\/vimagazine.com.br\/index.php?rest_route=%2Fwp%2Fv2%2Fmedia&parent=21119"}],"wp:term":[{"taxonomy":"category","embeddable":true,"href":"https:\/\/vimagazine.com.br\/index.php?rest_route=%2Fwp%2Fv2%2Fcategories&post=21119"},{"taxonomy":"post_tag","embeddable":true,"href":"https:\/\/vimagazine.com.br\/index.php?rest_route=%2Fwp%2Fv2%2Ftags&post=21119"}],"curies":[{"name":"wp","href":"https:\/\/api.w.org\/{rel}","templated":true}]}}