{"id":21123,"date":"2025-12-02T14:54:29","date_gmt":"2025-12-02T17:54:29","guid":{"rendered":"https:\/\/vimagazine.com.br\/?p=21123"},"modified":"2025-12-02T14:57:30","modified_gmt":"2025-12-02T17:57:30","slug":"fundacao-justica-solidaria-thiago-de-moraes-e-coautoras-anunciam-lancamento-do-livro-a-primavera-das-mulheres","status":"publish","type":"post","link":"https:\/\/vimagazine.com.br\/?p=21123","title":{"rendered":"Funda\u00e7\u00e3o Justi\u00e7a Solid\u00e1ria, Thiago de Moraes e coautoras  anunciam Lan\u00e7amento do livro A Primavera das Mulheres"},"content":{"rendered":"\n<p>Acontecer\u00e1 dia 10 de dezembro na Livraria da Vila Morumbi Shopping&nbsp; o lan\u00e7amento da obra&nbsp;<em>A&nbsp;Primavera das Mulheres<\/em>, organizada e coassinada pelo jurista e escritor&nbsp;<strong>Thiago de Moraes<\/strong>, ao lado de 19<strong>&nbsp;mulheres<\/strong>&nbsp;que relatam, por meio de cr\u00f4nicas sens\u00edveis e impactantes, viv\u00eancias marcantes de suas trajet\u00f3rias.<\/p>\n\n\n\n<p>O livro nasce com o prop\u00f3sito de&nbsp;<strong>fortalecer a luta pela igualdade de g\u00eanero<\/strong>, pelo respeito e pela cidadania, inspirando leitores a reconhecer a for\u00e7a e a pluralidade da experi\u00eancia feminina.<\/p>\n\n\n\n<p>A colet\u00e2nea refor\u00e7a o compromisso da&nbsp;<strong>Funda\u00e7\u00e3o Assistencial Justi\u00e7a Solid\u00e1ria<\/strong>&nbsp;\u2014 respons\u00e1vel pela realiza\u00e7\u00e3o do projeto \u2014 com a valoriza\u00e7\u00e3o e a defesa das mulheres, especialmente daquelas em situa\u00e7\u00e3o de vulnerabilidade.<\/p>\n\n\n\n<p>A obra apresenta pref\u00e1cio da&nbsp;<strong>Profa. Dra. Eliana Passarelli<\/strong>, refer\u00eancia nacional na prote\u00e7\u00e3o e defesa dos direitos das mulheres, e conta com participa\u00e7\u00e3o especial da&nbsp;<strong>madrinha de honra, Claudia M\u00e9tne<\/strong>, influenciadora e personalidade atuante em causas sociais e culturais.<\/p>\n\n\n\n<p><strong>Coautoras<\/strong><\/p>\n\n\n\n<p>Ana Bittar, Andrea Diniz, Anelise Taleb, Claudia M\u00e9tne, Erika Coimbra, Gisele Maeda Loricchio, Luciane Sippert, Luh Moura, Lurdes Dresch, Maria Emilia Genovesi, Mona Samara, Monica Azambuja, Patricia Nakahodo, Priscila Paula da Silva Falkowski Montagna, Rosilene Bejarano, Sabrinna Zanini, Suzy Ayres e Ta\u00eds Lima.<\/p>\n\n\n\n<p><strong>Sobre o livro<\/strong><\/p>\n\n\n\n<p>Publicado pela&nbsp;<strong>Editora Justi\u00e7a Solid\u00e1ria\/<\/strong>,&nbsp; A&nbsp;<em>Primavera das Mulheres<\/em>&nbsp;apresenta uma reflex\u00e3o contempor\u00e2nea e profunda sobre o feminino em suas m\u00faltiplas dimens\u00f5es: a mulher como for\u00e7a criadora, consci\u00eancia social e figura central na constru\u00e7\u00e3o de uma sociedade \u00e9tica, plural e igualit\u00e1ria.<\/p>\n\n\n\n<p>Com sensibilidade e rigor intelectual,&nbsp;<strong>Thiago de Moraes<\/strong>&nbsp;conduz uma obra que ultrapassa o debate convencional, oferecendo ao p\u00fablico um conjunto de narrativas que revelam coragem, resili\u00eancia e o desejo coletivo de transforma\u00e7\u00e3o.<\/p>\n\n\n\n<p><strong>Impacto e prop\u00f3sito<\/strong><\/p>\n\n\n\n<p>Mais do que um livro, A Primavera das Malheres&nbsp;\u00e9 um&nbsp;<strong>manifesto liter\u00e1rio e social<\/strong>, que ilumina hist\u00f3rias reais e promove reflex\u00e3o sobre o papel integral da mulher na sociedade contempor\u00e2nea. A obra incentiva o di\u00e1logo, a conscientiza\u00e7\u00e3o e a continuidade da luta por equidade, justi\u00e7a e respeito.<\/p>\n\n\n\n<p><strong>Servi\u00e7o<\/strong><\/p>\n\n\n\n<p><strong>Data:<\/strong>&nbsp;10\/12<br><strong>Hor\u00e1rio:<\/strong>&nbsp;19h\u201321h<br><strong>Local:<\/strong>&nbsp;Livraria da Vila \u2013 Morumbi<br><strong>Editora:<\/strong>&nbsp;Justi\u00e7a Solid\u00e1ria<br><strong>Organizador:<\/strong>&nbsp;Thiago de Moraes<\/p>\n\n\n\n<p><strong>T\u00edtulo:&nbsp;<\/strong><em>A<\/em>&nbsp;<em>Primavera das Mulheres<\/em><\/p>\n","protected":false},"excerpt":{"rendered":"<p>Acontecer\u00e1 dia 10 de dezembro na Livraria da Vila Morumbi Shopping&nbsp; o lan\u00e7amento da obra&nbsp;A&nbsp;Primavera&#8230;<\/p>\n","protected":false},"author":19,"featured_media":21127,"comment_status":"closed","ping_status":"open","sticky":false,"template":"","format":"standard","meta":{"om_disable_all_campaigns":false,"_monsterinsights_skip_tracking":false,"_monsterinsights_sitenote_active":false,"_monsterinsights_sitenote_note":"","_monsterinsights_sitenote_category":0,"spay_email":""},"categories":[1],"tags":[],"jetpack_featured_media_url":"https:\/\/vimagazine.com.br\/wp-content\/uploads\/2025\/12\/10-12-morumbi-1-1.jpg","_links":{"self":[{"href":"https:\/\/vimagazine.com.br\/index.php?rest_route=\/wp\/v2\/posts\/21123"}],"collection":[{"href":"https:\/\/vimagazine.com.br\/index.php?rest_route=\/wp\/v2\/posts"}],"about":[{"href":"https:\/\/vimagazine.com.br\/index.php?rest_route=\/wp\/v2\/types\/post"}],"author":[{"embeddable":true,"href":"https:\/\/vimagazine.com.br\/index.php?rest_route=\/wp\/v2\/users\/19"}],"replies":[{"embeddable":true,"href":"https:\/\/vimagazine.com.br\/index.php?rest_route=%2Fwp%2Fv2%2Fcomments&post=21123"}],"version-history":[{"count":2,"href":"https:\/\/vimagazine.com.br\/index.php?rest_route=\/wp\/v2\/posts\/21123\/revisions"}],"predecessor-version":[{"id":21128,"href":"https:\/\/vimagazine.com.br\/index.php?rest_route=\/wp\/v2\/posts\/21123\/revisions\/21128"}],"wp:featuredmedia":[{"embeddable":true,"href":"https:\/\/vimagazine.com.br\/index.php?rest_route=\/wp\/v2\/media\/21127"}],"wp:attachment":[{"href":"https:\/\/vimagazine.com.br\/index.php?rest_route=%2Fwp%2Fv2%2Fmedia&parent=21123"}],"wp:term":[{"taxonomy":"category","embeddable":true,"href":"https:\/\/vimagazine.com.br\/index.php?rest_route=%2Fwp%2Fv2%2Fcategories&post=21123"},{"taxonomy":"post_tag","embeddable":true,"href":"https:\/\/vimagazine.com.br\/index.php?rest_route=%2Fwp%2Fv2%2Ftags&post=21123"}],"curies":[{"name":"wp","href":"https:\/\/api.w.org\/{rel}","templated":true}]}}