{"id":21133,"date":"2025-12-02T16:39:37","date_gmt":"2025-12-02T19:39:37","guid":{"rendered":"https:\/\/vimagazine.com.br\/?p=21133"},"modified":"2025-12-02T16:41:50","modified_gmt":"2025-12-02T19:41:50","slug":"virada-criativa-parque-da-cidade-recebe-shows-nacionais-de-os-travessos-e-banda-voraz-neste-final-de-semana","status":"publish","type":"post","link":"https:\/\/vimagazine.com.br\/?p=21133","title":{"rendered":"Virada Criativa: Parque da Cidade recebe shows nacionais de Os Travessos e Banda Voraz neste final de semana"},"content":{"rendered":"\n<figure class=\"wp-block-image size-full\"><img width=\"862\" height=\"453\" src=\"https:\/\/vimagazine.com.br\/wp-content\/uploads\/2025\/12\/WhatsApp-Image-2025-12-02-at-13.22.23.jpeg\" alt=\"\" class=\"wp-image-21134\" srcset=\"https:\/\/vimagazine.com.br\/wp-content\/uploads\/2025\/12\/WhatsApp-Image-2025-12-02-at-13.22.23.jpeg 862w, https:\/\/vimagazine.com.br\/wp-content\/uploads\/2025\/12\/WhatsApp-Image-2025-12-02-at-13.22.23-300x158.jpeg 300w, https:\/\/vimagazine.com.br\/wp-content\/uploads\/2025\/12\/WhatsApp-Image-2025-12-02-at-13.22.23-768x404.jpeg 768w\" sizes=\"(max-width: 862px) 100vw, 862px\" \/><\/figure>\n\n\n\n<p><em>Programa\u00e7\u00e3o gratuita concentra grandes atra\u00e7\u00f5es, com mais de 10 horas de m\u00fasica, gastronomia, feira de artes e cinema.<\/em><\/p>\n\n\n\n<p>A 1\u00aa Virada Criativa de Joinville chega ao seu momento mais aguardado neste fim de semana. Ap\u00f3s movimentar diferentes bairros na estreia, o evento concentra suas energias no Parque da Cidade, no bairro Guanabara, para dois dias de intensa celebra\u00e7\u00e3o cultural. O destaque fica por conta deste s\u00e1bado (06), que receber\u00e1 os shows nacionais da Banda Voraz e do grupo de pagode Os Travessos, prometendo atrair grande p\u00fablico.<\/p>\n\n\n\n<p>Toda a programa\u00e7\u00e3o \u00e9 gratuita e transforma o local em um complexo de lazer a c\u00e9u aberto. Para garantir a experi\u00eancia completa, o evento contar\u00e1 com Food Trucks e a presen\u00e7a da Feira Jardim Criativo, oferecendo o melhor do artesanato e da arte local para os visitantes.<\/p>\n\n\n\n<p>No s\u00e1bado, as atividades come\u00e7am \u00e0s 15h e seguem at\u00e9 \u00e0s 22h, oferecendo muito mais do que m\u00fasica: o p\u00fablico poder\u00e1 curtir sess\u00f5es de cinema com curtas e document\u00e1rios, atra\u00e7\u00f5es circenses e participar de uma oficina de &#8220;Recorte e Colagem&#8221; com a artista visual Regina Marcis.<\/p>\n\n\n\n<p><\/p>\n\n\n\n<p>M\u00fasica para todos os gostos<\/p>\n\n\n\n<p>O palco musical do s\u00e1bado ser\u00e1 uma vitrine da diversidade, come\u00e7ando com talentos locais e culminando nos grandes shows da noite. A sequ\u00eancia inclui Lucas Mendes, Banda Bordeline, o forr\u00f3 do Grupo Forr\u00f3steiros, Mel Plens e banda, e a Banda Terra de N\u00f3s Mesmos.<\/p>\n\n\n\n<p><\/p>\n\n\n\n<p>Domingo cultural e familiar<\/p>\n\n\n\n<p>No domingo (07), a programa\u00e7\u00e3o come\u00e7a mais cedo, das 9h \u00e0s 12h, ideal para as fam\u00edlias aproveitarem a manh\u00e3 no parque. O tom ser\u00e1 dado pela Orquestra e Coro Belas Artes e pela Cia de Teatro Arte de C\u00e1, al\u00e9m de apresenta\u00e7\u00f5es intimistas de Fio Jos\u00e9 &amp; Alan Pereira, Osvaldo Junior &amp; Vict\u00f3ria e Gustavo Huller.<\/p>\n\n\n\n<p>O projeto \u00e9 uma realiza\u00e7\u00e3o da Ren\u00ea Som e Luz e conta com o apoio dos incentivadores Supermercados Imperatriz, Condor, Tigre, Copapel, Grampel, Karsten e Siedschlag Embalagens, viabilizado pelo PIC \u2013 Programa de Incentivo \u00e0 Cultura, da Funda\u00e7\u00e3o Catarinense de Cultura e do Governo de Santa Catarina.<\/p>\n\n\n\n<p>SERVI\u00c7O: PROGRAMA\u00c7\u00c3O COMPLETA<\/p>\n\n\n\n<p>LOCAL: Parque da Cidade ENDERE\u00c7O: Rua Graciosa, 1255 \u2013 Guanabara, Joinville\/SC<\/p>\n\n\n\n<p>ENTRADA: Gratuita<\/p>\n\n\n\n<p>INSTAGRAM: @viradacriativa<\/p>\n\n\n\n<p>S\u00c1BADO (06\/12) \u2013 Das 15h \u00e0s 22h<\/p>\n\n\n\n<p>Atividades e Lazer:<\/p>\n\n\n\n<p>Feira Jardim Criativo (Arte e Artesanato)<\/p>\n\n\n\n<p>Food Trucks<\/p>\n\n\n\n<p>Sess\u00e3o de Cinema (Curtas e Document\u00e1rios)<\/p>\n\n\n\n<p>Oficina de &#8220;Recorte e Colagem&#8221; com Regina Marcis<\/p>\n\n\n\n<p>Atra\u00e7\u00e3o Circense<\/p>\n\n\n\n<p>Palco Principal<\/p>\n\n\n\n<p>Lucas Mendes<\/p>\n\n\n\n<p>Banda Bordeline<\/p>\n\n\n\n<p>Grupo Forr\u00f3steiros<\/p>\n\n\n\n<p>Mel Plens e banda<\/p>\n\n\n\n<p>Banda Terra de N\u00f3s Mesmos<\/p>\n\n\n\n<p>Banda Voraz (Show Nacional)<\/p>\n\n\n\n<p>Os Travessos (Show Nacional)<\/p>\n\n\n\n<p>DOMINGO (07\/12) \u2013 Das 9h \u00e0s 12h<\/p>\n\n\n\n<p>Palco Principal:<\/p>\n\n\n\n<p>Orquestra e Coro Belas Artes<\/p>\n\n\n\n<p>Cia de Teatro Arte de C\u00e1<\/p>\n\n\n\n<p>Fio Jos\u00e9 e Alan Pereira<\/p>\n\n\n\n<p>Osvaldo Junior e Vict\u00f3ria<\/p>\n\n\n\n<p>Gustavo Huller<\/p>\n","protected":false},"excerpt":{"rendered":"<p>Programa\u00e7\u00e3o gratuita concentra grandes atra\u00e7\u00f5es, com mais de 10 horas de m\u00fasica, gastronomia, feira de&#8230;<\/p>\n","protected":false},"author":20,"featured_media":0,"comment_status":"closed","ping_status":"open","sticky":false,"template":"","format":"standard","meta":{"om_disable_all_campaigns":false,"_monsterinsights_skip_tracking":false,"_monsterinsights_sitenote_active":false,"_monsterinsights_sitenote_note":"","_monsterinsights_sitenote_category":0,"spay_email":""},"categories":[1],"tags":[],"jetpack_featured_media_url":"","_links":{"self":[{"href":"https:\/\/vimagazine.com.br\/index.php?rest_route=\/wp\/v2\/posts\/21133"}],"collection":[{"href":"https:\/\/vimagazine.com.br\/index.php?rest_route=\/wp\/v2\/posts"}],"about":[{"href":"https:\/\/vimagazine.com.br\/index.php?rest_route=\/wp\/v2\/types\/post"}],"author":[{"embeddable":true,"href":"https:\/\/vimagazine.com.br\/index.php?rest_route=\/wp\/v2\/users\/20"}],"replies":[{"embeddable":true,"href":"https:\/\/vimagazine.com.br\/index.php?rest_route=%2Fwp%2Fv2%2Fcomments&post=21133"}],"version-history":[{"count":2,"href":"https:\/\/vimagazine.com.br\/index.php?rest_route=\/wp\/v2\/posts\/21133\/revisions"}],"predecessor-version":[{"id":21136,"href":"https:\/\/vimagazine.com.br\/index.php?rest_route=\/wp\/v2\/posts\/21133\/revisions\/21136"}],"wp:attachment":[{"href":"https:\/\/vimagazine.com.br\/index.php?rest_route=%2Fwp%2Fv2%2Fmedia&parent=21133"}],"wp:term":[{"taxonomy":"category","embeddable":true,"href":"https:\/\/vimagazine.com.br\/index.php?rest_route=%2Fwp%2Fv2%2Fcategories&post=21133"},{"taxonomy":"post_tag","embeddable":true,"href":"https:\/\/vimagazine.com.br\/index.php?rest_route=%2Fwp%2Fv2%2Ftags&post=21133"}],"curies":[{"name":"wp","href":"https:\/\/api.w.org\/{rel}","templated":true}]}}