{"id":21142,"date":"2025-12-03T19:25:56","date_gmt":"2025-12-03T22:25:56","guid":{"rendered":"https:\/\/vimagazine.com.br\/?p=21142"},"modified":"2025-12-04T13:41:38","modified_gmt":"2025-12-04T16:41:38","slug":"bruna-ferreira-profissional-de-estetica-cuidar-da-pele-e-muito-mais-do-que-aplicar-tecnicas","status":"publish","type":"post","link":"https:\/\/vimagazine.com.br\/?p=21142","title":{"rendered":"Bruna Ferreira profissional de est\u00e9tica cuidar da pele \u00e9 muito mais do que aplicar t\u00e9cnicas."},"content":{"rendered":"\n<p class=\"has-text-align-center\"><strong>Profissional de Est\u00e9tica com 19 anos de experi\u00eancia aposta na ci\u00eancia e no acolhimento para transformar a jornada de cuidados da pele<\/strong><\/p>\n\n\n\n<p class=\"has-text-align-center\">Com quase duas d\u00e9cadas de atua\u00e7\u00e3o no mercado da est\u00e9tica, Bruna Ferreira se consolidou como uma profissional que une t\u00e9cnica, sensibilidade e um olhar profundamente humano sobre o cuidado.<\/p>\n\n\n\n<p class=\"has-text-align-center\">Formada em Est\u00e9tica desde 2006, ela construiu uma trajet\u00f3ria marcada pela evolu\u00e7\u00e3o constante e por um prop\u00f3sito claro: promover bem-estar real e elevar a autoestima de cada cliente que passa por suas m\u00e3os.<\/p>\n\n\n\n<p class=\"has-text-align-center\">Desde o in\u00edcio da carreira, Bruna esteve inserida em diferentes ambientes cl\u00ednicos e de est\u00e9tica, o que lhe permitiu vivenciar m\u00faltiplas demandas e aprofundar conhecimentos.<\/p>\n\n\n\n<p class=\"has-text-align-center\">Ao longo dos anos, aperfei\u00e7oou protocolos pr\u00f3prios, investiu em cursos e especializa\u00e7\u00f5es e desenvolveu um m\u00e9todo de atendimento voltado n\u00e3o apenas ao resultado est\u00e9tico, mas \u00e0 experi\u00eancia completa do cliente.<br>\u201cSempre acreditei que cuidar da pele \u00e9 muito mais do que aplicar t\u00e9cnicas.<\/p>\n\n\n\n<p class=\"has-text-align-center\">\u00c9 sobre acolher, entender a hist\u00f3ria e as necessidades de cada pessoa\u201d, afirma.<br>Esse olhar individualizado se tornou sua marca registrada.<\/p>\n\n\n\n<p class=\"has-text-align-center\">Cada sess\u00e3o \u00e9 planejada a partir de uma avalia\u00e7\u00e3o minuciosa, seguida por um acompanhamento pr\u00f3ximo no p\u00f3s-procedimento \u2014 algo que fortalece o v\u00ednculo de confian\u00e7a e transforma atendimento em relacionamento.<\/p>\n\n\n\n<p class=\"has-text-align-center\">N\u00e3o por acaso, muitas clientes se tornaram amigas ao longo dessa jornada.<br>Evolu\u00e7\u00e3o constante e compromisso com a ci\u00eancia<br>Em busca de ampliar ainda mais suas possibilidades na \u00e1rea da sa\u00fade est\u00e9tica, Bruna Ferreira deu um novo passo em sua forma\u00e7\u00e3o e atualmente cursa Biomedicina, refor\u00e7ando seu compromisso com o conhecimento cient\u00edfico e com tratamentos cada vez mais modernos e seguros.<\/p>\n\n\n\n<figure class=\"wp-block-image aligncenter\"><img src=\"https:\/\/viversantacatarina.com.br\/wp-content\/uploads\/2025\/12\/WhatsApp-Image-2025-12-03-at-08.44.12-1-138x300.jpeg\" alt=\"\" class=\"wp-image-16678\"\/><\/figure>\n\n\n\n<p class=\"has-text-align-center\">\u201cMeu objetivo \u00e9 unir experi\u00eancia, ci\u00eancia e cuidado humanizado.<\/p>\n\n\n\n<p class=\"has-text-align-center\">Quero entregar resultados verdadeiros, com responsabilidade e com a delicadeza que cada cliente merece\u201d, explica.<br>A combina\u00e7\u00e3o entre t\u00e9cnica, estudo cont\u00ednuo e acolhimento faz de Bruna uma refer\u00eancia na \u00e1rea \u2014 uma profissional que compreende que est\u00e9tica \u00e9, acima de tudo, uma ferramenta poderosa de autoestima e transforma\u00e7\u00e3o pessoal.<br>Beleza que transforma<\/p>\n\n\n\n<p class=\"has-text-align-center\">Com uma trajet\u00f3ria s\u00f3lida e em constante evolu\u00e7\u00e3o, Bruna Ferreira segue construindo um trabalho que vai al\u00e9m do visual. Seu foco \u00e9 proporcionar bem-estar integral, estimular a confian\u00e7a e fazer com que cada cliente se sinta valorizado, respeitado e cuidado.<\/p>\n\n\n\n<p class=\"has-text-align-center\">Em um mercado que evolui rapidamente, ela se destaca justamente por equilibrar inova\u00e7\u00e3o com sensibilidade humana \u2014 e \u00e9 essa uni\u00e3o que tem transformado n\u00e3o apenas peles, mas vidas.<\/p>\n\n\n\n<p class=\"has-text-align-center\">Mais informa\u00e7\u00f5es<br>Instagram:&nbsp;<a href=\"https:\/\/www.instagram.com\/brunaferreiradu\/\" target=\"_blank\" rel=\"noreferrer noopener\">https:\/\/www.instagram.com\/brunaferreiradu\/<\/a><br>Assessoria de Imprensa: Mel Recalde<\/p>\n","protected":false},"excerpt":{"rendered":"<p>Profissional de Est\u00e9tica com 19 anos de experi\u00eancia aposta na ci\u00eancia e no acolhimento para&#8230;<\/p>\n","protected":false},"author":3,"featured_media":21145,"comment_status":"closed","ping_status":"open","sticky":false,"template":"","format":"standard","meta":{"om_disable_all_campaigns":false,"_monsterinsights_skip_tracking":false,"_monsterinsights_sitenote_active":false,"_monsterinsights_sitenote_note":"","_monsterinsights_sitenote_category":0,"spay_email":""},"categories":[1],"tags":[],"jetpack_featured_media_url":"https:\/\/vimagazine.com.br\/wp-content\/uploads\/2025\/12\/Captura-de-tela-2025-12-04-134017.jpg","_links":{"self":[{"href":"https:\/\/vimagazine.com.br\/index.php?rest_route=\/wp\/v2\/posts\/21142"}],"collection":[{"href":"https:\/\/vimagazine.com.br\/index.php?rest_route=\/wp\/v2\/posts"}],"about":[{"href":"https:\/\/vimagazine.com.br\/index.php?rest_route=\/wp\/v2\/types\/post"}],"author":[{"embeddable":true,"href":"https:\/\/vimagazine.com.br\/index.php?rest_route=\/wp\/v2\/users\/3"}],"replies":[{"embeddable":true,"href":"https:\/\/vimagazine.com.br\/index.php?rest_route=%2Fwp%2Fv2%2Fcomments&post=21142"}],"version-history":[{"count":2,"href":"https:\/\/vimagazine.com.br\/index.php?rest_route=\/wp\/v2\/posts\/21142\/revisions"}],"predecessor-version":[{"id":21146,"href":"https:\/\/vimagazine.com.br\/index.php?rest_route=\/wp\/v2\/posts\/21142\/revisions\/21146"}],"wp:featuredmedia":[{"embeddable":true,"href":"https:\/\/vimagazine.com.br\/index.php?rest_route=\/wp\/v2\/media\/21145"}],"wp:attachment":[{"href":"https:\/\/vimagazine.com.br\/index.php?rest_route=%2Fwp%2Fv2%2Fmedia&parent=21142"}],"wp:term":[{"taxonomy":"category","embeddable":true,"href":"https:\/\/vimagazine.com.br\/index.php?rest_route=%2Fwp%2Fv2%2Fcategories&post=21142"},{"taxonomy":"post_tag","embeddable":true,"href":"https:\/\/vimagazine.com.br\/index.php?rest_route=%2Fwp%2Fv2%2Ftags&post=21142"}],"curies":[{"name":"wp","href":"https:\/\/api.w.org\/{rel}","templated":true}]}}