{"id":21169,"date":"2025-12-04T18:07:56","date_gmt":"2025-12-04T21:07:56","guid":{"rendered":"https:\/\/vimagazine.com.br\/?p=21169"},"modified":"2025-12-04T18:07:57","modified_gmt":"2025-12-04T21:07:57","slug":"art-basel-miami-beach-devera-injetar-us-565-milhoes-na-economia-local-e-fortalecer-o-mercado-imobiliario","status":"publish","type":"post","link":"https:\/\/vimagazine.com.br\/?p=21169","title":{"rendered":"Art Basel Miami Beach dever\u00e1 injetar US$ 565 milh\u00f5es na economia local e fortalecer o mercado imobili\u00e1rio"},"content":{"rendered":"\n<p><br><br><\/p>\n\n\n\n<p class=\"has-medium-font-size\"><em><strong>Evento deve impulsionar hospedagem, consumo e mercado imobili\u00e1rio, refor\u00e7ando o potencial de retorno para investidores em Miami<\/strong><\/em><\/p>\n\n\n\n<p><\/p>\n\n\n\n<p>Com expectativa de movimentar mais de meio bilh\u00e3o de d\u00f3lares na economia do sul da Fl\u00f3rida, a&nbsp;Art&nbsp;Basel Miami Beach e a Miami&nbsp;Art&nbsp;Week voltam a transformar a cidade em um polo internacional de arte, luxo, turismo e neg\u00f3cios.&nbsp;A feira, que acontece de amanh\u00e3 (5) at\u00e9 7 de dezembro,&nbsp;deve repetir ou at\u00e9 superar o impacto econ\u00f4mico dos \u00faltimos anos, beneficiando desde hot\u00e9is e restaurantes at\u00e9 o setor imobili\u00e1rio de alto padr\u00e3o.&nbsp;<\/p>\n\n\n\n<p>Previs\u00f5es preliminares indicam que o impacto regional poder\u00e1 ultrapassar 550 milh\u00f5es de d\u00f3lares em gastos diretos e indiretos relacionados \u00e0 semana de arte. Os n\u00fameros do mercado de hospedagem refor\u00e7am esse cen\u00e1rio. A ocupa\u00e7\u00e3o durante o per\u00edodo normalmente supera 85%&nbsp;em todo o condado, enquanto milhares de estadias adicionais migram para resid\u00eancias particulares, condom\u00ednios de luxo e unidades destinadas ao aluguel de curto prazo.&nbsp;<\/p>\n\n\n\n<p>Dados da&nbsp;AirDNA, multinacional de an\u00e1lise de dados com sede em Denver, mostram que o mercado de aluguel por temporada em Miami registra neste ano um aumento de aproximadamente 9%&nbsp;na receita em compara\u00e7\u00e3o ao per\u00edodo anterior. A demanda por di\u00e1rias subiu cerca de 5%&nbsp;e as tarifas m\u00e9dias di\u00e1rias avan\u00e7aram 3%. A&nbsp;AirDNA&nbsp;tamb\u00e9m identificou que as tr\u00eas noites de maior movimenta\u00e7\u00e3o da edi\u00e7\u00e3o passada da&nbsp;Art&nbsp;Basel geraram quase 6,9 milh\u00f5es de d\u00f3lares em receita de aluguel de curto prazo, resultado de cerca de 24 mil noites reservadas, o que representou mais da metade da receita total de hospedagem daquela semana.&nbsp;<\/p>\n\n\n\n<p>Daniel&nbsp;Ickowicz, CEO da Elite&nbsp;International&nbsp;Realty, afirma que o impacto da&nbsp;Art&nbsp;Basel para o setor imobili\u00e1rio \u00e9 excepcional. Segundo ele, para uma empresa do ramo, a semana da feira \u00e9 extremamente positiva e lucrativa, j\u00e1 que o fluxo de visitantes, compradores e investidores movimenta de forma intensa tanto o segmento de loca\u00e7\u00e3o quanto o de aquisi\u00e7\u00e3o de propriedades.&nbsp;<\/p>\n\n\n\n<p>O CEO da consultoria imobili\u00e1ria ressalta tamb\u00e9m que a&nbsp;Art&nbsp;Basel \u00e9 um momento estrat\u00e9gico para que investidores internacionais entendam o verdadeiro potencial de Miami como destino de moradia e neg\u00f3cios. Nas palavras do executivo, ele sempre aconselha que os investidores globais aproveitem a semana da&nbsp;Art&nbsp;Basel n\u00e3o apenas para vivenciar a programa\u00e7\u00e3o cultural, mas tamb\u00e9m para observar como seria viver e investir na cidade.&nbsp;&nbsp;<\/p>\n\n\n\n<p>&#8220;Para o mercado imobili\u00e1rio, a\u00a0Art\u00a0Basel \u00e9 um per\u00edodo extremamente vantajoso. A cidade atinge n\u00edveis intensos de ocupa\u00e7\u00e3o, a demanda por aluguel de curto prazo dispara e os investidores conseguem ver claramente o potencial de retorno que Miami oferece.&#8221;\u00a0<\/p>\n\n\n\n<p><\/p>\n\n\n\n<figure class=\"wp-block-image aligncenter size-large\"><img width=\"768\" height=\"1024\" src=\"https:\/\/vimagazine.com.br\/wp-content\/uploads\/2025\/12\/Library-of-Us-Miami-768x1024.jpg\" alt=\"\" class=\"wp-image-21170\" srcset=\"https:\/\/vimagazine.com.br\/wp-content\/uploads\/2025\/12\/Library-of-Us-Miami-768x1024.jpg 768w, https:\/\/vimagazine.com.br\/wp-content\/uploads\/2025\/12\/Library-of-Us-Miami-225x300.jpg 225w, https:\/\/vimagazine.com.br\/wp-content\/uploads\/2025\/12\/Library-of-Us-Miami-1152x1536.jpg 1152w, https:\/\/vimagazine.com.br\/wp-content\/uploads\/2025\/12\/Library-of-Us-Miami-1024x1365.jpg 1024w, https:\/\/vimagazine.com.br\/wp-content\/uploads\/2025\/12\/Library-of-Us-Miami.jpg 1200w\" sizes=\"(max-width: 768px) 100vw, 768px\" \/><figcaption>Library of Us&#8221; \u00e9 uma escultura cin\u00e9tica monumental: uma biblioteca girat\u00f3ria de 50 p\u00e9s de largura\/altura, instalada na areia da praia no distrito Faena Art \/ Faena Beach. <br><em>@arrivalsgate<\/em><\/figcaption><\/figure>\n\n\n\n<p><\/p>\n\n\n\n<p>A movimenta\u00e7\u00e3o provocada pela\u00a0Art\u00a0Basel tamb\u00e9m vem acompanhada de novas iniciativas no ecossistema cultural de Miami. Entre elas est\u00e1 a parceria rec\u00e9m-anunciada entre a pr\u00f3pria Elite\u00a0International\u00a0Realty\u00a0e a artista Adriana Lerner, criadora da\u00a0Arrivals\u00a0Gate, que passa a oferecer experi\u00eancias exclusivas durante a Semana de Arte. A artista disponibiliza um guia especial para os clientes VIPs da imobili\u00e1ria, com indica\u00e7\u00f5es das mostras mais relevantes, dos espa\u00e7os que merecem aten\u00e7\u00e3o e dos museus e cole\u00e7\u00f5es permanentes que ajudam a definir o cen\u00e1rio art\u00edstico local. Al\u00e9m disso, Adriana dever\u00e1 conduzir tours personalizados ao longo da semana, aproximando os visitantes da din\u00e2mica criativa da cidade e oferecendo um olhar de dentro sobre a produ\u00e7\u00e3o cultural que alimenta Miami ao longo de todo o ano.\u00a0<\/p>\n","protected":false},"excerpt":{"rendered":"<p>Evento deve impulsionar hospedagem, consumo e mercado imobili\u00e1rio, refor\u00e7ando o potencial de retorno para investidores&#8230;<\/p>\n","protected":false},"author":1,"featured_media":21171,"comment_status":"closed","ping_status":"open","sticky":false,"template":"","format":"standard","meta":{"om_disable_all_campaigns":false,"_monsterinsights_skip_tracking":false,"_monsterinsights_sitenote_active":false,"_monsterinsights_sitenote_note":"","_monsterinsights_sitenote_category":0,"spay_email":""},"categories":[27],"tags":[],"jetpack_featured_media_url":"https:\/\/vimagazine.com.br\/wp-content\/uploads\/2025\/12\/Art-Basel-Miami-Beach-2025-285-Galleries-Set-for-a-Global-Creative-Convergence.jpg","_links":{"self":[{"href":"https:\/\/vimagazine.com.br\/index.php?rest_route=\/wp\/v2\/posts\/21169"}],"collection":[{"href":"https:\/\/vimagazine.com.br\/index.php?rest_route=\/wp\/v2\/posts"}],"about":[{"href":"https:\/\/vimagazine.com.br\/index.php?rest_route=\/wp\/v2\/types\/post"}],"author":[{"embeddable":true,"href":"https:\/\/vimagazine.com.br\/index.php?rest_route=\/wp\/v2\/users\/1"}],"replies":[{"embeddable":true,"href":"https:\/\/vimagazine.com.br\/index.php?rest_route=%2Fwp%2Fv2%2Fcomments&post=21169"}],"version-history":[{"count":1,"href":"https:\/\/vimagazine.com.br\/index.php?rest_route=\/wp\/v2\/posts\/21169\/revisions"}],"predecessor-version":[{"id":21172,"href":"https:\/\/vimagazine.com.br\/index.php?rest_route=\/wp\/v2\/posts\/21169\/revisions\/21172"}],"wp:featuredmedia":[{"embeddable":true,"href":"https:\/\/vimagazine.com.br\/index.php?rest_route=\/wp\/v2\/media\/21171"}],"wp:attachment":[{"href":"https:\/\/vimagazine.com.br\/index.php?rest_route=%2Fwp%2Fv2%2Fmedia&parent=21169"}],"wp:term":[{"taxonomy":"category","embeddable":true,"href":"https:\/\/vimagazine.com.br\/index.php?rest_route=%2Fwp%2Fv2%2Fcategories&post=21169"},{"taxonomy":"post_tag","embeddable":true,"href":"https:\/\/vimagazine.com.br\/index.php?rest_route=%2Fwp%2Fv2%2Ftags&post=21169"}],"curies":[{"name":"wp","href":"https:\/\/api.w.org\/{rel}","templated":true}]}}