{"id":21173,"date":"2025-12-05T12:28:32","date_gmt":"2025-12-05T15:28:32","guid":{"rendered":"https:\/\/vimagazine.com.br\/?p=21173"},"modified":"2025-12-08T18:26:20","modified_gmt":"2025-12-08T21:26:20","slug":"rafaela-sotero-profissional-que-vem-se-destacando-no-cenario-da-beleza","status":"publish","type":"post","link":"https:\/\/vimagazine.com.br\/?p=21173","title":{"rendered":"Rafaela Sotero profissional que vem se destacando no cen\u00e1rio da beleza"},"content":{"rendered":"\n<p>Diretamente do litoral de Camocim, no Cear\u00e1, nasce a hist\u00f3ria de Rafaela Sotero \u2014 uma profissional que vem se destacando no cen\u00e1rio da beleza pela combina\u00e7\u00e3o entre t\u00e9cnica apurada, sensibilidade no atendimento e esp\u00edrito empreendedor. <\/p>\n\n\n\n<p>Formada em Administra\u00e7\u00e3o, Rafaela sempre soube que o universo da est\u00e9tica seria o espa\u00e7o onde poderia alinhar talento, disciplina e sua paix\u00e3o por cuidar de pessoas.<\/p>\n\n\n\n<p><br>Sua jornada teve in\u00edcio h\u00e1 11 anos, quando come\u00e7ou a atuar como manicure e designer de sobrancelhas. Desde os primeiros atendimentos, sua aten\u00e7\u00e3o aos detalhes e sua habilidade em elevar a autoestima das mulheres chamaram aten\u00e7\u00e3o e abriram portas para novos caminhos.<\/p>\n\n\n\n<p><br>Com o tempo, expandiu sua atua\u00e7\u00e3o e, h\u00e1 8 anos, iniciou os servi\u00e7os de depila\u00e7\u00e3o.<\/p>\n\n\n\n<p> Seu jeito cuidadoso, acolhedor e profissional transformou um procedimento muitas vezes temido em uma experi\u00eancia mais leve, segura e confort\u00e1vel \u2014 um diferencial que refor\u00e7ou sua reputa\u00e7\u00e3o na cidade.<\/p>\n\n\n\n<figure class=\"wp-block-image size-large\"><img width=\"683\" height=\"1024\" src=\"https:\/\/vimagazine.com.br\/wp-content\/uploads\/2025\/12\/WhatsApp-Image-2025-12-05-at-11.28.03-683x1024.jpeg\" alt=\"\" class=\"wp-image-21176\" srcset=\"https:\/\/vimagazine.com.br\/wp-content\/uploads\/2025\/12\/WhatsApp-Image-2025-12-05-at-11.28.03-683x1024.jpeg 683w, https:\/\/vimagazine.com.br\/wp-content\/uploads\/2025\/12\/WhatsApp-Image-2025-12-05-at-11.28.03-200x300.jpeg 200w, https:\/\/vimagazine.com.br\/wp-content\/uploads\/2025\/12\/WhatsApp-Image-2025-12-05-at-11.28.03-768x1152.jpeg 768w, https:\/\/vimagazine.com.br\/wp-content\/uploads\/2025\/12\/WhatsApp-Image-2025-12-05-at-11.28.03.jpeg 1024w\" sizes=\"(max-width: 683px) 100vw, 683px\" \/><\/figure>\n\n\n\n<p><br>Mas foi h\u00e1 4 anos que Rafaela encontrou sua verdadeira paix\u00e3o dentro do mundo da est\u00e9tica: a extens\u00e3o de c\u00edlios. <\/p>\n\n\n\n<p>Desde ent\u00e3o, mergulhou profundamente no universo Lash, dedicando-se ao estudo de t\u00e9cnicas, tend\u00eancias e estilos que oferecessem resultados naturais, elegantes e totalmente personalizados. <\/p>\n\n\n\n<p>Hoje, como Lash Designer, \u00e9 reconhecida pela precis\u00e3o, pela delicadeza e pela capacidade de criar designs que valorizam o olhar e a identidade de cada cliente.<\/p>\n\n\n\n<p><br>Com vis\u00e3o empreendedora e o desejo de oferecer um espa\u00e7o completo de autocuidado, Rafaela inaugurou o Rafaela Sotero Studio de Beleza, um ambiente moderno e acolhedor, pensado para proporcionar uma experi\u00eancia \u00fanica do in\u00edcio ao fim. <\/p>\n\n\n\n<p>O est\u00fadio reflete sua evolu\u00e7\u00e3o profissional e seu compromisso em unir qualidade, t\u00e9cnica e atendimento humanizado.<\/p>\n\n\n\n<p><br>Mais do que servi\u00e7os, Rafaela entrega confian\u00e7a. Seus atendimentos s\u00e3o 100% personalizados, sempre respeitando o estilo, as necessidades e a beleza individual de cada mulher.<\/p>\n\n\n\n<p> Esse cuidado conquistou um p\u00fablico fiel e transformou sua marca em refer\u00eancia na regi\u00e3o.<br>A hist\u00f3ria de Rafaela Sotero \u00e9 um exemplo inspirador de dedica\u00e7\u00e3o, aprimoramento cont\u00ednuo e amor pelo que faz.<\/p>\n\n\n\n<p> De Camocim para o cen\u00e1rio da beleza, ela segue construindo uma trajet\u00f3ria s\u00f3lida, empreendedora e brilhante \u2014 e promete ir ainda mais longe.<\/p>\n\n\n\n<p>Fonte: Mel Recalde<\/p>\n\n\n\n<p><\/p>\n","protected":false},"excerpt":{"rendered":"<p>Diretamente do litoral de Camocim, no Cear\u00e1, nasce a hist\u00f3ria de Rafaela Sotero \u2014 uma&#8230;<\/p>\n","protected":false},"author":3,"featured_media":21174,"comment_status":"closed","ping_status":"open","sticky":false,"template":"","format":"standard","meta":{"om_disable_all_campaigns":false,"_monsterinsights_skip_tracking":false,"_monsterinsights_sitenote_active":false,"_monsterinsights_sitenote_note":"","_monsterinsights_sitenote_category":0,"spay_email":""},"categories":[1],"tags":[],"jetpack_featured_media_url":"https:\/\/vimagazine.com.br\/wp-content\/uploads\/2025\/12\/jk-e1764948385262.jpg","_links":{"self":[{"href":"https:\/\/vimagazine.com.br\/index.php?rest_route=\/wp\/v2\/posts\/21173"}],"collection":[{"href":"https:\/\/vimagazine.com.br\/index.php?rest_route=\/wp\/v2\/posts"}],"about":[{"href":"https:\/\/vimagazine.com.br\/index.php?rest_route=\/wp\/v2\/types\/post"}],"author":[{"embeddable":true,"href":"https:\/\/vimagazine.com.br\/index.php?rest_route=\/wp\/v2\/users\/3"}],"replies":[{"embeddable":true,"href":"https:\/\/vimagazine.com.br\/index.php?rest_route=%2Fwp%2Fv2%2Fcomments&post=21173"}],"version-history":[{"count":3,"href":"https:\/\/vimagazine.com.br\/index.php?rest_route=\/wp\/v2\/posts\/21173\/revisions"}],"predecessor-version":[{"id":21281,"href":"https:\/\/vimagazine.com.br\/index.php?rest_route=\/wp\/v2\/posts\/21173\/revisions\/21281"}],"wp:featuredmedia":[{"embeddable":true,"href":"https:\/\/vimagazine.com.br\/index.php?rest_route=\/wp\/v2\/media\/21174"}],"wp:attachment":[{"href":"https:\/\/vimagazine.com.br\/index.php?rest_route=%2Fwp%2Fv2%2Fmedia&parent=21173"}],"wp:term":[{"taxonomy":"category","embeddable":true,"href":"https:\/\/vimagazine.com.br\/index.php?rest_route=%2Fwp%2Fv2%2Fcategories&post=21173"},{"taxonomy":"post_tag","embeddable":true,"href":"https:\/\/vimagazine.com.br\/index.php?rest_route=%2Fwp%2Fv2%2Ftags&post=21173"}],"curies":[{"name":"wp","href":"https:\/\/api.w.org\/{rel}","templated":true}]}}