{"id":2122,"date":"2021-12-28T13:45:27","date_gmt":"2021-12-28T16:45:27","guid":{"rendered":"https:\/\/vimagazine.com.br\/?p=2122"},"modified":"2021-12-28T13:46:18","modified_gmt":"2021-12-28T16:46:18","slug":"academicas-da-uniavan-contempladas-com-bolsa-integral-para-imigrantes-vao-fazer-estagio-na-franca","status":"publish","type":"post","link":"https:\/\/vimagazine.com.br\/?p=2122","title":{"rendered":"Acad\u00eamicas da UniAvan contempladas com bolsa integral para imigrantes v\u00e3o fazer est\u00e1gio na Fran\u00e7a"},"content":{"rendered":"\n<p><\/p>\n\n\n\n<p style=\"font-size:14px\">As alunas ficar\u00e3o seis meses no pa\u00eds europeu. As acad\u00eamicas de Gastronomia do Centro Universit\u00e1rio Avantis \u2013 UniAvan, Roseline Lindor e Junie P\u00e9tiote, embarcam em breve para a cidade de Joigny, na Fran\u00e7a, para um est\u00e1gio de seis meses em um restaurante estrelado pelo Guia Michelin. Roseline e Junie, que s\u00e3o haitianas, est\u00e3o na 4\u00aa fase do curso e s\u00e3o bolsistas do Programa de Acesso \u00e0 Educa\u00e7\u00e3o T\u00e9cnica e Superior para Refugiados e Imigrantes em Situa\u00e7\u00e3o de Vulnerabilidade da UniAvan. As acad\u00eamicas est\u00e3o recebendo apoio e orienta\u00e7\u00f5es do N\u00facleo de Internacionaliza\u00e7\u00e3o da UniAvan (NINTER), departamento respons\u00e1vel por conduzir e intermediar todos os processos internacionais da institui\u00e7\u00e3o.<\/p>\n\n\n\n<p style=\"font-size:14px\">A coordenadora do NINTER, Alessandra Monteiro Machado, acredita que a experi\u00eancia v\u00e1 mudar a vida profissional das acad\u00eamicas. \u201cUma viv\u00eancia internacional como essa certamente vai trazer muitos aprendizados e conhecimentos para as nossas alunas. N\u00f3s ficamos muito felizes, primeiramente, por poder conceder as bolsas de estudo para acad\u00eamicos refugiados e agora mais ainda por v\u00ea-los al\u00e7ar voos t\u00e3o altos como esse\u201d.<\/p>\n\n\n\n<p style=\"font-size:14px\">O Programa de Acesso \u00e0 Educa\u00e7\u00e3o T\u00e9cnica e Superior para Refugiados e Imigrantes em Situa\u00e7\u00e3o de Vulnerabilidade foi criado em 2018 pela UniAvan e j\u00e1 contemplou 20 acad\u00eamicos com bolsas de estudo nos cursos de Administra\u00e7\u00e3o, Ci\u00eancias Cont\u00e1beis, Educa\u00e7\u00e3o F\u00edsica, Psicologia e Gastronomia.<\/p>\n\n\n\n<figure class=\"wp-block-image size-medium\"><img width=\"300\" height=\"224\" src=\"https:\/\/vimagazine.com.br\/wp-content\/uploads\/2021\/12\/IMG_20211223_110210-1-300x224.jpg\" alt=\"\" class=\"wp-image-2124\" srcset=\"https:\/\/vimagazine.com.br\/wp-content\/uploads\/2021\/12\/IMG_20211223_110210-1-300x224.jpg 300w, https:\/\/vimagazine.com.br\/wp-content\/uploads\/2021\/12\/IMG_20211223_110210-1-1024x763.jpg 1024w, https:\/\/vimagazine.com.br\/wp-content\/uploads\/2021\/12\/IMG_20211223_110210-1-768x572.jpg 768w, https:\/\/vimagazine.com.br\/wp-content\/uploads\/2021\/12\/IMG_20211223_110210-1.jpg 1080w\" sizes=\"(max-width: 300px) 100vw, 300px\" \/><\/figure>\n\n\n\n<p style=\"font-size:11px\">Roseline Lindor, Caueh Marcatto (coordenador do curso), Alessandra Monteiro Machado (coordenadora do Ninter) e Junie P\u00e9tiote.<\/p>\n\n\n\n<p style=\"font-size:11px\">Foto: Divulga\u00e7\u00e3o<\/p>\n\n\n\n<p><\/p>\n\n\n\n<p><strong>SOBRE A UNIAVAN <\/strong><\/p>\n\n\n\n<p style=\"font-size:14px\">O <strong>Centro Universit\u00e1rio Avantis<\/strong> \u00e9 uma institui\u00e7\u00e3o de ensino superior fundada em 2002, com sede em Balne\u00e1rio Cambori\u00fa SC<\/p>\n\n\n\n<p style=\"font-size:14px\">O Centro Universit\u00e1rio Avantis \u2013 UniAvan foi fundado em 2002 como faculdade Avantis, em Balne\u00e1rio Cambori\u00fa SC. Com o objetivo de contribuir para o desenvolvimento da cidade e da regi\u00e3o por meio da oferta de educa\u00e7\u00e3o superior acess\u00edvel e de qualidade, a ent\u00e3o Avantis conquistou o seu espa\u00e7o no mercado educacional. Em 2017, a institui\u00e7\u00e3o alcan\u00e7ou o posto de melhor faculdade de Santa Catarina, sendo recredenciada com conceito 5,&nbsp;<strong>nota m\u00e1xima emitida pelo Minist\u00e9rio da Educa\u00e7\u00e3o (MEC)<\/strong>. No ano de 2018 passou a ser Centro Universit\u00e1rio, tornando-se UniAvan, novamente com conceito 5.<\/p>\n\n\n\n<p style=\"font-size:14px\">Atualmente, a UniAvan oferta diversos cursos de gradua\u00e7\u00e3o,&nbsp;presenciais e EAD, em diferentes segmentos, como engenharias, sa\u00fade, gest\u00e3o, tecnologia e outros.<\/p>\n\n\n\n<p style=\"font-size:14px\">J\u00e1 a&nbsp;<a href=\"https:\/\/www.uniavan.edu.br\/pos-graduacao\">p\u00f3s-gradua\u00e7\u00e3o<\/a>&nbsp;conta com 40 cursos de especializa\u00e7\u00e3o e MBA em v\u00e1rias \u00e1reas, com forma\u00e7\u00f5es que refletem a conjuntura atual que o mercado exige.<\/p>\n\n\n\n<p style=\"font-size:14px\">Outro destaque \u00e9 o&nbsp;<a href=\"https:\/\/www.uniavan.edu.br\/ensino-medio\">Col\u00e9gio UniAvan<\/a>, que surge como uma op\u00e7\u00e3o para quem busca um ensino m\u00e9dio de qualidade pensando no futuro profissional.&nbsp;<\/p>\n\n\n\n<p style=\"font-size:11px\">Fonte: uniavan.edu.br<br><\/p>\n\n\n\n<p style=\"font-size:12px\">Por: Hiram Delagnolli<br><\/p>\n","protected":false},"excerpt":{"rendered":"<p>As alunas ficar\u00e3o seis meses no pa\u00eds europeu. As acad\u00eamicas de Gastronomia do Centro Universit\u00e1rio&#8230;<\/p>\n","protected":false},"author":35,"featured_media":2123,"comment_status":"closed","ping_status":"open","sticky":false,"template":"","format":"standard","meta":{"om_disable_all_campaigns":false,"_monsterinsights_skip_tracking":false,"_monsterinsights_sitenote_active":false,"_monsterinsights_sitenote_note":"","_monsterinsights_sitenote_category":0,"spay_email":""},"categories":[27],"tags":[213,212,208,207,211,210,209],"jetpack_featured_media_url":"https:\/\/vimagazine.com.br\/wp-content\/uploads\/2021\/12\/IMG_20211223_110210.jpg","_links":{"self":[{"href":"https:\/\/vimagazine.com.br\/index.php?rest_route=\/wp\/v2\/posts\/2122"}],"collection":[{"href":"https:\/\/vimagazine.com.br\/index.php?rest_route=\/wp\/v2\/posts"}],"about":[{"href":"https:\/\/vimagazine.com.br\/index.php?rest_route=\/wp\/v2\/types\/post"}],"author":[{"embeddable":true,"href":"https:\/\/vimagazine.com.br\/index.php?rest_route=\/wp\/v2\/users\/35"}],"replies":[{"embeddable":true,"href":"https:\/\/vimagazine.com.br\/index.php?rest_route=%2Fwp%2Fv2%2Fcomments&post=2122"}],"version-history":[{"count":2,"href":"https:\/\/vimagazine.com.br\/index.php?rest_route=\/wp\/v2\/posts\/2122\/revisions"}],"predecessor-version":[{"id":2126,"href":"https:\/\/vimagazine.com.br\/index.php?rest_route=\/wp\/v2\/posts\/2122\/revisions\/2126"}],"wp:featuredmedia":[{"embeddable":true,"href":"https:\/\/vimagazine.com.br\/index.php?rest_route=\/wp\/v2\/media\/2123"}],"wp:attachment":[{"href":"https:\/\/vimagazine.com.br\/index.php?rest_route=%2Fwp%2Fv2%2Fmedia&parent=2122"}],"wp:term":[{"taxonomy":"category","embeddable":true,"href":"https:\/\/vimagazine.com.br\/index.php?rest_route=%2Fwp%2Fv2%2Fcategories&post=2122"},{"taxonomy":"post_tag","embeddable":true,"href":"https:\/\/vimagazine.com.br\/index.php?rest_route=%2Fwp%2Fv2%2Ftags&post=2122"}],"curies":[{"name":"wp","href":"https:\/\/api.w.org\/{rel}","templated":true}]}}