{"id":21235,"date":"2025-12-08T08:46:37","date_gmt":"2025-12-08T11:46:37","guid":{"rendered":"https:\/\/vimagazine.com.br\/?p=21235"},"modified":"2025-12-08T08:46:38","modified_gmt":"2025-12-08T11:46:38","slug":"isis-camargo-musa-fitness-traduz-potencia-luxo-e-protagonismo-no-lancamento-de-sambas-de-enredo-do-carnaval-de-sao-paulo","status":"publish","type":"post","link":"https:\/\/vimagazine.com.br\/?p=21235","title":{"rendered":"Isis Camargo: musa fitness, traduz pot\u00eancia, luxo e protagonismo no Lan\u00e7amento de Sambas de enredo do Carnaval de S\u00e3o Paulo"},"content":{"rendered":"\n<figure class=\"wp-block-image aligncenter size-large\"><img width=\"630\" height=\"1024\" src=\"https:\/\/vimagazine.com.br\/wp-content\/uploads\/2025\/12\/Musa-Fitness-Isis-Camargo-01-630x1024.jpg\" alt=\"\" class=\"wp-image-21236\" srcset=\"https:\/\/vimagazine.com.br\/wp-content\/uploads\/2025\/12\/Musa-Fitness-Isis-Camargo-01-630x1024.jpg 630w, https:\/\/vimagazine.com.br\/wp-content\/uploads\/2025\/12\/Musa-Fitness-Isis-Camargo-01-185x300.jpg 185w, https:\/\/vimagazine.com.br\/wp-content\/uploads\/2025\/12\/Musa-Fitness-Isis-Camargo-01-768x1249.jpg 768w, https:\/\/vimagazine.com.br\/wp-content\/uploads\/2025\/12\/Musa-Fitness-Isis-Camargo-01-945x1536.jpg 945w, https:\/\/vimagazine.com.br\/wp-content\/uploads\/2025\/12\/Musa-Fitness-Isis-Camargo-01-1024x1665.jpg 1024w, https:\/\/vimagazine.com.br\/wp-content\/uploads\/2025\/12\/Musa-Fitness-Isis-Camargo-01.jpg 1107w\" sizes=\"(max-width: 630px) 100vw, 630px\" \/><\/figure>\n\n\n\n<p>Sob os holofotes da elegante noite de lan\u00e7amento dos sambas de enredos do Carnaval de S\u00e3o Paulo 2026, na ic\u00f4nica F\u00e1brica do Samba, no bairro da Barra Funda, *<strong>Isis Camargo<\/strong>* consolidou-se como um dos grandes s\u00edmbolos de sofistica\u00e7\u00e3o, performance e influ\u00eancia da nova temporada.<\/p>\n\n\n\n<p>Musa fitness da Escola de Samba Acad\u00eamicos do Tucuruvi, Isis protagonizou um dos momentos mais elegantes e comentados do Mini Desfile. Sua passagem pela passarela traduzia mais do que beleza: revelava disciplina, est\u00e9tica refinada, for\u00e7a c\u00eanica e identidade \u2014 atributos que definem a nova gera\u00e7\u00e3o de musas do carnaval brasileiro.<\/p>\n\n\n\n<p>Com silhueta esculpida pelo rigor do treino e uma presen\u00e7a magn\u00e9tica que une moda, arte e lifestyle saud\u00e1vel, Isis representa uma imagem contempor\u00e2nea de luxo: a da mulher que constr\u00f3i sua pr\u00f3pria excel\u00eancia. O p\u00fablico, instantaneamente capturado por sua performance, respondeu com aplausos, flashes e forte repercuss\u00e3o digital.<\/p>\n\n\n\n<p>Vale lembrar que a musa fitness \u00e9 refer\u00eancia de dedica\u00e7\u00e3o e bem-estar, e tem contado com a orienta\u00e7\u00e3o precisa de seu coach Ismael Santos, respons\u00e1vel por acompanhar de perto sua rotina intensa de treinos di\u00e1rios e estrat\u00e9gias para conquistar e manter um shape que impressiona pelo equil\u00edbrio entre for\u00e7a, sa\u00fade e est\u00e9tica.<\/p>\n\n\n\n<p>\u201cO carnaval \u00e9 minha celebra\u00e7\u00e3o de for\u00e7a, liberdade e constru\u00e7\u00e3o di\u00e1ria. Estar aqui \u00e9 transformar disciplina em arte\u201d, declarou a beldade, nos bastidores.<\/p>\n\n\n\n<p>A escolha da Tucuruvi por Isis reflete um novo posicionamento do carnaval de alto padr\u00e3o: musas que comunicam valores, comportamento, sa\u00fade, performance e influ\u00eancia real. Seu nome hoje transita com naturalidade entre o universo fitness, o editorial de moda e o entretenimento premium.<\/p>\n\n\n\n<p>O Carnaval de S\u00e3o Paulo 2026 come\u00e7a marcado por impon\u00eancia, est\u00e9tica e protagonismo feminino \u2014 e Isis Camargo j\u00e1 ocupa, oficialmente, o espa\u00e7o das grandes imagens da temporada.<\/p>\n\n\n\n<p>A Acad\u00eamicos do Tucuruvi ser\u00e1 a terceira escola a desfilar pelo Grupo de Acesso 1 do carnaval paulistano no domingo, 15 de fevereiro de 2026 e levar\u00e1 ao Samb\u00f3dromo o enredo \u201cAnti-Her\u00f3i Brasil\u201d, desenvolvido pelo carnavalesco Nicolas Gon\u00e7alves.<\/p>\n\n\n\n<p><strong>Cr\u00e9dito das Fotos: Renato Cipriano \/ Zuleika Ferreira &#8211; Divulga\u00e7\u00e3o<\/strong><\/p>\n","protected":false},"excerpt":{"rendered":"<p>Sob os holofotes da elegante noite de lan\u00e7amento dos sambas de enredos do Carnaval de&#8230;<\/p>\n","protected":false},"author":19,"featured_media":21237,"comment_status":"closed","ping_status":"open","sticky":false,"template":"","format":"standard","meta":{"om_disable_all_campaigns":false,"_monsterinsights_skip_tracking":false,"_monsterinsights_sitenote_active":false,"_monsterinsights_sitenote_note":"","_monsterinsights_sitenote_category":0,"spay_email":""},"categories":[1],"tags":[],"jetpack_featured_media_url":"https:\/\/vimagazine.com.br\/wp-content\/uploads\/2025\/12\/Musa-Fitness-Isis-Camargo-07.jpg","_links":{"self":[{"href":"https:\/\/vimagazine.com.br\/index.php?rest_route=\/wp\/v2\/posts\/21235"}],"collection":[{"href":"https:\/\/vimagazine.com.br\/index.php?rest_route=\/wp\/v2\/posts"}],"about":[{"href":"https:\/\/vimagazine.com.br\/index.php?rest_route=\/wp\/v2\/types\/post"}],"author":[{"embeddable":true,"href":"https:\/\/vimagazine.com.br\/index.php?rest_route=\/wp\/v2\/users\/19"}],"replies":[{"embeddable":true,"href":"https:\/\/vimagazine.com.br\/index.php?rest_route=%2Fwp%2Fv2%2Fcomments&post=21235"}],"version-history":[{"count":1,"href":"https:\/\/vimagazine.com.br\/index.php?rest_route=\/wp\/v2\/posts\/21235\/revisions"}],"predecessor-version":[{"id":21238,"href":"https:\/\/vimagazine.com.br\/index.php?rest_route=\/wp\/v2\/posts\/21235\/revisions\/21238"}],"wp:featuredmedia":[{"embeddable":true,"href":"https:\/\/vimagazine.com.br\/index.php?rest_route=\/wp\/v2\/media\/21237"}],"wp:attachment":[{"href":"https:\/\/vimagazine.com.br\/index.php?rest_route=%2Fwp%2Fv2%2Fmedia&parent=21235"}],"wp:term":[{"taxonomy":"category","embeddable":true,"href":"https:\/\/vimagazine.com.br\/index.php?rest_route=%2Fwp%2Fv2%2Fcategories&post=21235"},{"taxonomy":"post_tag","embeddable":true,"href":"https:\/\/vimagazine.com.br\/index.php?rest_route=%2Fwp%2Fv2%2Ftags&post=21235"}],"curies":[{"name":"wp","href":"https:\/\/api.w.org\/{rel}","templated":true}]}}