{"id":21283,"date":"2025-12-10T09:22:27","date_gmt":"2025-12-10T12:22:27","guid":{"rendered":"https:\/\/vimagazine.com.br\/?p=21283"},"modified":"2025-12-10T09:22:30","modified_gmt":"2025-12-10T12:22:30","slug":"primeira-edicao-da-festa-literaria-de-joinville-cumpre-seu-papel-de-aplicar-literatura-as-artes","status":"publish","type":"post","link":"https:\/\/vimagazine.com.br\/?p=21283","title":{"rendered":"\u00a0Primeira edi\u00e7\u00e3o da festa Liter\u00e1ria de Joinville cumpre seu papel de aplicar literatura \u00e1s artes \u00a0"},"content":{"rendered":"\n<p><em>Evento&nbsp;aconteceu no&nbsp;\u00faltimo&nbsp;final de semana&nbsp;no&nbsp;Saltare&nbsp;Centro de Dan\u00e7a&nbsp;em Joinville, com a presen\u00e7a de grandes nomes do cen\u00e1rio art\u00edstico&nbsp;e&nbsp;liter\u00e1rio nacional<\/em><\/p>\n\n\n\n<p>A primeira edi\u00e7\u00e3o da FLIJ \u2013 Festa Liter\u00e1ria de Joinville,\u00a0teve sua\u00a0primeira edi\u00e7\u00e3o nos dias 5, 6 e 7 de dezembro, de sexta a domingo,\u00a0ocupando toda a estrutura do\u00a0Saltare\u00a0Centro de Dan\u00e7a, com uma programa\u00e7\u00e3o diversa, ecl\u00e9tica e que atendeu\u00a0todos\u00a0as idades, sempre tendo a literatura como ferramenta estimuladora das mais variadas express\u00f5es art\u00edsticas.<\/p>\n\n\n\n<figure class=\"wp-block-image size-large\"><img width=\"1024\" height=\"683\" src=\"https:\/\/vimagazine.com.br\/wp-content\/uploads\/2025\/12\/IMG_9167-1024x683.jpeg\" alt=\"\" class=\"wp-image-21285\" srcset=\"https:\/\/vimagazine.com.br\/wp-content\/uploads\/2025\/12\/IMG_9167-1024x683.jpeg 1024w, https:\/\/vimagazine.com.br\/wp-content\/uploads\/2025\/12\/IMG_9167-300x200.jpeg 300w, https:\/\/vimagazine.com.br\/wp-content\/uploads\/2025\/12\/IMG_9167-768x512.jpeg 768w, https:\/\/vimagazine.com.br\/wp-content\/uploads\/2025\/12\/IMG_9167-1536x1024.jpeg 1536w, https:\/\/vimagazine.com.br\/wp-content\/uploads\/2025\/12\/IMG_9167.jpeg 1920w\" sizes=\"(max-width: 1024px) 100vw, 1024px\" \/><\/figure>\n\n\n\n<p>\u00a0Com entrada gratuita,\u00a0o p\u00fablico pode apreciar,\u00a0nos\u00a0tr\u00eas\u00a0dias de evento,\u00a0lan\u00e7amentos de livros, palestras, rodas de conversa, apresenta\u00e7\u00f5es teatrais, de\u00a0dan\u00e7a, exibi\u00e7\u00e3o\u00a0de filmes,\u00a0grafite, moda circular, com v\u00e1rios brech\u00f3s da cidade,\u00a0gastronomia,\u00a0e\u00a0mais uma infinidade de atra\u00e7\u00f5es culturais,\u00a0sempre utilizando-se em sua concep\u00e7\u00e3o de suportes h\u00edbridos e\u00a0perform\u00e1ticos,\u00a0trazendo para Joinville,\u00a0uma proposta inovadora.\u00a0\u00a0\u00a0<\/p>\n\n\n\n<p>O projeto\u00a0teve parceria do evento multicultural \u201cDesencontro\u201d,\u00a0e foi\u00a0financiado pelo Sistema Municipal de Desenvolvimento pela Cultura de Joinville (Simdec).\u00a0<\/p>\n\n\n\n<p>No primeiro dia de evento a grande atra\u00e7\u00e3o foi o DJ KL Jay dos Racionais MCs, que levou ao del\u00edrio o p\u00fablico presente, apaixonados pela cultura hip hop. Um dos nomes mais respeitados do cen\u00e1rio do rap nacional, n\u00e3o decepcionou, e fez a multid\u00e3o pedir bis.<\/p>\n\n\n\n<p>\u00a0Ainda na programa\u00e7\u00e3o, uma linda performance do MOA \u2013 Movimento de Dan\u00e7a\u00a0Patr\u00edcia\u00a0Dalchau, numa homenagem ao cl\u00e1ssico \u201cMenino Maluquinho\u201d de Ziraldo, para completar o time de\u00a0atra\u00e7\u00f5es,\u00a0um pocket teatral com Hugo Possolo, performances de DJ\u00a0Popson e DJ Paulo Henrique.\u00a0<\/p>\n\n\n\n<figure class=\"wp-block-image size-large\"><img width=\"1024\" height=\"683\" src=\"https:\/\/vimagazine.com.br\/wp-content\/uploads\/2025\/12\/IMG_9154-1024x683.jpeg\" alt=\"\" class=\"wp-image-21286\" srcset=\"https:\/\/vimagazine.com.br\/wp-content\/uploads\/2025\/12\/IMG_9154-1024x683.jpeg 1024w, https:\/\/vimagazine.com.br\/wp-content\/uploads\/2025\/12\/IMG_9154-300x200.jpeg 300w, https:\/\/vimagazine.com.br\/wp-content\/uploads\/2025\/12\/IMG_9154-768x512.jpeg 768w, https:\/\/vimagazine.com.br\/wp-content\/uploads\/2025\/12\/IMG_9154-1536x1024.jpeg 1536w, https:\/\/vimagazine.com.br\/wp-content\/uploads\/2025\/12\/IMG_9154.jpeg 1920w\" sizes=\"(max-width: 1024px) 100vw, 1024px\" \/><\/figure>\n\n\n\n<p>\u00a0<\/p>\n\n\n\n<p>Mesmo com um calor intenso, o p\u00fablico novamente compareceu no segundo dia da FLIJ, foi\u00a0um dia de pura energia e emo\u00e7\u00e3o, a cada momento, novas conex\u00f5es surgiram entre leitores e apaixonados pela cultura. <\/p>\n\n\n\n<p>Na parte da manh\u00e3, uma bela\u00a0apresenta\u00e7\u00e3o, do \u201cBoi de Mam\u00e3o Inclusivo\u201d, um antigo folguedo da cultura popular catarinense, que al\u00e9m da apresenta\u00e7\u00e3o musical que encantou crian\u00e7as e adultos, aconteceu o lan\u00e7amento do livro:\u00a0\u201cBoi de Mam\u00e3o Boi de inclus\u00e3o &#8211; Para Crian\u00e7as\u201d, da\u00a0Manuscritos\u00a0editora.\u00a0<\/p>\n\n\n\n<p>A atividade foi marcada pela valoriza\u00e7\u00e3o da cultura popular e pelo foco na inclus\u00e3o, aproximando o\u00a0p\u00fablico\u00a0de diferentes hist\u00f3rias e manifesta\u00e7\u00f5es art\u00edsticas.<\/p>\n\n\n\n<p> A a\u00e7\u00e3o refor\u00e7ou\u00a0a import\u00e2ncia de preservar tradi\u00e7\u00f5es, promover a diversidade e mostrar que o folclore \u00e9 um instrumento de aprendizado e integra\u00e7\u00e3o dentro da\u00a0literatura.\u00a0\u00a0<\/p>\n\n\n\n<figure class=\"wp-block-image size-large\"><img width=\"1024\" height=\"683\" src=\"https:\/\/vimagazine.com.br\/wp-content\/uploads\/2025\/12\/IMG_9155-1024x683.jpeg\" alt=\"\" class=\"wp-image-21287\" srcset=\"https:\/\/vimagazine.com.br\/wp-content\/uploads\/2025\/12\/IMG_9155-1024x683.jpeg 1024w, https:\/\/vimagazine.com.br\/wp-content\/uploads\/2025\/12\/IMG_9155-300x200.jpeg 300w, https:\/\/vimagazine.com.br\/wp-content\/uploads\/2025\/12\/IMG_9155-768x512.jpeg 768w, https:\/\/vimagazine.com.br\/wp-content\/uploads\/2025\/12\/IMG_9155-1536x1024.jpeg 1536w, https:\/\/vimagazine.com.br\/wp-content\/uploads\/2025\/12\/IMG_9155.jpeg 1920w\" sizes=\"(max-width: 1024px) 100vw, 1024px\" \/><\/figure>\n\n\n\n<p>Na parte da tarde, aconteceram palestras com:\u00a0Carlos Dalla Stella,\u00a0com Arthur Menezes,\u00a0apresenta\u00e7\u00e3o\u00a0do espet\u00e1culo: \u201cO \u00faltimo dia de um condenado\u201d dirigido por Mauro\u00a0Schames\u00a0estrelado por S\u00e9rgio Fabi,\u00a0e conversa\u00a0com o diretor, mesa\u00a0redonda\u00a0com o tema: \u201cLivros\u00a0Infantis\u201d\u00a0com\u00a0ChicoLam,\u00a0palestra: \u201cliteratura no\u00a0Cinema\u201d com Rodrigo Fran\u00e7a, al\u00e9m as apresenta\u00e7\u00f5es musicais de\u00a0kako\u00a0de oliveira e banda, com interven\u00e7\u00e3o\u00a0emocionante\u00a0do Grupo de Dan\u00e7a 255,\u00a0performance do ator Jo\u00e3o Fran\u00e7a, apresenta\u00e7\u00e3o de dan\u00e7a contempor\u00e2nea com Paulo\u00a0Mont\u00f3rio\u00a0e\u00a0Isabella Silva, al\u00e9m de Rima Ac\u00fastica, \u00a0entre Amazona MC e o grupo Seiva\u00a0e tamb\u00e9m performance da Companhia de Dan\u00e7a Fernando Lima, encerrando a programa\u00e7\u00e3o com o\u00a0Ballroom Liter\u00e1rio.\u00a0<\/p>\n\n\n\n<figure class=\"wp-block-image size-large\"><img width=\"1024\" height=\"683\" src=\"https:\/\/vimagazine.com.br\/wp-content\/uploads\/2025\/12\/IMG_9166-1024x683.jpeg\" alt=\"\" class=\"wp-image-21288\" srcset=\"https:\/\/vimagazine.com.br\/wp-content\/uploads\/2025\/12\/IMG_9166-1024x683.jpeg 1024w, https:\/\/vimagazine.com.br\/wp-content\/uploads\/2025\/12\/IMG_9166-300x200.jpeg 300w, https:\/\/vimagazine.com.br\/wp-content\/uploads\/2025\/12\/IMG_9166-768x512.jpeg 768w, https:\/\/vimagazine.com.br\/wp-content\/uploads\/2025\/12\/IMG_9166-1536x1024.jpeg 1536w, https:\/\/vimagazine.com.br\/wp-content\/uploads\/2025\/12\/IMG_9166.jpeg 1920w\" sizes=\"(max-width: 1024px) 100vw, 1024px\" \/><\/figure>\n\n\n\n<p>No domingo,\u00a0\u00faltimo\u00a0dia da Festa liter\u00e1ria de\u00a0Joinville,\u00a0palestras e lan\u00e7amentos de livros\u00a0foram os destaques.<\/p>\n\n\n\n<p>\u00a0A presidente da Funda\u00e7\u00e3o Catarinense de Cultura (FCC),\u00a0Maria Teresinha\u00a0Debatin, veio especialmente de Florian\u00f3polis, para lan\u00e7ar seu livro\u00a0\u201cTr\u00eas Reis e Um Mago\u201d. <\/p>\n\n\n\n<p>A programa\u00e7\u00e3o seguiu com muita m\u00fasica e dan\u00e7a,\u00a0a cantora\u00a0Rafaela Antonioli fez um lindo \u00a0tributo a Clara Nunes, com performance do Grupo de dan\u00e7a Fernando Lima, teve palestra com o tema: \u201cLiteratura na M\u00fasica\u201d com Jesus\u00a0Lumma,\u00a0Djs, continuidade e finaliza\u00e7\u00e3o da arte na parede pelos artistas visuais:\u00a0Bilbo, Fox\u00a0Malinoski,\u00a0Tassy,\u00a0Guime\u00a0e Paulo Agostini,\u00a0apresenta\u00e7\u00e3o musical com Quarteto Revoada e tamb\u00e9m do grupo Sindicato do Groove, com participa\u00e7\u00f5es\u00a0especiais\u00a0da cantora e compositora Mari\u00e1\u00a0Mond\u00a0e Amazona MC\u00a0<\/p>\n\n\n\n<figure class=\"wp-block-image size-large\"><img width=\"819\" height=\"1024\" src=\"https:\/\/vimagazine.com.br\/wp-content\/uploads\/2025\/12\/IMG_9159-819x1024.jpeg\" alt=\"\" class=\"wp-image-21289\" srcset=\"https:\/\/vimagazine.com.br\/wp-content\/uploads\/2025\/12\/IMG_9159-819x1024.jpeg 819w, https:\/\/vimagazine.com.br\/wp-content\/uploads\/2025\/12\/IMG_9159-240x300.jpeg 240w, https:\/\/vimagazine.com.br\/wp-content\/uploads\/2025\/12\/IMG_9159-768x960.jpeg 768w, https:\/\/vimagazine.com.br\/wp-content\/uploads\/2025\/12\/IMG_9159-1229x1536.jpeg 1229w, https:\/\/vimagazine.com.br\/wp-content\/uploads\/2025\/12\/IMG_9159-1024x1280.jpeg 1024w, https:\/\/vimagazine.com.br\/wp-content\/uploads\/2025\/12\/IMG_9159.jpeg 1536w\" sizes=\"(max-width: 819px) 100vw, 819px\" \/><\/figure>\n\n\n\n<p>\u2002\u2002\u2002\u2002Uma primeira edi\u00e7\u00e3o hist\u00f3rica, um evento que a partir de agora faz parte do calend\u00e1rio cultural de Joinville,&nbsp;reafirmando&nbsp;a import\u00e2ncia da literatura em todos os seus suportes,&nbsp;da oralidade aos impressos, do digital aos formatos h\u00edbridos e perform\u00e1ticos, como o teatro, o cinema, a poesia e a dan\u00e7a, uma celebra\u00e7\u00e3o da literatura.&nbsp;&nbsp;<\/p>\n\n\n\n<p><strong>Mais informa\u00e7\u00f5es nas redes sociais e canais oficiais da FLIJ<\/strong>:&nbsp; @festaliterariadejoinville&nbsp;<\/p>\n\n\n\n<p><strong>Dom Comunica &#8211; assessoria de comunica\u00e7\u00e3o&nbsp;<\/strong><\/p>\n\n\n\n<p><strong>Telefone:<\/strong>&nbsp;47 99612 3517&nbsp;&nbsp;<\/p>\n\n\n\n<p><strong>E-mail:&nbsp;<\/strong><a href=\"mailto:rodrigocomunica@hotmail.com\" target=\"_blank\" rel=\"noreferrer noopener\">rodrigocomunica@hotmail.com<\/a><a href=\"mailto:rodrigo@domcomunica.com.br\" target=\"_blank\" rel=\"noreferrer noopener\">rodrigo@domcomunica.com.br<\/a><\/p>\n\n\n\n<p><strong>Instagram:<\/strong>&nbsp;@domcomunica&nbsp;<\/p>\n","protected":false},"excerpt":{"rendered":"<p>Evento&nbsp;aconteceu no&nbsp;\u00faltimo&nbsp;final de semana&nbsp;no&nbsp;Saltare&nbsp;Centro de Dan\u00e7a&nbsp;em Joinville, com a presen\u00e7a de grandes nomes do cen\u00e1rio&#8230;<\/p>\n","protected":false},"author":3,"featured_media":21284,"comment_status":"closed","ping_status":"open","sticky":false,"template":"","format":"standard","meta":{"om_disable_all_campaigns":false,"_monsterinsights_skip_tracking":false,"_monsterinsights_sitenote_active":false,"_monsterinsights_sitenote_note":"","_monsterinsights_sitenote_category":0,"spay_email":""},"categories":[1],"tags":[],"jetpack_featured_media_url":"https:\/\/vimagazine.com.br\/wp-content\/uploads\/2025\/12\/IMG_9168-e1765369163857.jpeg","_links":{"self":[{"href":"https:\/\/vimagazine.com.br\/index.php?rest_route=\/wp\/v2\/posts\/21283"}],"collection":[{"href":"https:\/\/vimagazine.com.br\/index.php?rest_route=\/wp\/v2\/posts"}],"about":[{"href":"https:\/\/vimagazine.com.br\/index.php?rest_route=\/wp\/v2\/types\/post"}],"author":[{"embeddable":true,"href":"https:\/\/vimagazine.com.br\/index.php?rest_route=\/wp\/v2\/users\/3"}],"replies":[{"embeddable":true,"href":"https:\/\/vimagazine.com.br\/index.php?rest_route=%2Fwp%2Fv2%2Fcomments&post=21283"}],"version-history":[{"count":1,"href":"https:\/\/vimagazine.com.br\/index.php?rest_route=\/wp\/v2\/posts\/21283\/revisions"}],"predecessor-version":[{"id":21290,"href":"https:\/\/vimagazine.com.br\/index.php?rest_route=\/wp\/v2\/posts\/21283\/revisions\/21290"}],"wp:featuredmedia":[{"embeddable":true,"href":"https:\/\/vimagazine.com.br\/index.php?rest_route=\/wp\/v2\/media\/21284"}],"wp:attachment":[{"href":"https:\/\/vimagazine.com.br\/index.php?rest_route=%2Fwp%2Fv2%2Fmedia&parent=21283"}],"wp:term":[{"taxonomy":"category","embeddable":true,"href":"https:\/\/vimagazine.com.br\/index.php?rest_route=%2Fwp%2Fv2%2Fcategories&post=21283"},{"taxonomy":"post_tag","embeddable":true,"href":"https:\/\/vimagazine.com.br\/index.php?rest_route=%2Fwp%2Fv2%2Ftags&post=21283"}],"curies":[{"name":"wp","href":"https:\/\/api.w.org\/{rel}","templated":true}]}}